{"id":9870,"date":"2012-04-25T18:09:36","date_gmt":"2012-04-25T21:09:36","guid":{"rendered":"http:\/\/www.ultramotors.com.br\/?p=9870"},"modified":"2012-05-14T19:07:00","modified_gmt":"2012-05-14T22:07:00","slug":"honda-apresenta-o-novo-city-2013-a-partir-de-r-53-62000","status":"publish","type":"post","link":"https:\/\/br.ultramotors.org\/seminovos\/blog\/honda-apresenta-o-novo-city-2013-a-partir-de-r-53-62000\/","title":{"rendered":"Honda apresenta o novo City 2013 a partir de R$ 53.620,00"},"content":{"rendered":"<p>A Honda Brasil apresentou a linha 2013 do seu sedan compacto Honda City. Entre as novidades est\u00e3o os novos para-choques, nova grade frontal, novos far\u00f3is, lanternas traseiras redesenhadas e alguns novos itens de s\u00e9rie.<\/p>\n<p>Apesar de seu elevado pre\u00e7o para um sedan compacto o modelo foi l\u00edder absoluto do segmento nos \u00faltimos tr\u00eas anos, foram mais de 76 mil unidades comercializadas, o que prova que o carro definitivamente caiu no gosto do consumidor brasileiro, no entanto, vale ressaltar que com a chegada do Chevrolet Cobalt o reinado do Honda City parece ter chegado ao fim, no primeiro semestre de 2012 o City vendeu 3.773 unidades com uma participa\u00e7\u00e3o de 12,05% enquanto o Cobalt registrou 15.626 e participa\u00e7\u00e3o de 49,92% no segmento.<\/p>\n\n\t\t<style type=\"text\/css\">\n\t\t\t#gallery-1 {\n\t\t\t\tmargin: auto;\n\t\t\t}\n\t\t\t#gallery-1 .gallery-item {\n\t\t\t\tfloat: left;\n\t\t\t\tmargin-top: 10px;\n\t\t\t\ttext-align: center;\n\t\t\t\twidth: 12%;\n\t\t\t}\n\t\t\t#gallery-1 img {\n\t\t\t\tborder: 2px solid #cfcfcf;\n\t\t\t}\n\t\t\t#gallery-1 .gallery-caption {\n\t\t\t\tmargin-left: 0;\n\t\t\t}\n\t\t\t\/* see gallery_shortcode() in wp-includes\/media.php *\/\n\t\t<\/style>\n\t\t<div id='gallery-1' class='gallery galleryid-9870 gallery-columns-8 gallery-size-thumbnail'><dl class='gallery-item'>\n\t\t\t<dt class='gallery-icon landscape'>\n\t\t\t\t<a href='https:\/\/br.ultramotors.org\/seminovos\/blog\/honda-apresenta-o-novo-city-2013-a-partir-de-r-53-62000\/attachment\/3r0g2821-b\/'><img loading=\"lazy\" decoding=\"async\" width=\"50\" height=\"50\" src=\"https:\/\/br.ultramotors.org\/seminovos\/wp-content\/uploads\/2012\/04\/3R0G2821-b-50x50.jpg\" class=\"attachment-thumbnail size-thumbnail\" alt=\"Honda City linha 2013 far\u00f3is\" srcset=\"https:\/\/br.ultramotors.org\/seminovos\/wp-content\/uploads\/2012\/04\/3R0G2821-b-50x50.jpg 50w, https:\/\/br.ultramotors.org\/seminovos\/wp-content\/uploads\/2012\/04\/3R0G2821-b-75x75.jpg 75w, https:\/\/br.ultramotors.org\/seminovos\/wp-content\/uploads\/2012\/04\/3R0G2821-b-100x100.jpg 100w, https:\/\/br.ultramotors.org\/seminovos\/wp-content\/uploads\/2012\/04\/3R0G2821-b-250x250.jpg 250w\" sizes=\"auto, (max-width: 50px) 100vw, 50px\" title=\"\"><\/a>\n\t\t\t<\/dt><\/dl><dl class='gallery-item'>\n\t\t\t<dt class='gallery-icon landscape'>\n\t\t\t\t<a href='https:\/\/br.ultramotors.org\/seminovos\/blog\/honda-apresenta-o-novo-city-2013-a-partir-de-r-53-62000\/attachment\/3r0g2211-c\/'><img loading=\"lazy\" decoding=\"async\" width=\"50\" height=\"50\" src=\"https:\/\/br.ultramotors.org\/seminovos\/wp-content\/uploads\/2012\/04\/3R0G2211-c-50x50.jpg\" class=\"attachment-thumbnail size-thumbnail\" alt=\"Honda City linha 2013 prata, rodas\" srcset=\"https:\/\/br.ultramotors.org\/seminovos\/wp-content\/uploads\/2012\/04\/3R0G2211-c-50x50.jpg 50w, https:\/\/br.ultramotors.org\/seminovos\/wp-content\/uploads\/2012\/04\/3R0G2211-c-75x75.jpg 75w, https:\/\/br.ultramotors.org\/seminovos\/wp-content\/uploads\/2012\/04\/3R0G2211-c-100x100.jpg 100w, https:\/\/br.ultramotors.org\/seminovos\/wp-content\/uploads\/2012\/04\/3R0G2211-c-250x250.jpg 250w\" sizes=\"auto, (max-width: 50px) 100vw, 50px\" title=\"\"><\/a>\n\t\t\t<\/dt><\/dl><dl class='gallery-item'>\n\t\t\t<dt class='gallery-icon landscape'>\n\t\t\t\t<a href='https:\/\/br.ultramotors.org\/seminovos\/blog\/honda-apresenta-o-novo-city-2013-a-partir-de-r-53-62000\/attachment\/3r0g2066-c\/'><img loading=\"lazy\" decoding=\"async\" width=\"50\" height=\"50\" src=\"https:\/\/br.ultramotors.org\/seminovos\/wp-content\/uploads\/2012\/04\/3R0G2066-c-50x50.jpg\" class=\"attachment-thumbnail size-thumbnail\" alt=\"Honda City 2013 destaque da frente\" srcset=\"https:\/\/br.ultramotors.org\/seminovos\/wp-content\/uploads\/2012\/04\/3R0G2066-c-50x50.jpg 50w, https:\/\/br.ultramotors.org\/seminovos\/wp-content\/uploads\/2012\/04\/3R0G2066-c-150x150.jpg 150w, https:\/\/br.ultramotors.org\/seminovos\/wp-content\/uploads\/2012\/04\/3R0G2066-c-600x600.jpg 600w, https:\/\/br.ultramotors.org\/seminovos\/wp-content\/uploads\/2012\/04\/3R0G2066-c-100x100.jpg 100w, https:\/\/br.ultramotors.org\/seminovos\/wp-content\/uploads\/2012\/04\/3R0G2066-c-75x75.jpg 75w, https:\/\/br.ultramotors.org\/seminovos\/wp-content\/uploads\/2012\/04\/3R0G2066-c-250x250.jpg 250w, https:\/\/br.ultramotors.org\/seminovos\/wp-content\/uploads\/2012\/04\/3R0G2066-c.jpg 800w\" sizes=\"auto, (max-width: 50px) 100vw, 50px\" title=\"\"><\/a>\n\t\t\t<\/dt><\/dl><dl class='gallery-item'>\n\t\t\t<dt class='gallery-icon landscape'>\n\t\t\t\t<a href='https:\/\/br.ultramotors.org\/seminovos\/blog\/honda-apresenta-o-novo-city-2013-a-partir-de-r-53-62000\/attachment\/3r0g2382-cc\/'><img loading=\"lazy\" decoding=\"async\" width=\"50\" height=\"50\" src=\"https:\/\/br.ultramotors.org\/seminovos\/wp-content\/uploads\/2012\/04\/3R0G2382-cc-50x50.jpg\" class=\"attachment-thumbnail size-thumbnail\" alt=\"Honda City linha 2013 lateral\" srcset=\"https:\/\/br.ultramotors.org\/seminovos\/wp-content\/uploads\/2012\/04\/3R0G2382-cc-50x50.jpg 50w, https:\/\/br.ultramotors.org\/seminovos\/wp-content\/uploads\/2012\/04\/3R0G2382-cc-75x75.jpg 75w, https:\/\/br.ultramotors.org\/seminovos\/wp-content\/uploads\/2012\/04\/3R0G2382-cc-100x100.jpg 100w, https:\/\/br.ultramotors.org\/seminovos\/wp-content\/uploads\/2012\/04\/3R0G2382-cc-250x250.jpg 250w\" sizes=\"auto, (max-width: 50px) 100vw, 50px\" title=\"\"><\/a>\n\t\t\t<\/dt><\/dl><dl class='gallery-item'>\n\t\t\t<dt class='gallery-icon landscape'>\n\t\t\t\t<a href='https:\/\/br.ultramotors.org\/seminovos\/blog\/honda-apresenta-o-novo-city-2013-a-partir-de-r-53-62000\/attachment\/3r0g1910-c\/'><img loading=\"lazy\" decoding=\"async\" width=\"50\" height=\"50\" src=\"https:\/\/br.ultramotors.org\/seminovos\/wp-content\/uploads\/2012\/04\/3R0G1910-c-50x50.jpg\" class=\"attachment-thumbnail size-thumbnail\" alt=\"Honda City linha 2013 rodando\" srcset=\"https:\/\/br.ultramotors.org\/seminovos\/wp-content\/uploads\/2012\/04\/3R0G1910-c-50x50.jpg 50w, https:\/\/br.ultramotors.org\/seminovos\/wp-content\/uploads\/2012\/04\/3R0G1910-c-75x75.jpg 75w, https:\/\/br.ultramotors.org\/seminovos\/wp-content\/uploads\/2012\/04\/3R0G1910-c-100x100.jpg 100w, https:\/\/br.ultramotors.org\/seminovos\/wp-content\/uploads\/2012\/04\/3R0G1910-c-250x250.jpg 250w\" sizes=\"auto, (max-width: 50px) 100vw, 50px\" title=\"\"><\/a>\n\t\t\t<\/dt><\/dl><dl class='gallery-item'>\n\t\t\t<dt class='gallery-icon portrait'>\n\t\t\t\t<a href='https:\/\/br.ultramotors.org\/seminovos\/blog\/honda-apresenta-o-novo-city-2013-a-partir-de-r-53-62000\/attachment\/3r0g1654-b\/'><img loading=\"lazy\" decoding=\"async\" width=\"50\" height=\"50\" src=\"https:\/\/br.ultramotors.org\/seminovos\/wp-content\/uploads\/2012\/04\/3R0G1654-b-50x50.jpg\" class=\"attachment-thumbnail size-thumbnail\" alt=\"Honda City linha 2013, foto do c\u00e2mbio\" srcset=\"https:\/\/br.ultramotors.org\/seminovos\/wp-content\/uploads\/2012\/04\/3R0G1654-b-50x50.jpg 50w, https:\/\/br.ultramotors.org\/seminovos\/wp-content\/uploads\/2012\/04\/3R0G1654-b-75x75.jpg 75w, https:\/\/br.ultramotors.org\/seminovos\/wp-content\/uploads\/2012\/04\/3R0G1654-b-100x100.jpg 100w, https:\/\/br.ultramotors.org\/seminovos\/wp-content\/uploads\/2012\/04\/3R0G1654-b-250x250.jpg 250w\" sizes=\"auto, (max-width: 50px) 100vw, 50px\" title=\"\"><\/a>\n\t\t\t<\/dt><\/dl><dl class='gallery-item'>\n\t\t\t<dt class='gallery-icon landscape'>\n\t\t\t\t<a href='https:\/\/br.ultramotors.org\/seminovos\/blog\/honda-apresenta-o-novo-city-2013-a-partir-de-r-53-62000\/attachment\/3r0g1462-b\/'><img loading=\"lazy\" decoding=\"async\" width=\"50\" height=\"50\" src=\"https:\/\/br.ultramotors.org\/seminovos\/wp-content\/uploads\/2012\/04\/3R0G1462-b-50x50.jpg\" class=\"attachment-thumbnail size-thumbnail\" alt=\"Honda City linha 2013, foto do interior\" srcset=\"https:\/\/br.ultramotors.org\/seminovos\/wp-content\/uploads\/2012\/04\/3R0G1462-b-50x50.jpg 50w, https:\/\/br.ultramotors.org\/seminovos\/wp-content\/uploads\/2012\/04\/3R0G1462-b-75x75.jpg 75w, https:\/\/br.ultramotors.org\/seminovos\/wp-content\/uploads\/2012\/04\/3R0G1462-b-100x100.jpg 100w, https:\/\/br.ultramotors.org\/seminovos\/wp-content\/uploads\/2012\/04\/3R0G1462-b-250x250.jpg 250w\" sizes=\"auto, (max-width: 50px) 100vw, 50px\" title=\"\"><\/a>\n\t\t\t<\/dt><\/dl><dl class='gallery-item'>\n\t\t\t<dt class='gallery-icon landscape'>\n\t\t\t\t<a href='https:\/\/br.ultramotors.org\/seminovos\/blog\/honda-apresenta-o-novo-city-2013-a-partir-de-r-53-62000\/attachment\/3r0g1446-b\/'><img loading=\"lazy\" decoding=\"async\" width=\"50\" height=\"50\" src=\"https:\/\/br.ultramotors.org\/seminovos\/wp-content\/uploads\/2012\/04\/3R0G1446-b-50x50.jpg\" class=\"attachment-thumbnail size-thumbnail\" alt=\"Honda City linha 2013, foto da nova grade frontal\" srcset=\"https:\/\/br.ultramotors.org\/seminovos\/wp-content\/uploads\/2012\/04\/3R0G1446-b-50x50.jpg 50w, https:\/\/br.ultramotors.org\/seminovos\/wp-content\/uploads\/2012\/04\/3R0G1446-b-75x75.jpg 75w, https:\/\/br.ultramotors.org\/seminovos\/wp-content\/uploads\/2012\/04\/3R0G1446-b-100x100.jpg 100w, https:\/\/br.ultramotors.org\/seminovos\/wp-content\/uploads\/2012\/04\/3R0G1446-b-250x250.jpg 250w\" sizes=\"auto, (max-width: 50px) 100vw, 50px\" title=\"\"><\/a>\n\t\t\t<\/dt><\/dl><br style=\"clear: both\" \/><dl class='gallery-item'>\n\t\t\t<dt class='gallery-icon landscape'>\n\t\t\t\t<a href='https:\/\/br.ultramotors.org\/seminovos\/blog\/honda-apresenta-o-novo-city-2013-a-partir-de-r-53-62000\/attachment\/3r0g1327-b\/'><img loading=\"lazy\" decoding=\"async\" width=\"50\" height=\"50\" src=\"https:\/\/br.ultramotors.org\/seminovos\/wp-content\/uploads\/2012\/04\/3R0G1327-b-50x50.jpg\" class=\"attachment-thumbnail size-thumbnail\" alt=\"Honda City linha 2013, foto da lanterna traseira\" srcset=\"https:\/\/br.ultramotors.org\/seminovos\/wp-content\/uploads\/2012\/04\/3R0G1327-b-50x50.jpg 50w, https:\/\/br.ultramotors.org\/seminovos\/wp-content\/uploads\/2012\/04\/3R0G1327-b-75x75.jpg 75w, https:\/\/br.ultramotors.org\/seminovos\/wp-content\/uploads\/2012\/04\/3R0G1327-b-100x100.jpg 100w, https:\/\/br.ultramotors.org\/seminovos\/wp-content\/uploads\/2012\/04\/3R0G1327-b-250x250.jpg 250w\" sizes=\"auto, (max-width: 50px) 100vw, 50px\" title=\"\"><\/a>\n\t\t\t<\/dt><\/dl><dl class='gallery-item'>\n\t\t\t<dt class='gallery-icon landscape'>\n\t\t\t\t<a href='https:\/\/br.ultramotors.org\/seminovos\/blog\/honda-apresenta-o-novo-city-2013-a-partir-de-r-53-62000\/attachment\/3r0g1079\/'><img loading=\"lazy\" decoding=\"async\" width=\"50\" height=\"50\" src=\"https:\/\/br.ultramotors.org\/seminovos\/wp-content\/uploads\/2012\/04\/3R0G1079-50x50.jpg\" class=\"attachment-thumbnail size-thumbnail\" alt=\"Honda City linha 2013 traseira\" srcset=\"https:\/\/br.ultramotors.org\/seminovos\/wp-content\/uploads\/2012\/04\/3R0G1079-50x50.jpg 50w, https:\/\/br.ultramotors.org\/seminovos\/wp-content\/uploads\/2012\/04\/3R0G1079-75x75.jpg 75w, https:\/\/br.ultramotors.org\/seminovos\/wp-content\/uploads\/2012\/04\/3R0G1079-100x100.jpg 100w, https:\/\/br.ultramotors.org\/seminovos\/wp-content\/uploads\/2012\/04\/3R0G1079-250x250.jpg 250w\" sizes=\"auto, (max-width: 50px) 100vw, 50px\" title=\"\"><\/a>\n\t\t\t<\/dt><\/dl><dl class='gallery-item'>\n\t\t\t<dt class='gallery-icon landscape'>\n\t\t\t\t<a href='https:\/\/br.ultramotors.org\/seminovos\/blog\/honda-apresenta-o-novo-city-2013-a-partir-de-r-53-62000\/attachment\/3r0g1204-city-novo\/'><img loading=\"lazy\" decoding=\"async\" width=\"50\" height=\"50\" src=\"https:\/\/br.ultramotors.org\/seminovos\/wp-content\/uploads\/2012\/04\/3R0G1204-CITY-NOVO-50x50.jpg\" class=\"attachment-thumbnail size-thumbnail\" alt=\"Honda City linha 2013, foto do para-choque e traseira\" srcset=\"https:\/\/br.ultramotors.org\/seminovos\/wp-content\/uploads\/2012\/04\/3R0G1204-CITY-NOVO-50x50.jpg 50w, https:\/\/br.ultramotors.org\/seminovos\/wp-content\/uploads\/2012\/04\/3R0G1204-CITY-NOVO-75x75.jpg 75w, https:\/\/br.ultramotors.org\/seminovos\/wp-content\/uploads\/2012\/04\/3R0G1204-CITY-NOVO-100x100.jpg 100w, https:\/\/br.ultramotors.org\/seminovos\/wp-content\/uploads\/2012\/04\/3R0G1204-CITY-NOVO-250x250.jpg 250w\" sizes=\"auto, (max-width: 50px) 100vw, 50px\" title=\"\"><\/a>\n\t\t\t<\/dt><\/dl><dl class='gallery-item'>\n\t\t\t<dt class='gallery-icon landscape'>\n\t\t\t\t<a href='https:\/\/br.ultramotors.org\/seminovos\/blog\/honda-apresenta-o-novo-city-2013-a-partir-de-r-53-62000\/attachment\/3r0g1184\/'><img loading=\"lazy\" decoding=\"async\" width=\"50\" height=\"50\" src=\"https:\/\/br.ultramotors.org\/seminovos\/wp-content\/uploads\/2012\/04\/3R0G1184-50x50.jpg\" class=\"attachment-thumbnail size-thumbnail\" alt=\"Honda City linha 2013, foto da frente com novo para-choque\" srcset=\"https:\/\/br.ultramotors.org\/seminovos\/wp-content\/uploads\/2012\/04\/3R0G1184-50x50.jpg 50w, https:\/\/br.ultramotors.org\/seminovos\/wp-content\/uploads\/2012\/04\/3R0G1184-75x75.jpg 75w, https:\/\/br.ultramotors.org\/seminovos\/wp-content\/uploads\/2012\/04\/3R0G1184-100x100.jpg 100w, https:\/\/br.ultramotors.org\/seminovos\/wp-content\/uploads\/2012\/04\/3R0G1184-250x250.jpg 250w\" sizes=\"auto, (max-width: 50px) 100vw, 50px\" title=\"\"><\/a>\n\t\t\t<\/dt><\/dl><dl class='gallery-item'>\n\t\t\t<dt class='gallery-icon landscape'>\n\t\t\t\t<a href='https:\/\/br.ultramotors.org\/seminovos\/blog\/honda-apresenta-o-novo-city-2013-a-partir-de-r-53-62000\/attachment\/3r0g1116\/'><img loading=\"lazy\" decoding=\"async\" width=\"50\" height=\"50\" src=\"https:\/\/br.ultramotors.org\/seminovos\/wp-content\/uploads\/2012\/04\/3R0G1116-50x50.jpg\" class=\"attachment-thumbnail size-thumbnail\" alt=\"Honda City 2013 linha 2013 frente\" srcset=\"https:\/\/br.ultramotors.org\/seminovos\/wp-content\/uploads\/2012\/04\/3R0G1116-50x50.jpg 50w, https:\/\/br.ultramotors.org\/seminovos\/wp-content\/uploads\/2012\/04\/3R0G1116-75x75.jpg 75w, https:\/\/br.ultramotors.org\/seminovos\/wp-content\/uploads\/2012\/04\/3R0G1116-100x100.jpg 100w, https:\/\/br.ultramotors.org\/seminovos\/wp-content\/uploads\/2012\/04\/3R0G1116-250x250.jpg 250w\" sizes=\"auto, (max-width: 50px) 100vw, 50px\" title=\"\"><\/a>\n\t\t\t<\/dt><\/dl>\n\t\t\t<br style='clear: both' \/>\n\t\t<\/div>\n\n<p>A partir de agora o modelo ser\u00e1 disponibilizado em cinco vers\u00f5es: DX (MT), LX (MT\/AT) e EX (MT\/AT), sendo que as vers\u00f5es LX e EX receberam como item de s\u00e9rie sensores de estacionamento. A vers\u00e3o LX apresenta ainda rodas de liga leve de 15 polegadas em novo desenho e novo sistema de freios. Na vers\u00e3o EX, al\u00e9m do novo visual das rodas aro 16, os bancos receberam revestimento em couro. Internamente, o ve\u00edculo disp\u00f5e em todas as vers\u00f5es de nova ilumina\u00e7\u00e3o em seu painel e novo conjunto de instrumentos.<\/p>\n<ul>\n<li>Outros\u00a0<a title=\"Lan\u00e7amentos da Honda \" href=\"http:\/\/www.ultramotors.com.br\/tag\/honda\/\" target=\"_blank\" rel=\"nofollow noopener\">lan\u00e7amentos da Honda\u00a0aqui<\/a>.<\/li>\n<\/ul>\n<p>Na vers\u00e3o EX foram incorporados dois novos itens: o Paddle-Shift, sistema que permite trocas de marcha manuais com o acionamento de aletas localizadas no volante, e o tweeter, componente que controla os sons mais agudos.<br \/>\nOutro item de destaque no novo City \u00e9 o painel blackout, que d\u00e1 acesso \u00e0s informa\u00e7\u00f5es claras e precisas sobre autonomia, consumo instant\u00e2neo, consumo m\u00e9dio, hod\u00f4metro parcial e hod\u00f4metro total. O modelo tamb\u00e9m possui sistema avan\u00e7ado de som com r\u00e1dio CD-Player (MP3\/WMA) e entrada auxiliar (P2\/USB). O ar condicionado digital \u00e9 encontrado na vers\u00e3o EX, e, manual, na DX e LX.<\/p>\n<p><strong>Motoriza\u00e7\u00e3o e dire\u00e7\u00e3o<\/strong><br \/>\nO motor i-VTEC Flex (Controle Eletr\u00f4nico Vari\u00e1vel de Sincroniza\u00e7\u00e3o e Abertura de V\u00e1lvulas) de 1.5l equipa todas as vers\u00f5es (DX, LX e EX). Com 115 cv a 6.000 rpm (gasolina) e 116 cv a 6.000 rpm (\u00e1lcool), o motor possui torque de 14,8 kgf.m a 4.800 rpm. Para uma resposta mais eficiente e precisa da dire\u00e7\u00e3o, o modelo conta com o EPS (Electric Power Steering), sistema de dire\u00e7\u00e3o eletricamente assistida, que o torna mais leve em baixas velocidades e firme em altas.<\/p>\n<p><strong>Seguran\u00e7a <\/strong><br \/>\nA seguran\u00e7a do condutor e passageiros do ve\u00edculo ganha prioridade na elabora\u00e7\u00e3o do projeto do novo modelo. Por esse motivo, a vers\u00e3o LX passa a vir equipada com o sistema de freios ABS e EBD (Electronic Brake Distribution), componente que dimensiona a press\u00e3o apropriada de cada roda em frenagens bruscas, evitando o travamento e mantendo a estabilidade do ve\u00edculo. A vers\u00e3o DX ter\u00e1 freios dianteiros a disco e traseiros a tambor.<\/p>\n<p>O novo City foi projetado com o Advanced Compatibility Engineering (ACE), que incorpora uma estrutura frontal interna para auxiliar na absor\u00e7\u00e3o e na dispers\u00e3o de impactos em uma grande \u00e1rea. O modelo ainda traz recursos anti-furto, sistema de abertura e fechamento das portas com alarme e imobilizador na chave e trava de seguran\u00e7a nas portas traseiras. Tanto o cap\u00f4 quanto as portas est\u00e3o protegidos para evitar o arrombamento.<\/p>\n<p>O Honda City 2013 ter\u00e1 tr\u00eas anos de garantia, sem limite de quilometragem, e estar\u00e1 dispon\u00edvel nas cores Branco Taffeta S\u00f3lido, Prata Global Met\u00e1lico, Cinza Paladium Met\u00e1lico, Cinza Iridium Met\u00e1lico, Gren\u00e1 Rubi Met\u00e1lico e Preto Cristal Perolizado.<\/p>\n<p><strong>Seus pre\u00e7os p\u00fablicos sugeridos s\u00e3o<\/strong>: para a vers\u00e3o DX (MT) R$ 53.620,00, para LX (MT) R$ 58.990,00, vers\u00e3o LX (AT) R$ 62.190,00 e para a top de linha EX (AT) R$ 66.855,00. OS valores s\u00e3o unificados para todas as regi\u00f5es do Brasil e com frete incluso. A vers\u00e3o EX (MT) ser\u00e1 produzida de acordo com demanda, portanto, seu pre\u00e7o p\u00fablico sugerido ser\u00e1 divulgado posteriormente.<\/p>\n<p><strong>V\u00eddeo do City 2013<\/strong><br \/>\n<iframe loading=\"lazy\" width=\"555\" height=\"315\" src=\"http:\/\/www.youtube.com\/embed\/PNDvQ6N3K04\" frameborder=\"0\" allowfullscreen><\/iframe><\/p>\n","protected":false},"excerpt":{"rendered":"<p>A Honda Brasil apresentou a linha 2013 do seu sedan compacto Honda City. Entre as novidades est\u00e3o os novos para-choques, nova grade frontal, novos far\u00f3is, lanternas traseiras redesenhadas e alguns novos itens de s\u00e9rie. Apesar de seu elevado pre\u00e7o para um sedan compacto o modelo foi l\u00edder absoluto do segmento nos \u00faltimos tr\u00eas anos, foram [&hellip;]<\/p>\n","protected":false},"author":1,"featured_media":9895,"comment_status":"open","ping_status":"open","sticky":false,"template":"","format":"standard","meta":{"footnotes":""},"categories":[1],"tags":[],"class_list":["post-9870","post","type-post","status-publish","format-standard","has-post-thumbnail","hentry","category-blog"],"_links":{"self":[{"href":"https:\/\/br.ultramotors.org\/seminovos\/wp-json\/wp\/v2\/posts\/9870","targetHints":{"allow":["GET"]}}],"collection":[{"href":"https:\/\/br.ultramotors.org\/seminovos\/wp-json\/wp\/v2\/posts"}],"about":[{"href":"https:\/\/br.ultramotors.org\/seminovos\/wp-json\/wp\/v2\/types\/post"}],"author":[{"embeddable":true,"href":"https:\/\/br.ultramotors.org\/seminovos\/wp-json\/wp\/v2\/users\/1"}],"replies":[{"embeddable":true,"href":"https:\/\/br.ultramotors.org\/seminovos\/wp-json\/wp\/v2\/comments?post=9870"}],"version-history":[{"count":0,"href":"https:\/\/br.ultramotors.org\/seminovos\/wp-json\/wp\/v2\/posts\/9870\/revisions"}],"wp:featuredmedia":[{"embeddable":true,"href":"https:\/\/br.ultramotors.org\/seminovos\/wp-json\/wp\/v2\/media\/9895"}],"wp:attachment":[{"href":"https:\/\/br.ultramotors.org\/seminovos\/wp-json\/wp\/v2\/media?parent=9870"}],"wp:term":[{"taxonomy":"category","embeddable":true,"href":"https:\/\/br.ultramotors.org\/seminovos\/wp-json\/wp\/v2\/categories?post=9870"},{"taxonomy":"post_tag","embeddable":true,"href":"https:\/\/br.ultramotors.org\/seminovos\/wp-json\/wp\/v2\/tags?post=9870"}],"curies":[{"name":"wp","href":"https:\/\/api.w.org\/{rel}","templated":true}]}}