{"id":970,"date":"2011-02-11T18:49:51","date_gmt":"2011-02-11T20:49:51","guid":{"rendered":"http:\/\/www.ultramotors.com.br\/?p=970"},"modified":"2011-02-11T18:49:51","modified_gmt":"2011-02-11T20:49:51","slug":"970top-10-finalistas-para-o-world-car-awards-2011-melhor-carro-do-ano","status":"publish","type":"post","link":"https:\/\/br.ultramotors.org\/seminovos\/blog\/970top-10-finalistas-para-o-world-car-awards-2011-melhor-carro-do-ano\/","title":{"rendered":"Top 10 finalistas para o World Car Awards 2011 &#8211; melhor carro do ano"},"content":{"rendered":"<p>Desde que foi inaugurado em 2003, e lan\u00e7ado em janeiro de 2004, uma organiza\u00e7\u00e3o sem fins lucrativos recruta um grupo de jornalistas para a escolha do melhor carro do ano  \u201cTop World Car of the Year\u201d, e com o an\u00fancio do vencedor acertado para acontecer no Geneva Motor Show no in\u00edcio do pr\u00f3ximo m\u00eas, a organiza\u00e7\u00e3o j\u00e1 divulgou a sua lista dos 10 finalistas.<\/p>\n<p>Para 2011, a lista de carros \u00e9 bastante diversificada e inclui os seguintes carros listados em ordem alfab\u00e9tica: Audi A1 e A8, BMW 5-Series e X3, Jaguar XJ, Jeep Grand Cherokee, Mercedes-Benz SLS, Nissan LEAF, Porsche Cayenne e o Volvo S60\/V60.<\/p>\n<p>A lista foi criada a partir de votos de 66 jornalistas automotivos internacionais, com base em suas experi\u00eancias pessoais com cada um dos ve\u00edculos durante as avalia\u00e7\u00f5es profissionais. A lista de jornalistas inclui membros da \u00c1sia, Europa, Am\u00e9rica do Norte e do Sul, bem como outras regi\u00f5es do mundo.<\/p>\n<p>Agora que a lista dos finalistas foi reduzida, os 66 jornalistas v\u00e3o votar novamente para determinar qual o carro ter\u00e1 a honra de ser o melhor em 2011. O vencedor ser\u00e1 anunciado em Genebra, em mar\u00e7o, mas o pr\u00eamio ser\u00e1 emitido no New York Auto Show, em abril.<\/p>\n<p>O vencedor do ano passado foi o Volkswagen Polo.<\/p>\n<p><strong>Carro do ano 2011 &#8211; Top 10:<\/strong><\/p>\n<h2>Audi A1 2011<\/h2>\n<p><img loading=\"lazy\" decoding=\"async\" class=\"aligncenter size-full wp-image-972\" title=\"AudiA12011\" src=\"http:\/\/www.ultramotors.com.br\/wp-content\/uploads\/2011\/02\/AudiA12011-e1297455304813.jpg\" alt=\"Audi A1 2011\" width=\"545\" height=\"385\" \/><\/p>\n<h2>Audi A8 2011<\/h2>\n<p><img loading=\"lazy\" decoding=\"async\" class=\"aligncenter size-full wp-image-973\" title=\"Audi A8 4.2 FSI quattro\/Standaufnahme\" src=\"http:\/\/www.ultramotors.com.br\/wp-content\/uploads\/2011\/02\/2011audia8006-e1297455495187.jpg\" alt=\"Audi A8 4.2 FSI quattro\/Standaufnahme\" width=\"545\" height=\"315\" \/><\/p>\n<h2>BMW 5-Series 2011<\/h2>\n<p><img loading=\"lazy\" decoding=\"async\" class=\"aligncenter size-full wp-image-974\" title=\"BMW 5-series\" src=\"http:\/\/www.ultramotors.com.br\/wp-content\/uploads\/2011\/02\/bmwp90053745highres-e1297455661517.jpg\" alt=\"BMW 5-series\" width=\"545\" height=\"363\" \/><\/p>\n<h2>BMW X3 2011<\/h2>\n<p><img loading=\"lazy\" decoding=\"async\" class=\"aligncenter size-full wp-image-975\" title=\"BMW X3\" src=\"http:\/\/www.ultramotors.com.br\/wp-content\/uploads\/2011\/02\/044-2011-bmw-x3-e1297455772836.jpg\" alt=\"BMW X3\" width=\"545\" height=\"363\" \/><\/p>\n<h2>Jaguar XJ 2011<\/h2>\n<p><img loading=\"lazy\" decoding=\"async\" class=\"aligncenter size-full wp-image-976\" title=\"jaguar-xj66\" src=\"http:\/\/www.ultramotors.com.br\/wp-content\/uploads\/2011\/02\/jaguar-xj66-e1297455953151.jpg\" alt=\"\" width=\"545\" height=\"396\"><\/p>\n<h2>Jeep Grand Cherokee 2011<\/h2>\n<p><img loading=\"lazy\" decoding=\"async\" class=\"aligncenter size-full wp-image-977\" title=\"Jeep Grand Cherokee\" src=\"http:\/\/www.ultramotors.com.br\/wp-content\/uploads\/2011\/02\/05-2011-jeep-chero-presstwo-e1297456051440.jpg\" alt=\"Jeep Grand Cherokee\" width=\"545\" height=\"376\" \/><\/p>\n<h2>Mercedes-Benz SLS 2011<\/h2>\n<p><img loading=\"lazy\" decoding=\"async\" class=\"aligncenter size-full wp-image-978\" title=\"Mercedes-Benz SLS\" src=\"http:\/\/www.ultramotors.com.br\/wp-content\/uploads\/2011\/02\/mb-sls-amg-gullwing-large16-e1297456139145.jpg\" alt=\"Mercedes-Benz SLS\" width=\"545\" height=\"363\" \/><\/p>\n<h2>Nissan LEAF 2011<\/h2>\n<p><img loading=\"lazy\" decoding=\"async\" class=\"aligncenter size-full wp-image-979\" title=\"Nissan LEAF\" src=\"http:\/\/www.ultramotors.com.br\/wp-content\/uploads\/2011\/02\/nissan-leafhi007-e1297456217590.jpg\" alt=\"Nissan LEAF\" width=\"545\" height=\"362\" \/><\/p>\n<h2>Porsche Cayenne 2011<\/h2>\n<p><img loading=\"lazy\" decoding=\"async\" class=\"aligncenter size-full wp-image-980\" title=\"Porsche Cayenne 2011\" src=\"http:\/\/www.ultramotors.com.br\/wp-content\/uploads\/2011\/02\/2011porschecayenneofficial000-e1297456317910.jpg\" alt=\"Porsche Cayenne 2011\" width=\"545\" height=\"392\" \/><\/p>\n<h2>Volvo S60\/V60 2011<\/h2>\n<p><img loading=\"lazy\" decoding=\"async\" class=\"aligncenter size-full wp-image-981\" title=\"Volvo S60\/V60\" src=\"http:\/\/www.ultramotors.com.br\/wp-content\/uploads\/2011\/02\/13-2011-volvo-s60-e1297456445784.jpg\" alt=\"Volvo S60\/V60 2011\" width=\"545\" height=\"408\" \/><\/p>\n","protected":false},"excerpt":{"rendered":"<p>Desde que foi inaugurado em 2003, e lan\u00e7ado em janeiro de 2004, uma organiza\u00e7\u00e3o sem fins lucrativos recruta um grupo de jornalistas para a escolha do melhor carro do ano \u201cTop World Car of the Year\u201d, e com o an\u00fancio do vencedor acertado para acontecer no Geneva Motor Show no in\u00edcio do pr\u00f3ximo m\u00eas, a [&hellip;]<\/p>\n","protected":false},"author":1,"featured_media":986,"comment_status":"open","ping_status":"open","sticky":false,"template":"","format":"standard","meta":{"footnotes":""},"categories":[1],"tags":[],"class_list":["post-970","post","type-post","status-publish","format-standard","has-post-thumbnail","hentry","category-blog"],"_links":{"self":[{"href":"https:\/\/br.ultramotors.org\/seminovos\/wp-json\/wp\/v2\/posts\/970","targetHints":{"allow":["GET"]}}],"collection":[{"href":"https:\/\/br.ultramotors.org\/seminovos\/wp-json\/wp\/v2\/posts"}],"about":[{"href":"https:\/\/br.ultramotors.org\/seminovos\/wp-json\/wp\/v2\/types\/post"}],"author":[{"embeddable":true,"href":"https:\/\/br.ultramotors.org\/seminovos\/wp-json\/wp\/v2\/users\/1"}],"replies":[{"embeddable":true,"href":"https:\/\/br.ultramotors.org\/seminovos\/wp-json\/wp\/v2\/comments?post=970"}],"version-history":[{"count":0,"href":"https:\/\/br.ultramotors.org\/seminovos\/wp-json\/wp\/v2\/posts\/970\/revisions"}],"wp:featuredmedia":[{"embeddable":true,"href":"https:\/\/br.ultramotors.org\/seminovos\/wp-json\/wp\/v2\/media\/986"}],"wp:attachment":[{"href":"https:\/\/br.ultramotors.org\/seminovos\/wp-json\/wp\/v2\/media?parent=970"}],"wp:term":[{"taxonomy":"category","embeddable":true,"href":"https:\/\/br.ultramotors.org\/seminovos\/wp-json\/wp\/v2\/categories?post=970"},{"taxonomy":"post_tag","embeddable":true,"href":"https:\/\/br.ultramotors.org\/seminovos\/wp-json\/wp\/v2\/tags?post=970"}],"curies":[{"name":"wp","href":"https:\/\/api.w.org\/{rel}","templated":true}]}}