{"id":9284,"date":"2012-03-29T04:47:43","date_gmt":"2012-03-29T07:47:43","guid":{"rendered":"http:\/\/www.ultramotors.com.br\/?p=9284"},"modified":"2012-04-30T10:12:34","modified_gmt":"2012-04-30T13:12:34","slug":"honda-apresenta-o-novo-fit-2013-fotos-preco-e-informacoes","status":"publish","type":"post","link":"https:\/\/br.ultramotors.org\/seminovos\/blog\/honda-apresenta-o-novo-fit-2013-fotos-preco-e-informacoes\/","title":{"rendered":"Honda apresenta o Novo Fit 2013 &#8211; Fotos, pre\u00e7o e informa\u00e7\u00f5es"},"content":{"rendered":"<p>O novo Fit 2013 j\u00e1 est\u00e1 dispon\u00edvel nas concession\u00e1rias da Honda em todo o pa\u00eds com novidades na parte externa e interna. A linha 2013 conta com o novo design dos paralamas dianteiros, parachoques dianteiro e traseiro, grade frontal e o conjunto de far\u00f3is. O carro tamb\u00e9m ganhou mais autonomia com a mudan\u00e7a na capacidade do tanque de combust\u00edvel ampliada para 47 litros, e as vers\u00f5es EX e EXL receberam sensores de estacionamento. Falando em vers\u00f5es, ser\u00e3o seis a partir deste ano: DX (MT), LX (MT e AT), EX (MT e AT), e EXL (AT).<\/p>\n\n\t\t<style type=\"text\/css\">\n\t\t\t#gallery-1 {\n\t\t\t\tmargin: auto;\n\t\t\t}\n\t\t\t#gallery-1 .gallery-item {\n\t\t\t\tfloat: left;\n\t\t\t\tmargin-top: 10px;\n\t\t\t\ttext-align: center;\n\t\t\t\twidth: 12%;\n\t\t\t}\n\t\t\t#gallery-1 img {\n\t\t\t\tborder: 2px solid #cfcfcf;\n\t\t\t}\n\t\t\t#gallery-1 .gallery-caption {\n\t\t\t\tmargin-left: 0;\n\t\t\t}\n\t\t\t\/* see gallery_shortcode() in wp-includes\/media.php *\/\n\t\t<\/style>\n\t\t<div id='gallery-1' class='gallery galleryid-9284 gallery-columns-8 gallery-size-thumbnail'><dl class='gallery-item'>\n\t\t\t<dt class='gallery-icon landscape'>\n\t\t\t\t<a href='https:\/\/br.ultramotors.org\/seminovos\/blog\/honda-apresenta-o-novo-fit-2013-fotos-preco-e-informacoes\/attachment\/rsz_3r0g0323_c\/'><img loading=\"lazy\" decoding=\"async\" width=\"50\" height=\"50\" src=\"https:\/\/br.ultramotors.org\/seminovos\/wp-content\/uploads\/2012\/03\/rsz_3r0g0323_c-50x50.jpg\" class=\"attachment-thumbnail size-thumbnail\" alt=\"Honda Fit linha 2013 interior\" srcset=\"https:\/\/br.ultramotors.org\/seminovos\/wp-content\/uploads\/2012\/03\/rsz_3r0g0323_c-50x50.jpg 50w, https:\/\/br.ultramotors.org\/seminovos\/wp-content\/uploads\/2012\/03\/rsz_3r0g0323_c-75x75.jpg 75w, https:\/\/br.ultramotors.org\/seminovos\/wp-content\/uploads\/2012\/03\/rsz_3r0g0323_c-100x100.jpg 100w, https:\/\/br.ultramotors.org\/seminovos\/wp-content\/uploads\/2012\/03\/rsz_3r0g0323_c-250x250.jpg 250w\" sizes=\"auto, (max-width: 50px) 100vw, 50px\" title=\"\"><\/a>\n\t\t\t<\/dt><\/dl><dl class='gallery-item'>\n\t\t\t<dt class='gallery-icon landscape'>\n\t\t\t\t<a href='https:\/\/br.ultramotors.org\/seminovos\/blog\/honda-apresenta-o-novo-fit-2013-fotos-preco-e-informacoes\/attachment\/rsz_3r0g0698_bc\/'><img loading=\"lazy\" decoding=\"async\" width=\"50\" height=\"50\" src=\"https:\/\/br.ultramotors.org\/seminovos\/wp-content\/uploads\/2012\/03\/rsz_3r0g0698_bc-50x50.jpg\" class=\"attachment-thumbnail size-thumbnail\" alt=\"Vers\u00f5es do Fit lado a lado\" srcset=\"https:\/\/br.ultramotors.org\/seminovos\/wp-content\/uploads\/2012\/03\/rsz_3r0g0698_bc-50x50.jpg 50w, https:\/\/br.ultramotors.org\/seminovos\/wp-content\/uploads\/2012\/03\/rsz_3r0g0698_bc-75x75.jpg 75w, https:\/\/br.ultramotors.org\/seminovos\/wp-content\/uploads\/2012\/03\/rsz_3r0g0698_bc-100x100.jpg 100w, https:\/\/br.ultramotors.org\/seminovos\/wp-content\/uploads\/2012\/03\/rsz_3r0g0698_bc-250x250.jpg 250w\" sizes=\"auto, (max-width: 50px) 100vw, 50px\" title=\"\"><\/a>\n\t\t\t<\/dt><\/dl><dl class='gallery-item'>\n\t\t\t<dt class='gallery-icon landscape'>\n\t\t\t\t<a href='https:\/\/br.ultramotors.org\/seminovos\/blog\/honda-apresenta-o-novo-fit-2013-fotos-preco-e-informacoes\/attachment\/rsz_3r0g0708_cc\/'><img loading=\"lazy\" decoding=\"async\" width=\"50\" height=\"50\" src=\"https:\/\/br.ultramotors.org\/seminovos\/wp-content\/uploads\/2012\/03\/rsz_3r0g0708_cc-50x50.jpg\" class=\"attachment-thumbnail size-thumbnail\" alt=\"Frente do Honda Fit 2013 prata\" srcset=\"https:\/\/br.ultramotors.org\/seminovos\/wp-content\/uploads\/2012\/03\/rsz_3r0g0708_cc-50x50.jpg 50w, https:\/\/br.ultramotors.org\/seminovos\/wp-content\/uploads\/2012\/03\/rsz_3r0g0708_cc-75x75.jpg 75w, https:\/\/br.ultramotors.org\/seminovos\/wp-content\/uploads\/2012\/03\/rsz_3r0g0708_cc-100x100.jpg 100w, https:\/\/br.ultramotors.org\/seminovos\/wp-content\/uploads\/2012\/03\/rsz_3r0g0708_cc-250x250.jpg 250w\" sizes=\"auto, (max-width: 50px) 100vw, 50px\" title=\"\"><\/a>\n\t\t\t<\/dt><\/dl><dl class='gallery-item'>\n\t\t\t<dt class='gallery-icon landscape'>\n\t\t\t\t<a href='https:\/\/br.ultramotors.org\/seminovos\/blog\/honda-apresenta-o-novo-fit-2013-fotos-preco-e-informacoes\/attachment\/rsz_3r0g1400_b\/'><img loading=\"lazy\" decoding=\"async\" width=\"50\" height=\"50\" src=\"https:\/\/br.ultramotors.org\/seminovos\/wp-content\/uploads\/2012\/03\/rsz_3r0g1400_b-50x50.jpg\" class=\"attachment-thumbnail size-thumbnail\" alt=\"Linha 2013 do Honda Fit far\u00f3is\" srcset=\"https:\/\/br.ultramotors.org\/seminovos\/wp-content\/uploads\/2012\/03\/rsz_3r0g1400_b-50x50.jpg 50w, https:\/\/br.ultramotors.org\/seminovos\/wp-content\/uploads\/2012\/03\/rsz_3r0g1400_b-75x75.jpg 75w, https:\/\/br.ultramotors.org\/seminovos\/wp-content\/uploads\/2012\/03\/rsz_3r0g1400_b-100x100.jpg 100w, https:\/\/br.ultramotors.org\/seminovos\/wp-content\/uploads\/2012\/03\/rsz_3r0g1400_b-250x250.jpg 250w\" sizes=\"auto, (max-width: 50px) 100vw, 50px\" title=\"\"><\/a>\n\t\t\t<\/dt><\/dl><dl class='gallery-item'>\n\t\t\t<dt class='gallery-icon landscape'>\n\t\t\t\t<a href='https:\/\/br.ultramotors.org\/seminovos\/blog\/honda-apresenta-o-novo-fit-2013-fotos-preco-e-informacoes\/attachment\/rsz_3r0g1589_b\/'><img loading=\"lazy\" decoding=\"async\" width=\"50\" height=\"50\" src=\"https:\/\/br.ultramotors.org\/seminovos\/wp-content\/uploads\/2012\/03\/rsz_3r0g1589_b-50x50.jpg\" class=\"attachment-thumbnail size-thumbnail\" alt=\"Linha 2013 Honda Fit, traseira\" srcset=\"https:\/\/br.ultramotors.org\/seminovos\/wp-content\/uploads\/2012\/03\/rsz_3r0g1589_b-50x50.jpg 50w, https:\/\/br.ultramotors.org\/seminovos\/wp-content\/uploads\/2012\/03\/rsz_3r0g1589_b-75x75.jpg 75w, https:\/\/br.ultramotors.org\/seminovos\/wp-content\/uploads\/2012\/03\/rsz_3r0g1589_b-100x100.jpg 100w, https:\/\/br.ultramotors.org\/seminovos\/wp-content\/uploads\/2012\/03\/rsz_3r0g1589_b-250x250.jpg 250w\" sizes=\"auto, (max-width: 50px) 100vw, 50px\" title=\"\"><\/a>\n\t\t\t<\/dt><\/dl><dl class='gallery-item'>\n\t\t\t<dt class='gallery-icon landscape'>\n\t\t\t\t<a href='https:\/\/br.ultramotors.org\/seminovos\/blog\/honda-apresenta-o-novo-fit-2013-fotos-preco-e-informacoes\/attachment\/rsz_carro_equipado_com_acessorios_originais_honda_3r0g2250\/'><img loading=\"lazy\" decoding=\"async\" width=\"50\" height=\"50\" src=\"https:\/\/br.ultramotors.org\/seminovos\/wp-content\/uploads\/2012\/03\/rsz_carro_equipado_com_acess\u00d3rios_originais_honda_3r0g2250-50x50.jpg\" class=\"attachment-thumbnail size-thumbnail\" alt=\"Honda Fit 2013 com acess\u00f3rios genu\u00ednos\" srcset=\"https:\/\/br.ultramotors.org\/seminovos\/wp-content\/uploads\/2012\/03\/rsz_carro_equipado_com_acess\u00d3rios_originais_honda_3r0g2250-50x50.jpg 50w, https:\/\/br.ultramotors.org\/seminovos\/wp-content\/uploads\/2012\/03\/rsz_carro_equipado_com_acess\u00d3rios_originais_honda_3r0g2250-75x75.jpg 75w, https:\/\/br.ultramotors.org\/seminovos\/wp-content\/uploads\/2012\/03\/rsz_carro_equipado_com_acess\u00d3rios_originais_honda_3r0g2250-100x100.jpg 100w, https:\/\/br.ultramotors.org\/seminovos\/wp-content\/uploads\/2012\/03\/rsz_carro_equipado_com_acess\u00d3rios_originais_honda_3r0g2250-250x250.jpg 250w\" sizes=\"auto, (max-width: 50px) 100vw, 50px\" title=\"\"><\/a>\n\t\t\t<\/dt><\/dl><dl class='gallery-item'>\n\t\t\t<dt class='gallery-icon landscape'>\n\t\t\t\t<a href='https:\/\/br.ultramotors.org\/seminovos\/blog\/honda-apresenta-o-novo-fit-2013-fotos-preco-e-informacoes\/attachment\/rsz_carro_equipado_com_acessorios_originais_honda_3r0g2448\/'><img loading=\"lazy\" decoding=\"async\" width=\"50\" height=\"50\" src=\"https:\/\/br.ultramotors.org\/seminovos\/wp-content\/uploads\/2012\/03\/rsz_carro_equipado_com_acess\u00d3rios_originais_honda_3r0g2448-50x50.jpg\" class=\"attachment-thumbnail size-thumbnail\" alt=\"Linha 2013 do Honda Fit, traseira equipada com acess\u00f3rios\" srcset=\"https:\/\/br.ultramotors.org\/seminovos\/wp-content\/uploads\/2012\/03\/rsz_carro_equipado_com_acess\u00d3rios_originais_honda_3r0g2448-50x50.jpg 50w, https:\/\/br.ultramotors.org\/seminovos\/wp-content\/uploads\/2012\/03\/rsz_carro_equipado_com_acess\u00d3rios_originais_honda_3r0g2448-75x75.jpg 75w, https:\/\/br.ultramotors.org\/seminovos\/wp-content\/uploads\/2012\/03\/rsz_carro_equipado_com_acess\u00d3rios_originais_honda_3r0g2448-100x100.jpg 100w, https:\/\/br.ultramotors.org\/seminovos\/wp-content\/uploads\/2012\/03\/rsz_carro_equipado_com_acess\u00d3rios_originais_honda_3r0g2448-250x250.jpg 250w\" sizes=\"auto, (max-width: 50px) 100vw, 50px\" title=\"\"><\/a>\n\t\t\t<\/dt><\/dl><dl class='gallery-item'>\n\t\t\t<dt class='gallery-icon landscape'>\n\t\t\t\t<a href='https:\/\/br.ultramotors.org\/seminovos\/blog\/honda-apresenta-o-novo-fit-2013-fotos-preco-e-informacoes\/attachment\/rsz_1rsz_4carro_equipado_com_acessorios_originais_honda_3r0g4919\/'><img loading=\"lazy\" decoding=\"async\" width=\"50\" height=\"50\" src=\"https:\/\/br.ultramotors.org\/seminovos\/wp-content\/uploads\/2012\/03\/rsz_1rsz_4carro_equipado_com_acess\u00d3rios_originais_honda_3r0g4919-50x50.jpg\" class=\"attachment-thumbnail size-thumbnail\" alt=\"Fit 2013 com acess\u00f3rios originais Honda\" srcset=\"https:\/\/br.ultramotors.org\/seminovos\/wp-content\/uploads\/2012\/03\/rsz_1rsz_4carro_equipado_com_acess\u00d3rios_originais_honda_3r0g4919-50x50.jpg 50w, https:\/\/br.ultramotors.org\/seminovos\/wp-content\/uploads\/2012\/03\/rsz_1rsz_4carro_equipado_com_acess\u00d3rios_originais_honda_3r0g4919-150x150.jpg 150w, https:\/\/br.ultramotors.org\/seminovos\/wp-content\/uploads\/2012\/03\/rsz_1rsz_4carro_equipado_com_acess\u00d3rios_originais_honda_3r0g4919-600x600.jpg 600w, https:\/\/br.ultramotors.org\/seminovos\/wp-content\/uploads\/2012\/03\/rsz_1rsz_4carro_equipado_com_acess\u00d3rios_originais_honda_3r0g4919-100x100.jpg 100w, https:\/\/br.ultramotors.org\/seminovos\/wp-content\/uploads\/2012\/03\/rsz_1rsz_4carro_equipado_com_acess\u00d3rios_originais_honda_3r0g4919-75x75.jpg 75w, https:\/\/br.ultramotors.org\/seminovos\/wp-content\/uploads\/2012\/03\/rsz_1rsz_4carro_equipado_com_acess\u00d3rios_originais_honda_3r0g4919-250x250.jpg 250w, https:\/\/br.ultramotors.org\/seminovos\/wp-content\/uploads\/2012\/03\/rsz_1rsz_4carro_equipado_com_acess\u00d3rios_originais_honda_3r0g4919.jpg 800w\" sizes=\"auto, (max-width: 50px) 100vw, 50px\" title=\"\"><\/a>\n\t\t\t<\/dt><\/dl><br style=\"clear: both\" \/>\n\t\t<\/div>\n\n<p>Na parte interna o Honda Fit 2013 recebeu um novo kit de ilumina\u00e7\u00e3o, que \u00e9 composto por uma luz suave em led azul e novo sistema de r\u00e1dio integrado com entrada USB, AM\/FM\/CD e tamb\u00e9m entrada P2 (vers\u00e3o LX). O sistema de som na vers\u00e3o 1.5l (EX e EXL) conta com r\u00e1dio integrado ao painel com CD Player, MP3\/WMA e entrada auxiliar para P2 (tipo fone de ouvido) e para USB.<\/p>\n<ul>\n<li>Quer comprar uma minivan? <a title=\"Ofertas de carros do segmento minivans\" href=\"http:\/\/www.ultramotors.com.br\/categoria\/carros\/minivan\/\" target=\"_blank\" rel=\"nofollow noopener\">Ofertas de minivans<\/a>.<\/li>\n<\/ul>\n<p><strong>Motoriza\u00e7\u00e3o<\/strong><br \/>\nAs vers\u00f5es DX e LX s\u00e3o desenvolvidas com o propulsor de 1.4l e tem pot\u00eancia de 100 cv a 6.000 rpm, na utiliza\u00e7\u00e3o de gasolina, al\u00e9m de 101 cv a 6.000 rpm, quando for apenas \u00e1lcool. O motor tem torque de 13 kgf.m a 4.800 rpm. J\u00e1 as vers\u00f5es EX e EXL s\u00e3o equipadas com o propulsor 1.5l, alcan\u00e7ando 116 cv a 6.000 rpm (\u00e1lcool) e 115 cv a 6.000 rpm (gasolina). Essa vers\u00e3o disp\u00f5e de torque de 14,8 kgf.m a 4.800 rpm.<\/p>\n<p><strong>Transmiss\u00e3o<\/strong><br \/>\nA vers\u00e3o DX, a de entrada, possui transmiss\u00e3o manual de cinco velocidades. A top de linha, EXL, ser\u00e1 produzida apenas com transmiss\u00e3o autom\u00e1tica, tamb\u00e9m de cinco velocidades. As demais vers\u00f5es (LX e EX) ser\u00e3o comercializadas com os dois tipos de transmiss\u00e3o.<\/p>\n<p>Al\u00e9m dessas novidades, a Honda Access [1] tamb\u00e9m disponibiliza tapetes de carpete ou borracha, soleira iluminada, bandeja do porta-malas, cinzeiro, rede de porta malas, kit de viva voz HFT e sensor ultra som. Na gama de itens externos s\u00e3o oferecidos aerof\u00f3lio de teto, defletor de chuva, protetor lateral de porta, sensor de estacionamento e protetor de c\u00e1rter.<\/p>\n<blockquote><p>1. A Honda Access \u00e9 uma empresa do grupo Honda e foi fundada no Jap\u00e3o h\u00e1 tr\u00eas d\u00e9cadas. \u00c9 especializada no desenvolvimento e comercializa\u00e7\u00e3o de acess\u00f3rios genu\u00ednos para autom\u00f3veis e motocicletas. A Honda Access do Brasil comemorou 10 anos em 2007, e atualmente conta com uma linha que inclui mais de 150 produtos, os quais s\u00e3o comercializados exclusivamente na rede de concession\u00e1rias autorizadas.\u00a0<a href=\"http:\/\/www.hondaaccess.com.br\/\" target=\"_blank\" rel=\"nofollow noopener\">http:\/\/www.hondaaccess.com.br\/<\/a><\/p><\/blockquote>\n<p>O Honda Fit 2013 tem tr\u00eas anos de garantia, sem limite de quilometragem, e est\u00e1 dispon\u00edvel nas cores Branco Taffeta S\u00f3lido, Prata Global Met\u00e1lico, Cinza Paladium Met\u00e1lico, Vermelho Rally S\u00f3lido, Preto Cristal Perolizado, e a nova tonalidade Cinza Iridium Met\u00e1lico. Veja a tabela de pre\u00e7os logo abaixo.<\/p>\n<p>[table id=53 \/]<\/p>\n","protected":false},"excerpt":{"rendered":"<p>O novo Fit 2013 j\u00e1 est\u00e1 dispon\u00edvel nas concession\u00e1rias da Honda em todo o pa\u00eds com novidades na parte externa e interna. A linha 2013 conta com o novo design dos paralamas dianteiros, parachoques dianteiro e traseiro, grade frontal e o conjunto de far\u00f3is. O carro tamb\u00e9m ganhou mais autonomia com a mudan\u00e7a na capacidade [&hellip;]<\/p>\n","protected":false},"author":1,"featured_media":9297,"comment_status":"open","ping_status":"open","sticky":false,"template":"","format":"standard","meta":{"footnotes":""},"categories":[1],"tags":[],"class_list":["post-9284","post","type-post","status-publish","format-standard","has-post-thumbnail","hentry","category-blog"],"_links":{"self":[{"href":"https:\/\/br.ultramotors.org\/seminovos\/wp-json\/wp\/v2\/posts\/9284","targetHints":{"allow":["GET"]}}],"collection":[{"href":"https:\/\/br.ultramotors.org\/seminovos\/wp-json\/wp\/v2\/posts"}],"about":[{"href":"https:\/\/br.ultramotors.org\/seminovos\/wp-json\/wp\/v2\/types\/post"}],"author":[{"embeddable":true,"href":"https:\/\/br.ultramotors.org\/seminovos\/wp-json\/wp\/v2\/users\/1"}],"replies":[{"embeddable":true,"href":"https:\/\/br.ultramotors.org\/seminovos\/wp-json\/wp\/v2\/comments?post=9284"}],"version-history":[{"count":0,"href":"https:\/\/br.ultramotors.org\/seminovos\/wp-json\/wp\/v2\/posts\/9284\/revisions"}],"wp:featuredmedia":[{"embeddable":true,"href":"https:\/\/br.ultramotors.org\/seminovos\/wp-json\/wp\/v2\/media\/9297"}],"wp:attachment":[{"href":"https:\/\/br.ultramotors.org\/seminovos\/wp-json\/wp\/v2\/media?parent=9284"}],"wp:term":[{"taxonomy":"category","embeddable":true,"href":"https:\/\/br.ultramotors.org\/seminovos\/wp-json\/wp\/v2\/categories?post=9284"},{"taxonomy":"post_tag","embeddable":true,"href":"https:\/\/br.ultramotors.org\/seminovos\/wp-json\/wp\/v2\/tags?post=9284"}],"curies":[{"name":"wp","href":"https:\/\/api.w.org\/{rel}","templated":true}]}}