{"id":7095,"date":"2011-12-27T14:51:05","date_gmt":"2011-12-27T17:51:05","guid":{"rendered":"http:\/\/www.ultramotors.com.br\/?p=7095"},"modified":"2012-03-20T20:38:29","modified_gmt":"2012-03-20T23:38:29","slug":"europa-novembro-2011-golf-polo-e-corsa-sao-os-mais-vendidos","status":"publish","type":"post","link":"https:\/\/br.ultramotors.org\/seminovos\/blog\/europa-novembro-2011-golf-polo-e-corsa-sao-os-mais-vendidos\/","title":{"rendered":"Europa novembro 2011: Golf, Polo e Corsa s\u00e3o os mais vendidos"},"content":{"rendered":"<p>At\u00e9 agora, o mercado de autom\u00f3veis europeu estava comportando-se muito bem dada a situa\u00e7\u00e3o econ\u00f4mica do continente e crise cambial. Mas novembro teve baixa de 5%, com a Alemanha o \u00fanico pa\u00eds entre os cinco grandes a registrar um aumento ano-a-ano (3%).<\/p>\n<p>A Volkswagen mant\u00e9m sua posi\u00e7\u00e3o no ranking de modelos, colocando o VW Golf \u00a0em #1 com uma s\u00f3lida participa\u00e7\u00e3o de mercado de 3,6% e 37.059 vendas e o VW Polo em #2 com 2,7% e 28.413 vendas, o Opel Corsa sobe ao p\u00f3dio pela segunda vez nos \u00faltimos 3 meses com 23.886 vendas e 2,3%.<\/p>\n<p>[table id=46 \/]<\/p>\n<p>&nbsp;<\/p>\n<p>Estes n\u00fameros incluem os 27 pa\u00edses da Uni\u00e3o Europeia mais a Su\u00ed\u00e7a, Noruega e Isl\u00e2ndia, e menos Bulg\u00e1ria, Rom\u00e9nia e Malta.<\/p>\n<p><img loading=\"lazy\" decoding=\"async\" class=\"aligncenter size-full wp-image-7098\" title=\"opel-corsa-2011-europa\" src=\"http:\/\/www.ultramotors.com.br\/wp-content\/uploads\/2011\/12\/Opel-Corsa-Europe-November-2011-e1325008152286.jpg\" alt=\"Opel Corsa 2011 Europa\" width=\"545\" height=\"362\" \/><\/p>\n<p>[Refer\u00eancia: BSCB]<\/p>\n","protected":false},"excerpt":{"rendered":"<p>At\u00e9 agora, o mercado de autom\u00f3veis europeu estava comportando-se muito bem dada a situa\u00e7\u00e3o econ\u00f4mica do continente e crise cambial. Mas novembro teve baixa de 5%, com a Alemanha o \u00fanico pa\u00eds entre os cinco grandes a registrar um aumento ano-a-ano (3%). A Volkswagen mant\u00e9m sua posi\u00e7\u00e3o no ranking de modelos, colocando o VW Golf [&hellip;]<\/p>\n","protected":false},"author":1,"featured_media":7096,"comment_status":"open","ping_status":"open","sticky":false,"template":"","format":"standard","meta":{"footnotes":""},"categories":[1],"tags":[],"class_list":["post-7095","post","type-post","status-publish","format-standard","has-post-thumbnail","hentry","category-blog"],"_links":{"self":[{"href":"https:\/\/br.ultramotors.org\/seminovos\/wp-json\/wp\/v2\/posts\/7095","targetHints":{"allow":["GET"]}}],"collection":[{"href":"https:\/\/br.ultramotors.org\/seminovos\/wp-json\/wp\/v2\/posts"}],"about":[{"href":"https:\/\/br.ultramotors.org\/seminovos\/wp-json\/wp\/v2\/types\/post"}],"author":[{"embeddable":true,"href":"https:\/\/br.ultramotors.org\/seminovos\/wp-json\/wp\/v2\/users\/1"}],"replies":[{"embeddable":true,"href":"https:\/\/br.ultramotors.org\/seminovos\/wp-json\/wp\/v2\/comments?post=7095"}],"version-history":[{"count":0,"href":"https:\/\/br.ultramotors.org\/seminovos\/wp-json\/wp\/v2\/posts\/7095\/revisions"}],"wp:featuredmedia":[{"embeddable":true,"href":"https:\/\/br.ultramotors.org\/seminovos\/wp-json\/wp\/v2\/media\/7096"}],"wp:attachment":[{"href":"https:\/\/br.ultramotors.org\/seminovos\/wp-json\/wp\/v2\/media?parent=7095"}],"wp:term":[{"taxonomy":"category","embeddable":true,"href":"https:\/\/br.ultramotors.org\/seminovos\/wp-json\/wp\/v2\/categories?post=7095"},{"taxonomy":"post_tag","embeddable":true,"href":"https:\/\/br.ultramotors.org\/seminovos\/wp-json\/wp\/v2\/tags?post=7095"}],"curies":[{"name":"wp","href":"https:\/\/api.w.org\/{rel}","templated":true}]}}