{"id":675,"date":"2011-01-27T17:39:38","date_gmt":"2011-01-27T19:39:38","guid":{"rendered":"http:\/\/www.ultramotors.com.br\/?p=675"},"modified":"2011-05-20T16:18:56","modified_gmt":"2011-05-20T19:18:56","slug":"volkswagen-apresenta-xl1-evolucao-do-projecto-1l","status":"publish","type":"post","link":"https:\/\/br.ultramotors.org\/seminovos\/blog\/volkswagen-apresenta-xl1-evolucao-do-projecto-1l\/","title":{"rendered":"Volkswagen apresenta XL1, evolu\u00e7\u00e3o do projeto 1L"},"content":{"rendered":"<p>A Volkswagen escolheu o Sal\u00e3o Internacional do Qatar para apresentar a terceira evolu\u00e7\u00e3o do projecto 1L, designa\u00e7\u00e3o escolhida para o projecto de um ve\u00edculo capaz de consumir apenas 1 litro de combust\u00edvel por cada 100 km percorridos, \u00a0o XL1. Como j\u00e1 haviamos falado nesse post sobre o <a href=\"http:\/\/www.ultramotors.com.br\/volkswagen-vai-mostrar-carro-que-gasta-1-litro-por-100km\/\" rel=\"nofollow noopener\" target=\"_blank\">Volkswagen 1l<\/a>.<\/p>\n<p>A terceira evolu\u00e7\u00e3o do projeto 1L adota dimens\u00f5es mais convencionais para um autom\u00f3vel, mantendo no entanto, a lota\u00e7\u00e3o para dois, e uma efici\u00eancia que lhe permite anunciar um consumo m\u00e9dio de apenas 0,9 litros por 100 km e 24 g\/km de emiss\u00f5es de CO2. A marca alem\u00e3 anuncia uma velocidade m\u00e1xima de 160 km\/h e uma acelera\u00e7\u00e3o dos 0 aos 100 km\/h em 11,6 segundos.<\/p>\n<p>A principal diferen\u00e7a em rela\u00e7\u00e3o ao prot\u00f3tipo 1L est\u00e1 no interior, agora est\u00e1 mais de acordo com um ve\u00edculo pr\u00f3ximo de produ\u00e7\u00e3o.<\/p>\n<p>A Volkswagen tem planos pra produzir e vender o ve\u00edculo, mas ainda n\u00e3o se sabe quando. Fica a torcida para que o xL1 venha fazer parte da frota de carros mundial, por ser muito eficiente e mais ecol\u00f3gico.<\/p>\n<p><img loading=\"lazy\" decoding=\"async\" class=\"aligncenter size-full wp-image-677\" title=\"VolkswagenxL1\" src=\"http:\/\/www.ultramotors.com.br\/wp-content\/uploads\/2011\/01\/download-60-e1296156646632.jpg\" alt=\"Volkswagen xL1\" width=\"545\" height=\"363\" \/><\/p>\n<p><img loading=\"lazy\" decoding=\"async\" class=\"aligncenter size-full wp-image-678\" title=\"Volkswagen xL1\" src=\"http:\/\/www.ultramotors.com.br\/wp-content\/uploads\/2011\/01\/download-56-e1296156705475.jpg\" alt=\"Volkswagen xL1 traseira\" width=\"545\" height=\"363\" \/><\/p>\n<p><img loading=\"lazy\" decoding=\"async\" class=\"aligncenter size-full wp-image-679\" title=\"Volkswagen xL1\" src=\"http:\/\/www.ultramotors.com.br\/wp-content\/uploads\/2011\/01\/download-59-e1296156783267.jpg\" alt=\"Volkswagen xL1 portas\" width=\"545\" height=\"363\" \/><\/p>\n<p><img loading=\"lazy\" decoding=\"async\" class=\"aligncenter size-full wp-image-680\" title=\"VolkswagenxL1\" src=\"http:\/\/www.ultramotors.com.br\/wp-content\/uploads\/2011\/01\/download-58-e1296156842865.jpg\" alt=\"Volkswagen xL1 interior\" width=\"545\" height=\"363\" \/><\/p>\n<p>[Fonte externa:<a href=\"http:\/\/www.autoportal.iol.pt\/noticias\/tuning\/volkswagen-apresenta-xl1-o-carro-que-gasta-menos-de-1-litro-aos-cem\" rel=\"nofollow noopener\" target=\"_blank\"> AutoPortal<\/a>]<\/p>\n","protected":false},"excerpt":{"rendered":"<p>A Volkswagen escolheu o Sal\u00e3o Internacional do Qatar para apresentar a terceira evolu\u00e7\u00e3o do projecto 1L, designa\u00e7\u00e3o escolhida para o projecto de um ve\u00edculo capaz de consumir apenas 1 litro de combust\u00edvel por cada 100 km percorridos, \u00a0o XL1. Como j\u00e1 haviamos falado nesse post sobre o Volkswagen 1l. A terceira evolu\u00e7\u00e3o do projeto 1L [&hellip;]<\/p>\n","protected":false},"author":1,"featured_media":676,"comment_status":"open","ping_status":"open","sticky":false,"template":"","format":"standard","meta":{"footnotes":""},"categories":[1],"tags":[],"class_list":["post-675","post","type-post","status-publish","format-standard","has-post-thumbnail","hentry","category-blog"],"_links":{"self":[{"href":"https:\/\/br.ultramotors.org\/seminovos\/wp-json\/wp\/v2\/posts\/675","targetHints":{"allow":["GET"]}}],"collection":[{"href":"https:\/\/br.ultramotors.org\/seminovos\/wp-json\/wp\/v2\/posts"}],"about":[{"href":"https:\/\/br.ultramotors.org\/seminovos\/wp-json\/wp\/v2\/types\/post"}],"author":[{"embeddable":true,"href":"https:\/\/br.ultramotors.org\/seminovos\/wp-json\/wp\/v2\/users\/1"}],"replies":[{"embeddable":true,"href":"https:\/\/br.ultramotors.org\/seminovos\/wp-json\/wp\/v2\/comments?post=675"}],"version-history":[{"count":0,"href":"https:\/\/br.ultramotors.org\/seminovos\/wp-json\/wp\/v2\/posts\/675\/revisions"}],"wp:featuredmedia":[{"embeddable":true,"href":"https:\/\/br.ultramotors.org\/seminovos\/wp-json\/wp\/v2\/media\/676"}],"wp:attachment":[{"href":"https:\/\/br.ultramotors.org\/seminovos\/wp-json\/wp\/v2\/media?parent=675"}],"wp:term":[{"taxonomy":"category","embeddable":true,"href":"https:\/\/br.ultramotors.org\/seminovos\/wp-json\/wp\/v2\/categories?post=675"},{"taxonomy":"post_tag","embeddable":true,"href":"https:\/\/br.ultramotors.org\/seminovos\/wp-json\/wp\/v2\/tags?post=675"}],"curies":[{"name":"wp","href":"https:\/\/api.w.org\/{rel}","templated":true}]}}