{"id":6536,"date":"2011-11-29T02:46:32","date_gmt":"2011-11-29T05:46:32","guid":{"rendered":"http:\/\/www.ultramotors.com.br\/?p=6536"},"modified":"2011-11-29T03:04:01","modified_gmt":"2011-11-29T06:04:01","slug":"temporada-2011-da-f-1-termina-com-vitoria-de-webber-no-brasil","status":"publish","type":"post","link":"https:\/\/br.ultramotors.org\/seminovos\/blog\/temporada-2011-da-f-1-termina-com-vitoria-de-webber-no-brasil\/","title":{"rendered":"Temporada 2011 da F-1 termina com vit\u00f3ria de Webber no Brasil"},"content":{"rendered":"<p>2011 foi o ano da Red Bull, com dom\u00ednio absoluto na temporada, no entanto todo o sucesso foi reivindicado por Sebastian Vettel. Mark Webber foi puxado para a sombra de seu companheiro de equipe mais jovem, que fez 15 poles e conquistou 11 vit\u00f3rias em sua segunda temporada consecutiva como campe\u00e3o mundial. Um pouco disso mudou domingo no Brasil, quando Vettel &#8211; prejudicado por uma falha na caixa de c\u00e2mbio &#8211; foi for\u00e7ado a contentar-se com a segunda posi\u00e7\u00e3o, ajudando assim Webber a finalmente desfrutar do gosto dos holofotes em sua primeira vit\u00f3ria do ano.<\/p>\n<p>Uma decis\u00e3o esperta da McLaren em mudar para o jogo de pneus duros a partir da 31\u00aa volta ajudou Button a alcan\u00e7ar e ultrapassar Alonso garantindo assim o terceiro lugar na corrida de Interlagos e o vice-campeonato mundial na temporada 2011.<\/p>\n<ul>\n<li><a href=\"http:\/\/video.globo.com\/Videos\/Player\/Esportes\/0,,GIM1710840-7824-MELHORES+MOMENTOS+DO+GP+BRASIL+DE+FORMULA+1,00.html\" target=\"_blank\" rel=\"nofollow noopener\">Assista aos melhores momentos do GP do Brasil<\/a>\u00a0\u2013 16:38<\/li>\n<li><a href=\"http:\/\/esporte.uol.com.br\/f1\/2011\/classificacao\/pilotos\/\" target=\"_blank\" rel=\"nofollow noopener\">Classifica\u00e7\u00e3o 2011<\/a><\/li>\n<\/ul>\n<p>Mais\u00a0<a href=\"http:\/\/www.ultramotors.com.br\/tag\/formula-1\/\" rel=\"nofollow noopener\" target=\"_blank\">not\u00edcias sobre o\u00a0mundial de F\u00f3rmula 1<\/a><\/p>\n<p>[table id=41 \/]<\/p>\n<p>&nbsp;<\/p>\n<h2>V\u00eddeo: Melhores momentos do Grande Pr\u00eamio do Brasil 2011<\/h2>\n<p><object width=\"555\" height=\"360\" classid=\"clsid:d27cdb6e-ae6d-11cf-96b8-444553540000\" codebase=\"http:\/\/download.macromedia.com\/pub\/shockwave\/cabs\/flash\/swflash.cab#version=6,0,40,0\"><param name=\"allowFullScreen\" value=\"true\" \/><param name=\"quality\" value=\"high\" \/><param name=\"FlashVars\" value=\"midiaId=1710840&amp;autoStart=false&amp;width=480&amp;height=360\" \/><param name=\"src\" value=\"http:\/\/s.videos.globo.com\/p2\/player.swf\" \/><param name=\"allowfullscreen\" value=\"true\" \/><param name=\"flashvars\" value=\"midiaId=1710840&amp;autoStart=false&amp;width=480&amp;height=360\" \/><embed width=\"555\" height=\"360\" type=\"application\/x-shockwave-flash\" src=\"http:\/\/s.videos.globo.com\/p2\/player.swf\" allowFullScreen=\"true\" quality=\"high\" FlashVars=\"midiaId=1710840&amp;autoStart=false&amp;width=480&amp;height=360\" allowfullscreen=\"true\" flashvars=\"midiaId=1710840&amp;autoStart=false&amp;width=480&amp;height=360\" \/><\/object><\/p>\n<p>[Cr\u00e9dito da imagem:\u00a0<a href=\"http:\/\/www.flickr.com\/photos\/jaffathecake\/\" rel=\"nofollow noopener\" target=\"_blank\">Jaffa The Cake<\/a>]<\/p>\n","protected":false},"excerpt":{"rendered":"<p>2011 foi o ano da Red Bull, com dom\u00ednio absoluto na temporada, no entanto todo o sucesso foi reivindicado por Sebastian Vettel. Mark Webber foi puxado para a sombra de seu companheiro de equipe mais jovem, que fez 15 poles e conquistou 11 vit\u00f3rias em sua segunda temporada consecutiva como campe\u00e3o mundial. Um pouco disso [&hellip;]<\/p>\n","protected":false},"author":1,"featured_media":6537,"comment_status":"open","ping_status":"open","sticky":false,"template":"","format":"standard","meta":{"footnotes":""},"categories":[1],"tags":[],"class_list":["post-6536","post","type-post","status-publish","format-standard","has-post-thumbnail","hentry","category-blog"],"_links":{"self":[{"href":"https:\/\/br.ultramotors.org\/seminovos\/wp-json\/wp\/v2\/posts\/6536","targetHints":{"allow":["GET"]}}],"collection":[{"href":"https:\/\/br.ultramotors.org\/seminovos\/wp-json\/wp\/v2\/posts"}],"about":[{"href":"https:\/\/br.ultramotors.org\/seminovos\/wp-json\/wp\/v2\/types\/post"}],"author":[{"embeddable":true,"href":"https:\/\/br.ultramotors.org\/seminovos\/wp-json\/wp\/v2\/users\/1"}],"replies":[{"embeddable":true,"href":"https:\/\/br.ultramotors.org\/seminovos\/wp-json\/wp\/v2\/comments?post=6536"}],"version-history":[{"count":0,"href":"https:\/\/br.ultramotors.org\/seminovos\/wp-json\/wp\/v2\/posts\/6536\/revisions"}],"wp:featuredmedia":[{"embeddable":true,"href":"https:\/\/br.ultramotors.org\/seminovos\/wp-json\/wp\/v2\/media\/6537"}],"wp:attachment":[{"href":"https:\/\/br.ultramotors.org\/seminovos\/wp-json\/wp\/v2\/media?parent=6536"}],"wp:term":[{"taxonomy":"category","embeddable":true,"href":"https:\/\/br.ultramotors.org\/seminovos\/wp-json\/wp\/v2\/categories?post=6536"},{"taxonomy":"post_tag","embeddable":true,"href":"https:\/\/br.ultramotors.org\/seminovos\/wp-json\/wp\/v2\/tags?post=6536"}],"curies":[{"name":"wp","href":"https:\/\/api.w.org\/{rel}","templated":true}]}}