{"id":6393,"date":"2011-11-24T15:53:44","date_gmt":"2011-11-24T18:53:44","guid":{"rendered":"http:\/\/www.ultramotors.com.br\/?p=6393"},"modified":"2012-03-07T13:42:04","modified_gmt":"2012-03-07T16:42:04","slug":"conheca-o-novo-porsche-911-cabriolet-2012-cvideo","status":"publish","type":"post","link":"https:\/\/br.ultramotors.org\/seminovos\/blog\/conheca-o-novo-porsche-911-cabriolet-2012-cvideo\/","title":{"rendered":"Conhe\u00e7a o novo Porsche 911 Cabriolet 2012 [c\/v\u00eddeo]"},"content":{"rendered":"<p>Em janeiro de 2012 o Sal\u00e3o do Autom\u00f3vel de Detroit ver\u00e1 o lan\u00e7amento da vers\u00e3o convers\u00edvel da <a href=\"http:\/\/www.ultramotors.com.br\/tag\/porsche\/\" rel=\"nofollow noopener\" target=\"_blank\">nova s\u00e9rie 991 do Porsche 911<\/a>, que vai estrear um design inovador com teto dobr\u00e1vel, al\u00e9m de oferecer uma melhor aerodin\u00e2mica e maior refinamento.<\/p>\n<p>Apenas 11 segundos s\u00e3o necess\u00e1rios para o teto abrir ou fechar, o que voc\u00ea pode fazer em velocidades de at\u00e9 60 Km\/h. No geral, o projeto garante menor peso levando a uma din\u00e2mica esportiva, menor consumo de combust\u00edvel e maior conforto.<\/p>\n<p>Assim como o seu equivalente Coupe, o poder no Carrera Cabriolet vem de um motor 3,4 litros de seis cilindros contrapostos com 350 cavalos de pot\u00eancia. Opte pelo Carrera S Cabriolet e voc\u00ea ter\u00e1 um motor 3,8 litros de seis cilindros contrapostos com 400 cavalos de pot\u00eancia. Ambos podem ser equipados com uma transmiss\u00e3o manual de sete velocidades ou com uma PDK de sete velocidades com dupla embreagem.<\/p>\n<p>Os pre\u00e7os partir\u00e3o de 98.250 d\u00f3lares para o Carrera Cabriolet e em 108.950 d\u00f3lares para o Carrera S Cabriolet.<\/p>\n<h2>V\u00eddeo dos novos modelos 911 Cabriolet<\/h2>\n<p><iframe loading=\"lazy\" src=\"http:\/\/www.youtube.com\/embed\/aYqr1r51egU\" frameborder=\"0\" width=\"555\" height=\"315\"><\/iframe><\/p>\n","protected":false},"excerpt":{"rendered":"<p>Em janeiro de 2012 o Sal\u00e3o do Autom\u00f3vel de Detroit ver\u00e1 o lan\u00e7amento da vers\u00e3o convers\u00edvel da nova s\u00e9rie 991 do Porsche 911, que vai estrear um design inovador com teto dobr\u00e1vel, al\u00e9m de oferecer uma melhor aerodin\u00e2mica e maior refinamento. Apenas 11 segundos s\u00e3o necess\u00e1rios para o teto abrir ou fechar, o que voc\u00ea [&hellip;]<\/p>\n","protected":false},"author":1,"featured_media":6394,"comment_status":"open","ping_status":"open","sticky":false,"template":"","format":"standard","meta":{"footnotes":""},"categories":[1],"tags":[],"class_list":["post-6393","post","type-post","status-publish","format-standard","has-post-thumbnail","hentry","category-blog"],"_links":{"self":[{"href":"https:\/\/br.ultramotors.org\/seminovos\/wp-json\/wp\/v2\/posts\/6393","targetHints":{"allow":["GET"]}}],"collection":[{"href":"https:\/\/br.ultramotors.org\/seminovos\/wp-json\/wp\/v2\/posts"}],"about":[{"href":"https:\/\/br.ultramotors.org\/seminovos\/wp-json\/wp\/v2\/types\/post"}],"author":[{"embeddable":true,"href":"https:\/\/br.ultramotors.org\/seminovos\/wp-json\/wp\/v2\/users\/1"}],"replies":[{"embeddable":true,"href":"https:\/\/br.ultramotors.org\/seminovos\/wp-json\/wp\/v2\/comments?post=6393"}],"version-history":[{"count":0,"href":"https:\/\/br.ultramotors.org\/seminovos\/wp-json\/wp\/v2\/posts\/6393\/revisions"}],"wp:featuredmedia":[{"embeddable":true,"href":"https:\/\/br.ultramotors.org\/seminovos\/wp-json\/wp\/v2\/media\/6394"}],"wp:attachment":[{"href":"https:\/\/br.ultramotors.org\/seminovos\/wp-json\/wp\/v2\/media?parent=6393"}],"wp:term":[{"taxonomy":"category","embeddable":true,"href":"https:\/\/br.ultramotors.org\/seminovos\/wp-json\/wp\/v2\/categories?post=6393"},{"taxonomy":"post_tag","embeddable":true,"href":"https:\/\/br.ultramotors.org\/seminovos\/wp-json\/wp\/v2\/tags?post=6393"}],"curies":[{"name":"wp","href":"https:\/\/api.w.org\/{rel}","templated":true}]}}