{"id":6037,"date":"2011-11-07T23:45:52","date_gmt":"2011-11-08T02:45:52","guid":{"rendered":"http:\/\/www.ultramotors.com.br\/?p=6037"},"modified":"2022-10-05T21:06:11","modified_gmt":"2022-10-06T00:06:11","slug":"os-carros-mais-vendidos-em-outubro-de-2011","status":"publish","type":"post","link":"https:\/\/br.ultramotors.org\/seminovos\/blog\/os-carros-mais-vendidos-em-outubro-de-2011\/","title":{"rendered":"Os carros mais vendidos em outubro de 2011"},"content":{"rendered":"<p>As <strong>vendas de autom\u00f3veis<\/strong> e comerciais leves retra\u00edram 10,15% entre os meses de setembro e outubro deste ano, passando de 293.607 para 263.819 unidades. Segundo Sergio Reze, presidente da Fenabrave \u2013 Federa\u00e7\u00e3o Nacional da Distribui\u00e7\u00e3o de Ve\u00edculos Automotores, a retra\u00e7\u00e3o est\u00e1 atrelada \u00e0 queda nas <a href=\"http:\/\/www.ultramotors.com.br\/\" rel=\"nofollow noopener\" target=\"_blank\">vendas de ve\u00edculos importados<\/a>, por conta do an\u00fancio do aumento do IPI, al\u00e9m de o m\u00eas de outubro contar com um dia a menos que o m\u00eas anterior. \u201cEstas vari\u00e1veis, somadas ao feriado facultativo do dia do funcion\u00e1rio p\u00fablico, comemorado em 28 de outubro e que fizeram com que muitos Detrans n\u00e3o registrassem emplacamentos, causaram esta retra\u00e7\u00e3o. Se nenhum desses fatores existissem, o mercado se manteria est\u00e1vel, com ligeira queda de 0,69% entre setembro e outubro de 2011\u201d, comenta Reze. Enquanto a m\u00e9dia di\u00e1ria de emplacamentos nos \u00faltimos dias de outubro era de 17 mil unidades, no dia 28, passou a ser de apenas 4 mil unidades.<\/p>\n<p>O <a href=\"http:\/\/www,ultramotors.com.br\/tag\/mercado-automotivo\/\" rel=\"nofollow noopener\" target=\"_blank\">carro mais vendido<\/a> foi o <strong>Volkswagen Gol<\/strong> com\u00a021.959 unidades, seguido por Fiat Uno #2 (20.849) e GM Celta #3 (11.162). <strong>Destaque para o Toyota Corolla<\/strong> que vendeu\u00a04.743 unidades, subiu uma posi\u00e7\u00e3o em rela\u00e7\u00e3o ao m\u00eas anterior e ficou pr\u00f3ximo do Top 10.<\/p>\n<p>[table id=33 \/]<\/p>\n<p>&nbsp;<\/p>\n<p><img loading=\"lazy\" decoding=\"async\" class=\"aligncenter size-full wp-image-6075\" title=\"toyota-corolla-altis-2011\" src=\"http:\/\/www.ultramotors.com.br\/wp-content\/uploads\/2011\/11\/altis_2-e1320719265190.jpg\" alt=\"Unidades vendidas do Toyota Corolla em outubro de 2011\" width=\"545\" height=\"363\" \/><\/p>\n<blockquote><p>O Toyota Corolla ocupou a d\u00e9cima segunda posi\u00e7\u00e3o no ranking dos mais vendidos em outubro.<\/p>\n<p>No acumulado do ano o Gol \u00e9 o l\u00edder em vendas de autom\u00f3veis com 244.875 unidades vendidas.<\/p><\/blockquote>\n<p><img loading=\"lazy\" decoding=\"async\" class=\"aligncenter size-full wp-image-6073\" title=\"divisao-emplacamento-por-regioes-outubro\" src=\"http:\/\/www.ultramotors.com.br\/wp-content\/uploads\/2011\/11\/rsz_graph_41.png\" alt=\"Divis\u00e3o dos emplacamentos de carros por regi\u00f5es em outubro\" width=\"545\" height=\"420\" srcset=\"https:\/\/br.ultramotors.org\/seminovos\/wp-content\/uploads\/2011\/11\/rsz_graph_41.png 545w, https:\/\/br.ultramotors.org\/seminovos\/wp-content\/uploads\/2011\/11\/rsz_graph_41-50x38.png 50w, https:\/\/br.ultramotors.org\/seminovos\/wp-content\/uploads\/2011\/11\/rsz_graph_41-194x150.png 194w, https:\/\/br.ultramotors.org\/seminovos\/wp-content\/uploads\/2011\/11\/rsz_graph_41-500x385.png 500w, https:\/\/br.ultramotors.org\/seminovos\/wp-content\/uploads\/2011\/11\/rsz_graph_41-100x77.png 100w, https:\/\/br.ultramotors.org\/seminovos\/wp-content\/uploads\/2011\/11\/rsz_graph_41-150x115.png 150w\" sizes=\"auto, (max-width: 545px) 100vw, 545px\" \/><\/p>\n<p><img loading=\"lazy\" decoding=\"async\" class=\"aligncenter size-full wp-image-6074\" title=\"divisao-do-mercado-por-motorizacao-outubro\" src=\"http:\/\/www.ultramotors.com.br\/wp-content\/uploads\/2011\/11\/rsz_graph_40.png\" alt=\"Divis\u00e3o do mercado de carros por motoriza\u00e7\u00e3o\" width=\"545\" height=\"420\" srcset=\"https:\/\/br.ultramotors.org\/seminovos\/wp-content\/uploads\/2011\/11\/rsz_graph_40.png 545w, https:\/\/br.ultramotors.org\/seminovos\/wp-content\/uploads\/2011\/11\/rsz_graph_40-50x38.png 50w, https:\/\/br.ultramotors.org\/seminovos\/wp-content\/uploads\/2011\/11\/rsz_graph_40-194x150.png 194w, https:\/\/br.ultramotors.org\/seminovos\/wp-content\/uploads\/2011\/11\/rsz_graph_40-500x385.png 500w, https:\/\/br.ultramotors.org\/seminovos\/wp-content\/uploads\/2011\/11\/rsz_graph_40-100x77.png 100w, https:\/\/br.ultramotors.org\/seminovos\/wp-content\/uploads\/2011\/11\/rsz_graph_40-150x115.png 150w\" sizes=\"auto, (max-width: 545px) 100vw, 545px\" \/><\/p>\n<p>[table id=34 \/]<\/p>\n<p>&nbsp;<\/p>\n<p>[Fonte dos dados: Fenabrave]<\/p>\n","protected":false},"excerpt":{"rendered":"<p>As vendas de autom\u00f3veis e comerciais leves retra\u00edram 10,15% entre os meses de setembro e outubro deste ano, passando de 293.607 para 263.819 unidades. Segundo Sergio Reze, presidente da Fenabrave \u2013 Federa\u00e7\u00e3o Nacional da Distribui\u00e7\u00e3o de Ve\u00edculos Automotores, a retra\u00e7\u00e3o est\u00e1 atrelada \u00e0 queda nas vendas de ve\u00edculos importados, por conta do an\u00fancio do aumento [&hellip;]<\/p>\n","protected":false},"author":1,"featured_media":6076,"comment_status":"open","ping_status":"open","sticky":false,"template":"","format":"standard","meta":{"footnotes":""},"categories":[1,3235],"tags":[],"class_list":["post-6037","post","type-post","status-publish","format-standard","has-post-thumbnail","hentry","category-blog","category-carros-mais-vendidos"],"_links":{"self":[{"href":"https:\/\/br.ultramotors.org\/seminovos\/wp-json\/wp\/v2\/posts\/6037","targetHints":{"allow":["GET"]}}],"collection":[{"href":"https:\/\/br.ultramotors.org\/seminovos\/wp-json\/wp\/v2\/posts"}],"about":[{"href":"https:\/\/br.ultramotors.org\/seminovos\/wp-json\/wp\/v2\/types\/post"}],"author":[{"embeddable":true,"href":"https:\/\/br.ultramotors.org\/seminovos\/wp-json\/wp\/v2\/users\/1"}],"replies":[{"embeddable":true,"href":"https:\/\/br.ultramotors.org\/seminovos\/wp-json\/wp\/v2\/comments?post=6037"}],"version-history":[{"count":1,"href":"https:\/\/br.ultramotors.org\/seminovos\/wp-json\/wp\/v2\/posts\/6037\/revisions"}],"predecessor-version":[{"id":77109,"href":"https:\/\/br.ultramotors.org\/seminovos\/wp-json\/wp\/v2\/posts\/6037\/revisions\/77109"}],"wp:featuredmedia":[{"embeddable":true,"href":"https:\/\/br.ultramotors.org\/seminovos\/wp-json\/wp\/v2\/media\/6076"}],"wp:attachment":[{"href":"https:\/\/br.ultramotors.org\/seminovos\/wp-json\/wp\/v2\/media?parent=6037"}],"wp:term":[{"taxonomy":"category","embeddable":true,"href":"https:\/\/br.ultramotors.org\/seminovos\/wp-json\/wp\/v2\/categories?post=6037"},{"taxonomy":"post_tag","embeddable":true,"href":"https:\/\/br.ultramotors.org\/seminovos\/wp-json\/wp\/v2\/tags?post=6037"}],"curies":[{"name":"wp","href":"https:\/\/api.w.org\/{rel}","templated":true}]}}