{"id":599,"date":"2011-01-20T04:54:01","date_gmt":"2011-01-20T06:54:01","guid":{"rendered":"http:\/\/www.ultramotors.com.br\/?p=599"},"modified":"2011-05-20T16:17:49","modified_gmt":"2011-05-20T19:17:49","slug":"volkswagen-vai-mostrar-carro-que-gasta-1-litro-por-100km","status":"publish","type":"post","link":"https:\/\/br.ultramotors.org\/seminovos\/blog\/volkswagen-vai-mostrar-carro-que-gasta-1-litro-por-100km\/","title":{"rendered":"Volkswagen vai mostrar carro que gasta 1 litro por 100km"},"content":{"rendered":"<p>A marca alem\u00e3 prepara-se para apresentar no Sal\u00e3o do Qatar, a vers\u00e3o de produ\u00e7\u00e3o em s\u00e9rie do projecto L1.<\/p>\n<p>Em uma altura em que a escalada do pre\u00e7o dos combust\u00edveis torna a promessa de baixos consumos ainda mais aliciante, a Volkswagen se prepara para apresentar no Sal\u00e3o do Autom\u00f3vel Qatar, na \u00faltima semana deste m\u00eas, a vers\u00e3o definitiva do projecto L1, designa\u00e7\u00e3o escolhida para o projeto de um ve\u00edculo capaz de consumir apenas 1 litro de combust\u00edvel por cada 100 km percorridos.<\/p>\n<p>Este ve\u00edculo de dois lugares e m\u00e1xima efici\u00eancia estar\u00e1 equipado com um pequeno motor a diesel de dois cilindros com 29 cavalos de pot\u00eancia, auxiliado por um motor el\u00e9trico e uma transmiss\u00e3o DSG de dupla embreagem. Segundo a Volkswagen, esse consumo de combust\u00edvel extremamente baixo deve-se ao uso de materias leves em suas constru\u00e7\u00e3o, por exemplo, a carroceria \u00e9 feita em pl\u00e1stico e muitas pe\u00e7as como o sistema de escape \u00e9 de tit\u00e2nio, na pratica o resultado disto \u00e9 um carro com peso total de apenas 380kg.<\/p>\n<p>A Volkswagen j\u00e1 havia apresentado em 2002 este mesmo conceito por\u00e9m agora o carro foi interiamente reformulado ganhando pe\u00e7as totalmente novas e modernas, naquele ano a produ\u00e7\u00e3o do modelo, n\u00e3o havia sequer sido cogitada j\u00e1 que os caros materias usados inviabilizaram a sua passagem para a produ\u00e7\u00e3o em s\u00e9rie.<\/p>\n<p>A marca promete divulgar todos os detalhes no decorrer da apresenta\u00e7\u00e3o do modelo, incluindo a data de lan\u00e7amento, que deve acontecer em meados de 2012.<\/p>\n<p style=\"text-align: center;\"><img loading=\"lazy\" decoding=\"async\" class=\"aligncenter size-full wp-image-601\" title=\"Volkswagen L1\" src=\"http:\/\/www.ultramotors.com.br\/wp-content\/uploads\/2011\/01\/download-48-e1295505705416.jpg\" alt=\"Volkswagen L1\" width=\"545\" height=\"363\" \/><\/p>\n<p style=\"text-align: center;\"><img loading=\"lazy\" decoding=\"async\" class=\"aligncenter size-full wp-image-602\" title=\"Volkswagen L1\" src=\"http:\/\/www.ultramotors.com.br\/wp-content\/uploads\/2011\/01\/download-49-e1295505772624.jpg\" alt=\"Volkswagen L1\" width=\"545\" height=\"363\" \/><\/p>\n<p style=\"text-align: center;\"><img loading=\"lazy\" decoding=\"async\" class=\"aligncenter size-full wp-image-603\" title=\"Volkswagen L1\" src=\"http:\/\/www.ultramotors.com.br\/wp-content\/uploads\/2011\/01\/download-45-e1295505835520.jpg\" alt=\"Volkswagen L1 Interior\" width=\"545\" height=\"363\" \/><\/p>\n","protected":false},"excerpt":{"rendered":"<p>A marca alem\u00e3 prepara-se para apresentar no Sal\u00e3o do Qatar, a vers\u00e3o de produ\u00e7\u00e3o em s\u00e9rie do projecto L1. Em uma altura em que a escalada do pre\u00e7o dos combust\u00edveis torna a promessa de baixos consumos ainda mais aliciante, a Volkswagen se prepara para apresentar no Sal\u00e3o do Autom\u00f3vel Qatar, na \u00faltima semana deste m\u00eas, [&hellip;]<\/p>\n","protected":false},"author":1,"featured_media":600,"comment_status":"open","ping_status":"open","sticky":false,"template":"","format":"standard","meta":{"footnotes":""},"categories":[1],"tags":[],"class_list":["post-599","post","type-post","status-publish","format-standard","has-post-thumbnail","hentry","category-blog"],"_links":{"self":[{"href":"https:\/\/br.ultramotors.org\/seminovos\/wp-json\/wp\/v2\/posts\/599","targetHints":{"allow":["GET"]}}],"collection":[{"href":"https:\/\/br.ultramotors.org\/seminovos\/wp-json\/wp\/v2\/posts"}],"about":[{"href":"https:\/\/br.ultramotors.org\/seminovos\/wp-json\/wp\/v2\/types\/post"}],"author":[{"embeddable":true,"href":"https:\/\/br.ultramotors.org\/seminovos\/wp-json\/wp\/v2\/users\/1"}],"replies":[{"embeddable":true,"href":"https:\/\/br.ultramotors.org\/seminovos\/wp-json\/wp\/v2\/comments?post=599"}],"version-history":[{"count":0,"href":"https:\/\/br.ultramotors.org\/seminovos\/wp-json\/wp\/v2\/posts\/599\/revisions"}],"wp:featuredmedia":[{"embeddable":true,"href":"https:\/\/br.ultramotors.org\/seminovos\/wp-json\/wp\/v2\/media\/600"}],"wp:attachment":[{"href":"https:\/\/br.ultramotors.org\/seminovos\/wp-json\/wp\/v2\/media?parent=599"}],"wp:term":[{"taxonomy":"category","embeddable":true,"href":"https:\/\/br.ultramotors.org\/seminovos\/wp-json\/wp\/v2\/categories?post=599"},{"taxonomy":"post_tag","embeddable":true,"href":"https:\/\/br.ultramotors.org\/seminovos\/wp-json\/wp\/v2\/tags?post=599"}],"curies":[{"name":"wp","href":"https:\/\/api.w.org\/{rel}","templated":true}]}}