{"id":5869,"date":"2011-10-28T18:05:07","date_gmt":"2011-10-28T21:05:07","guid":{"rendered":"http:\/\/www.ultramotors.com.br\/?p=5869"},"modified":"2011-12-14T12:50:23","modified_gmt":"2011-12-14T15:50:23","slug":"linha-2012-da-honda-cb-300r-ganha-uma-edicao-limitada","status":"publish","type":"post","link":"https:\/\/br.ultramotors.org\/seminovos\/blog\/linha-2012-da-honda-cb-300r-ganha-uma-edicao-limitada\/","title":{"rendered":"Linha 2012 da Honda CB 300R ganha uma edi\u00e7\u00e3o limitada por R$ 11.690"},"content":{"rendered":"<p>A Honda acabou de informar que a <strong>linha 2012 da CB 300R<\/strong> j\u00e1 est\u00e1 dispon\u00edvel nas concession\u00e1rias da marca. No entanto a grande novidade estar\u00e1 dispon\u00edvel a partir de novembro, uma bel\u00edssima <strong>edi\u00e7\u00e3o limitada<\/strong> do modelo em comemora\u00e7\u00e3o aos 40 anos da Honda no Brasil, a motocicleta ter\u00e1 a cor branca com grafismos exclusivos e pelo mesmo pre\u00e7o da vers\u00e3o standard.<\/p>\n<p>De fato a CB 300R \u00e9 uma boa op\u00e7\u00e3o para quem quer <a href=\"http:\/\/www.ultramotors.com.br\/comprar-veiculo\/\" rel=\"nofollow noopener\" target=\"_blank\">comprar uma moto<\/a> de m\u00e9dia cilindrada na faixa dos R$12 mil que apresenta um bom custo benef\u00edcio para o uso urbano. Essa moto agradou o consumidor brasileiro desde de seu lan\u00e7amento em 2009 e tem estado entre as mais vendidas constantemente. (Voc\u00ea pode verificar resultados recentes sobre <a href=\"http:\/\/www.ultramotors.com.br\/tag\/mercado-automotivo\/\" rel=\"nofollow noopener\" target=\"_blank\">as motos mais vendidas na se\u00e7\u00e3o mercado automotivo<\/a>) A CB 300R 2012 est\u00e1 dispon\u00edvel nas cores vermelha, azul met\u00e1lica, branca e amarela. Seu pre\u00e7o p\u00fablico sugerido \u00e9 de R$ 11.690,0 (vers\u00e3o Standard), e R$ 13.990,00 (vers\u00e3o C-ABS). J\u00e1 para a edi\u00e7\u00e3o limitada, \u00e9 de R$ 11.690,00.<\/p>\n<p>[table id=32 \/]<\/p>\n<p><img loading=\"lazy\" decoding=\"async\" class=\"aligncenter size-full wp-image-5870\" title=\"CB 300_40 anos_alta\" src=\"http:\/\/www.ultramotors.com.br\/wp-content\/uploads\/2011\/10\/CB-300_40-anos_alta-e1319834709832.jpg\" alt=\"Linha 2012 da CB 300R, foto da edi\u00e7\u00e3o limitada Honda 40 anos \" width=\"545\" height=\"352\" \/><\/p>\n<p><img loading=\"lazy\" decoding=\"async\" class=\"aligncenter size-full wp-image-5871\" title=\"CB 300R 2012 lateral azul met\u00e1lico_alta\" src=\"http:\/\/www.ultramotors.com.br\/wp-content\/uploads\/2011\/10\/CB-300R-2012-lateral-azul-met\u00e1lico_alta-e1319834891190.jpg\" alt=\"CB 300R 2012 lateral azul met\u00e1lico\" width=\"545\" height=\"354\" \/><\/p>\n<p><img loading=\"lazy\" decoding=\"async\" class=\"aligncenter size-full wp-image-5873\" title=\"CB 300R 2012 lateral vermelho_alta\" src=\"http:\/\/www.ultramotors.com.br\/wp-content\/uploads\/2011\/10\/CB-300R-2012-lateral-vermelho_alta-e1319835099494.jpg\" alt=\"CB 300R 2012 lateral vermelho\" width=\"545\" height=\"354\" \/><\/p>\n<p><img loading=\"lazy\" decoding=\"async\" class=\"aligncenter size-full wp-image-5875\" title=\"CB 300R_alta\" src=\"http:\/\/www.ultramotors.com.br\/wp-content\/uploads\/2011\/10\/CB-300R_alta-e1319835171411.jpg\" alt=\"CB 300R lateral, amarela\" width=\"545\" height=\"354\" \/><\/p>\n<p>&nbsp;<\/p>\n","protected":false},"excerpt":{"rendered":"<p>A Honda acabou de informar que a linha 2012 da CB 300R j\u00e1 est\u00e1 dispon\u00edvel nas concession\u00e1rias da marca. No entanto a grande novidade estar\u00e1 dispon\u00edvel a partir de novembro, uma bel\u00edssima edi\u00e7\u00e3o limitada do modelo em comemora\u00e7\u00e3o aos 40 anos da Honda no Brasil, a motocicleta ter\u00e1 a cor branca com grafismos exclusivos e [&hellip;]<\/p>\n","protected":false},"author":1,"featured_media":5876,"comment_status":"open","ping_status":"open","sticky":false,"template":"","format":"standard","meta":{"footnotes":""},"categories":[1],"tags":[],"class_list":["post-5869","post","type-post","status-publish","format-standard","has-post-thumbnail","hentry","category-blog"],"_links":{"self":[{"href":"https:\/\/br.ultramotors.org\/seminovos\/wp-json\/wp\/v2\/posts\/5869","targetHints":{"allow":["GET"]}}],"collection":[{"href":"https:\/\/br.ultramotors.org\/seminovos\/wp-json\/wp\/v2\/posts"}],"about":[{"href":"https:\/\/br.ultramotors.org\/seminovos\/wp-json\/wp\/v2\/types\/post"}],"author":[{"embeddable":true,"href":"https:\/\/br.ultramotors.org\/seminovos\/wp-json\/wp\/v2\/users\/1"}],"replies":[{"embeddable":true,"href":"https:\/\/br.ultramotors.org\/seminovos\/wp-json\/wp\/v2\/comments?post=5869"}],"version-history":[{"count":0,"href":"https:\/\/br.ultramotors.org\/seminovos\/wp-json\/wp\/v2\/posts\/5869\/revisions"}],"wp:featuredmedia":[{"embeddable":true,"href":"https:\/\/br.ultramotors.org\/seminovos\/wp-json\/wp\/v2\/media\/5876"}],"wp:attachment":[{"href":"https:\/\/br.ultramotors.org\/seminovos\/wp-json\/wp\/v2\/media?parent=5869"}],"wp:term":[{"taxonomy":"category","embeddable":true,"href":"https:\/\/br.ultramotors.org\/seminovos\/wp-json\/wp\/v2\/categories?post=5869"},{"taxonomy":"post_tag","embeddable":true,"href":"https:\/\/br.ultramotors.org\/seminovos\/wp-json\/wp\/v2\/tags?post=5869"}],"curies":[{"name":"wp","href":"https:\/\/api.w.org\/{rel}","templated":true}]}}