{"id":568,"date":"2011-01-19T19:36:15","date_gmt":"2011-01-19T21:36:15","guid":{"rendered":"http:\/\/www.ultramotors.com.br\/?p=568"},"modified":"2011-06-21T20:23:02","modified_gmt":"2011-06-21T23:23:02","slug":"honda-civic-2012-chega-ao-e-u-a-em-abril-todas-as-versoes-devem-ser-lancadas-rapidamente","status":"publish","type":"post","link":"https:\/\/br.ultramotors.org\/seminovos\/blog\/honda-civic-2012-chega-ao-e-u-a-em-abril-todas-as-versoes-devem-ser-lancadas-rapidamente\/","title":{"rendered":"Honda Civic 2012 chegar\u00e1 ao E.U.A em abril, todas as vers\u00f5es devem ser lan\u00e7adas rapidamente"},"content":{"rendered":"<p>Um Civic para todos. Esse era o lema de Soichiro Honda, no come\u00e7o da era Civic, e \u00e9 aquele que a sua empresa pretende continuar com o lan\u00e7amento da pr\u00f3xima gera\u00e7\u00e3o do modelo. Quando o novo Civic 2012 for lan\u00e7ado em abril, a Honda vai lan\u00e7ar uma grande variedade de configura\u00e7\u00f5es de modelos\u00a0e de motores com intervalo de poucas semanas um do outro, em vez de aguardar meses se passaram entre a estr\u00e9ia de um modelo para o pr\u00f3ximo.<\/p>\n<p>Entre as variantes, podemos esperar tanto um sed\u00e3 e um cup\u00ea, com v\u00e1rios motores a gasolina convencionais em oferta &#8211; incluindo g\u00e1s natural e vers\u00f5es h\u00edbridas &#8211; assim como o esportivo Civic Si.<\/p>\n<p>O novo Civic, mostrado recentemente no Detroit Auto Show, foi programado para estrear em 2009. Mas quando a economia global come\u00e7ou a declinar com a crise, a Honda enviou o projeto de volta \u00e0 prancheta de desenho para uma reformula\u00e7\u00e3o quase completa. O resultado \u00e9 esperado para ser muito mais espa\u00e7oso do que o modelo atual, embora o design exterior n\u00e3o mudou tanto assim.<\/p>\n<p>No Brasil o Honda Civic sedan 2012 deve ser lan\u00e7ado no \u00faltimo trimestre desse ano, por\u00e9m acreditamos que por aqui a Honda deve manter o motor 1.8 16v Flex com 140 cv.<\/p>\n<blockquote><p>O\u00a0Honda\u00a0Civic\u00a0Si\u00a0Concept\u00a0fez sua\u00a0estr\u00e9ia\u00a0mundial no\u00a02011\u00a0North American International Auto\u00a0Show\u00a0(NAIAS)\u00a0em Detroit,\u00a0em\u00a010 de janeiro de 2011.\u00a0O\u00a0exterior apresenta\u00a0linhas de\u00a0estilo\u00a0clean bem definidas e um p\u00e1ra-brisa bem inclinado.<\/p><\/blockquote>\n<h2>Honda Civic Si 2012 Coupe Concept<\/h2>\n<p style=\"text-align: center;\"><img loading=\"lazy\" decoding=\"async\" class=\"size-full wp-image-569 aligncenter\" title=\"Civic Si Concept\" src=\"http:\/\/www.ultramotors.com.br\/wp-content\/uploads\/2011\/01\/03-2012-honda-civic-coupe-e1295471678978.jpg\" alt=\"Honda Civic Si Concept Coupe 2012\" width=\"545\" height=\"360\" \/><br \/>\n<img loading=\"lazy\" decoding=\"async\" class=\"size-full wp-image-570 aligncenter\" title=\"Civic Si Concept\" src=\"http:\/\/www.ultramotors.com.br\/wp-content\/uploads\/2011\/01\/01-2012-honda-civic-coupe-e1295471781278.jpg\" alt=\"Civic Si Concept 2012\" width=\"545\" height=\"356\" \/><br \/>\n<img loading=\"lazy\" decoding=\"async\" class=\"size-full wp-image-571 aligncenter\" title=\"Civic Si Concept\" src=\"http:\/\/www.ultramotors.com.br\/wp-content\/uploads\/2011\/01\/06-2012-honda-civic-coupe-e1295471919264.jpg\" alt=\"Civic Si Concept Coupe 2012\" width=\"545\" height=\"363\" \/><\/p>\n<h2>Honda Civic Sedan 2012<\/h2>\n<p style=\"text-align: center;\"><img loading=\"lazy\" decoding=\"async\" class=\"size-full wp-image-572 aligncenter\" title=\"Civic Concept\" src=\"http:\/\/www.ultramotors.com.br\/wp-content\/uploads\/2011\/01\/00-2012-honda-civic-sedan-e1295472084676.jpg\" alt=\"Honda Civic Sedan 2012\" width=\"545\" height=\"363\" \/><br \/>\n<img loading=\"lazy\" decoding=\"async\" class=\"size-full wp-image-573 aligncenter\" title=\"Civic Concept\" src=\"http:\/\/www.ultramotors.com.br\/wp-content\/uploads\/2011\/01\/02-2012-honda-civic-sedan-e1295472146700.jpg\" alt=\"Honda Civic Sedan 2012\" width=\"545\" height=\"363\" \/><br \/>\n<img loading=\"lazy\" decoding=\"async\" class=\"aligncenter size-full wp-image-574\" title=\"Civic Concept\" src=\"http:\/\/www.ultramotors.com.br\/wp-content\/uploads\/2011\/01\/03-2012-honda-civic-sedan-e1295472212910.jpg\" alt=\"Honda Civic Sedan 2012\" width=\"545\" height=\"363\" \/><\/p>\n","protected":false},"excerpt":{"rendered":"<p>Um Civic para todos. Esse era o lema de Soichiro Honda, no come\u00e7o da era Civic, e \u00e9 aquele que a sua empresa pretende continuar com o lan\u00e7amento da pr\u00f3xima gera\u00e7\u00e3o do modelo. Quando o novo Civic 2012 for lan\u00e7ado em abril, a Honda vai lan\u00e7ar uma grande variedade de configura\u00e7\u00f5es de modelos\u00a0e de motores [&hellip;]<\/p>\n","protected":false},"author":1,"featured_media":578,"comment_status":"open","ping_status":"open","sticky":false,"template":"","format":"standard","meta":{"footnotes":""},"categories":[1],"tags":[],"class_list":["post-568","post","type-post","status-publish","format-standard","has-post-thumbnail","hentry","category-blog"],"_links":{"self":[{"href":"https:\/\/br.ultramotors.org\/seminovos\/wp-json\/wp\/v2\/posts\/568","targetHints":{"allow":["GET"]}}],"collection":[{"href":"https:\/\/br.ultramotors.org\/seminovos\/wp-json\/wp\/v2\/posts"}],"about":[{"href":"https:\/\/br.ultramotors.org\/seminovos\/wp-json\/wp\/v2\/types\/post"}],"author":[{"embeddable":true,"href":"https:\/\/br.ultramotors.org\/seminovos\/wp-json\/wp\/v2\/users\/1"}],"replies":[{"embeddable":true,"href":"https:\/\/br.ultramotors.org\/seminovos\/wp-json\/wp\/v2\/comments?post=568"}],"version-history":[{"count":0,"href":"https:\/\/br.ultramotors.org\/seminovos\/wp-json\/wp\/v2\/posts\/568\/revisions"}],"wp:featuredmedia":[{"embeddable":true,"href":"https:\/\/br.ultramotors.org\/seminovos\/wp-json\/wp\/v2\/media\/578"}],"wp:attachment":[{"href":"https:\/\/br.ultramotors.org\/seminovos\/wp-json\/wp\/v2\/media?parent=568"}],"wp:term":[{"taxonomy":"category","embeddable":true,"href":"https:\/\/br.ultramotors.org\/seminovos\/wp-json\/wp\/v2\/categories?post=568"},{"taxonomy":"post_tag","embeddable":true,"href":"https:\/\/br.ultramotors.org\/seminovos\/wp-json\/wp\/v2\/tags?post=568"}],"curies":[{"name":"wp","href":"https:\/\/api.w.org\/{rel}","templated":true}]}}