{"id":5459,"date":"2011-10-06T03:17:53","date_gmt":"2011-10-06T06:17:53","guid":{"rendered":"http:\/\/www.ultramotors.com.br\/?p=5459"},"modified":"2022-10-05T21:06:17","modified_gmt":"2022-10-06T00:06:17","slug":"as-picapes-utilitarios-e-suvs-mais-vendidos-em-setembro-de-2011","status":"publish","type":"post","link":"https:\/\/br.ultramotors.org\/seminovos\/blog\/as-picapes-utilitarios-e-suvs-mais-vendidos-em-setembro-de-2011\/","title":{"rendered":"As picapes, utilit\u00e1rios e SUV\u2019s mais vendidos em setembro de 2011"},"content":{"rendered":"<p>As vendas de <a href=\"http:\/\/www.ultramotors.com.br\/category\/carros\/\" rel=\"nofollow noopener\" target=\"_blank\">autom\u00f3veis<\/a> e <a href=\"http:\/\/www.ultramotors.com.br\/category\/comerciais-leves\/\" rel=\"nofollow noopener\" target=\"_blank\">comerciais leves<\/a> passaram de 2.368.764 unidades negociadas para 2.527.359 unidades na compara\u00e7\u00e3o entre os acumulados de 2010 e 2011, numa alta de 6,70%. No entanto, foram vendidas 293.618 unidades em setembro deste ano, contra 307.808 unidades em agosto, numa queda de 4,61%. Foram 66.694 <strong>comerciais leves vendidos em setembro<\/strong>.<\/p>\n<p>Entre as <strong>picapes pequenas<\/strong> a Strada da Fiat foi a mais vendida com 9.646 unidades, enquanto que a GM S10 com 3.769 unidades vendidas foi a l\u00edder entre as <strong>picapes grandes<\/strong>.<\/p>\n<p>[table id=28 \/]<\/p>\n<p>&nbsp;<\/p>\n<p><img loading=\"lazy\" decoding=\"async\" class=\"aligncenter size-full wp-image-5460\" title=\"S10-2011-vendas-setembro\" src=\"http:\/\/www.ultramotors.com.br\/wp-content\/uploads\/2011\/10\/S10-2011-vendas-setembro-e1317881090807.jpg\" alt=\"Chevrolet S10 2011, vendas de comerciais leves em setembro de 2011\" width=\"545\" height=\"363\" \/><\/p>\n<blockquote><p>No acumulado do ano a S10 \u00e9 a picape grande mais vendida com\u00a031.150 unidades vendidas.<\/p><\/blockquote>\n<p><img loading=\"lazy\" decoding=\"async\" class=\"aligncenter size-full wp-image-5461\" title=\"comerciais-leves-emplacamentos-regioes-setembro-2011\" src=\"http:\/\/www.ultramotors.com.br\/wp-content\/uploads\/2011\/10\/comerciais-leves-emplacamentos-regioes-setembro-2011.png\" alt=\"Emplacamentos por regi\u00f5es em stembro\/2011 - Comerciais leves\" width=\"545\" height=\"420\" srcset=\"https:\/\/br.ultramotors.org\/seminovos\/wp-content\/uploads\/2011\/10\/comerciais-leves-emplacamentos-regioes-setembro-2011.png 545w, https:\/\/br.ultramotors.org\/seminovos\/wp-content\/uploads\/2011\/10\/comerciais-leves-emplacamentos-regioes-setembro-2011-50x38.png 50w, https:\/\/br.ultramotors.org\/seminovos\/wp-content\/uploads\/2011\/10\/comerciais-leves-emplacamentos-regioes-setembro-2011-194x150.png 194w, https:\/\/br.ultramotors.org\/seminovos\/wp-content\/uploads\/2011\/10\/comerciais-leves-emplacamentos-regioes-setembro-2011-500x385.png 500w, https:\/\/br.ultramotors.org\/seminovos\/wp-content\/uploads\/2011\/10\/comerciais-leves-emplacamentos-regioes-setembro-2011-100x77.png 100w, https:\/\/br.ultramotors.org\/seminovos\/wp-content\/uploads\/2011\/10\/comerciais-leves-emplacamentos-regioes-setembro-2011-150x115.png 150w\" sizes=\"auto, (max-width: 545px) 100vw, 545px\" \/><\/p>\n<p><img loading=\"lazy\" decoding=\"async\" class=\"aligncenter size-full wp-image-5462\" title=\"comerciais-leves-participacao-motorizacao-setembro-2011\" src=\"http:\/\/www.ultramotors.com.br\/wp-content\/uploads\/2011\/10\/comerciais-leves-participacao-motorizacao-setembro-2011.png\" alt=\"Participa\u00e7\u00e3o por motoriza\u00e7\u00e3o em setembro\/2011 - Comerciais leves\" width=\"545\" height=\"420\" srcset=\"https:\/\/br.ultramotors.org\/seminovos\/wp-content\/uploads\/2011\/10\/comerciais-leves-participacao-motorizacao-setembro-2011.png 545w, https:\/\/br.ultramotors.org\/seminovos\/wp-content\/uploads\/2011\/10\/comerciais-leves-participacao-motorizacao-setembro-2011-50x38.png 50w, https:\/\/br.ultramotors.org\/seminovos\/wp-content\/uploads\/2011\/10\/comerciais-leves-participacao-motorizacao-setembro-2011-194x150.png 194w, https:\/\/br.ultramotors.org\/seminovos\/wp-content\/uploads\/2011\/10\/comerciais-leves-participacao-motorizacao-setembro-2011-500x385.png 500w, https:\/\/br.ultramotors.org\/seminovos\/wp-content\/uploads\/2011\/10\/comerciais-leves-participacao-motorizacao-setembro-2011-100x77.png 100w, https:\/\/br.ultramotors.org\/seminovos\/wp-content\/uploads\/2011\/10\/comerciais-leves-participacao-motorizacao-setembro-2011-150x115.png 150w\" sizes=\"auto, (max-width: 545px) 100vw, 545px\" \/><\/p>\n<p>[table id=29 \/]<\/p>\n<p>&nbsp;<\/p>\n<p>[Fonte dos dados: Fenabrave]<\/p>\n","protected":false},"excerpt":{"rendered":"<p>As vendas de autom\u00f3veis e comerciais leves passaram de 2.368.764 unidades negociadas para 2.527.359 unidades na compara\u00e7\u00e3o entre os acumulados de 2010 e 2011, numa alta de 6,70%. No entanto, foram vendidas 293.618 unidades em setembro deste ano, contra 307.808 unidades em agosto, numa queda de 4,61%. Foram 66.694 comerciais leves vendidos em setembro. Entre [&hellip;]<\/p>\n","protected":false},"author":1,"featured_media":5463,"comment_status":"open","ping_status":"open","sticky":false,"template":"","format":"standard","meta":{"footnotes":""},"categories":[1,3235],"tags":[],"class_list":["post-5459","post","type-post","status-publish","format-standard","has-post-thumbnail","hentry","category-blog","category-carros-mais-vendidos"],"_links":{"self":[{"href":"https:\/\/br.ultramotors.org\/seminovos\/wp-json\/wp\/v2\/posts\/5459","targetHints":{"allow":["GET"]}}],"collection":[{"href":"https:\/\/br.ultramotors.org\/seminovos\/wp-json\/wp\/v2\/posts"}],"about":[{"href":"https:\/\/br.ultramotors.org\/seminovos\/wp-json\/wp\/v2\/types\/post"}],"author":[{"embeddable":true,"href":"https:\/\/br.ultramotors.org\/seminovos\/wp-json\/wp\/v2\/users\/1"}],"replies":[{"embeddable":true,"href":"https:\/\/br.ultramotors.org\/seminovos\/wp-json\/wp\/v2\/comments?post=5459"}],"version-history":[{"count":1,"href":"https:\/\/br.ultramotors.org\/seminovos\/wp-json\/wp\/v2\/posts\/5459\/revisions"}],"predecessor-version":[{"id":77120,"href":"https:\/\/br.ultramotors.org\/seminovos\/wp-json\/wp\/v2\/posts\/5459\/revisions\/77120"}],"wp:featuredmedia":[{"embeddable":true,"href":"https:\/\/br.ultramotors.org\/seminovos\/wp-json\/wp\/v2\/media\/5463"}],"wp:attachment":[{"href":"https:\/\/br.ultramotors.org\/seminovos\/wp-json\/wp\/v2\/media?parent=5459"}],"wp:term":[{"taxonomy":"category","embeddable":true,"href":"https:\/\/br.ultramotors.org\/seminovos\/wp-json\/wp\/v2\/categories?post=5459"},{"taxonomy":"post_tag","embeddable":true,"href":"https:\/\/br.ultramotors.org\/seminovos\/wp-json\/wp\/v2\/tags?post=5459"}],"curies":[{"name":"wp","href":"https:\/\/api.w.org\/{rel}","templated":true}]}}