{"id":5401,"date":"2011-10-05T18:14:32","date_gmt":"2011-10-05T21:14:32","guid":{"rendered":"http:\/\/www.ultramotors.com.br\/?p=5401"},"modified":"2022-10-05T21:06:12","modified_gmt":"2022-10-06T00:06:12","slug":"os-carros-mais-vendidos-em-setembro-de-2011","status":"publish","type":"post","link":"https:\/\/br.ultramotors.org\/seminovos\/blog\/os-carros-mais-vendidos-em-setembro-de-2011\/","title":{"rendered":"Os carros mais vendidos em setembro de 2011"},"content":{"rendered":"<p>As <strong>vendas de autom\u00f3veis<\/strong> e comerciais leves passaram de 2.368.764 unidades negociadas para 2.527.359 unidades na compara\u00e7\u00e3o entre os acumulados de 2010 e 2011, numa alta de 6,70%. No entanto, foram vendidas 293.618 unidades em setembro deste ano, contra 307.808 unidades em agosto, numa queda de 4,61%. Foram 226.923 <strong>carros vendidos em setembro<\/strong>.<\/p>\n<p>Com 24.591 unidades vendidas o <strong>Vokwagen Gol<\/strong> foi o <a href=\"http:\/\/www.ultramotors.com.br\/tag\/mercado-automotivo\/\" rel=\"nofollow noopener\" target=\"_blank\">carro mais vendido<\/a>, seguido por Fiat Uno (22.169), e GM Celta (13.665).<\/p>\n<p>[table id=25 \/]<\/p>\n<p>&nbsp;<\/p>\n<p><img loading=\"lazy\" decoding=\"async\" class=\"aligncenter size-full wp-image-5405\" title=\"Volkswagen-Gol-2011-Prata\" src=\"http:\/\/www.ultramotors.com.br\/wp-content\/uploads\/2011\/10\/Vokkswagen-Gol-2011-Prata-e1317848964692.png\" alt=\"VW GOL 2011 Prata\" width=\"545\" height=\"408\" \/><\/p>\n<blockquote><p>No acumulado do ano o Gol \u00e9 o l\u00edder em vendas de autom\u00f3veis com 222.936 unidades vendidas.<\/p><\/blockquote>\n<p><img loading=\"lazy\" decoding=\"async\" class=\"aligncenter size-full wp-image-5402\" title=\"setembro-2011-divisao-por-marcas-carros\" src=\"http:\/\/www.ultramotors.com.br\/wp-content\/uploads\/2011\/10\/setembro-2011-divisao-por-marcas-carros.png\" alt=\"Divis\u00e3o do mercado por marcas - setembro\/2011 - carros\" width=\"545\" height=\"420\" srcset=\"https:\/\/br.ultramotors.org\/seminovos\/wp-content\/uploads\/2011\/10\/setembro-2011-divisao-por-marcas-carros.png 545w, https:\/\/br.ultramotors.org\/seminovos\/wp-content\/uploads\/2011\/10\/setembro-2011-divisao-por-marcas-carros-50x38.png 50w, https:\/\/br.ultramotors.org\/seminovos\/wp-content\/uploads\/2011\/10\/setembro-2011-divisao-por-marcas-carros-194x150.png 194w, https:\/\/br.ultramotors.org\/seminovos\/wp-content\/uploads\/2011\/10\/setembro-2011-divisao-por-marcas-carros-500x385.png 500w, https:\/\/br.ultramotors.org\/seminovos\/wp-content\/uploads\/2011\/10\/setembro-2011-divisao-por-marcas-carros-100x77.png 100w, https:\/\/br.ultramotors.org\/seminovos\/wp-content\/uploads\/2011\/10\/setembro-2011-divisao-por-marcas-carros-150x115.png 150w\" sizes=\"auto, (max-width: 545px) 100vw, 545px\" \/><\/p>\n<p><img loading=\"lazy\" decoding=\"async\" class=\"aligncenter size-full wp-image-5403\" title=\"participacao-motorizacao-setembro-2011-carros\" src=\"http:\/\/www.ultramotors.com.br\/wp-content\/uploads\/2011\/10\/participacao-motorizacao-setembro-2011-carros.png\" alt=\"Participa\u00e7\u00e3o por motoriza\u00e7\u00e3o - setembro\/2011 - carros\" width=\"545\" height=\"420\" srcset=\"https:\/\/br.ultramotors.org\/seminovos\/wp-content\/uploads\/2011\/10\/participacao-motorizacao-setembro-2011-carros.png 545w, https:\/\/br.ultramotors.org\/seminovos\/wp-content\/uploads\/2011\/10\/participacao-motorizacao-setembro-2011-carros-50x38.png 50w, https:\/\/br.ultramotors.org\/seminovos\/wp-content\/uploads\/2011\/10\/participacao-motorizacao-setembro-2011-carros-194x150.png 194w, https:\/\/br.ultramotors.org\/seminovos\/wp-content\/uploads\/2011\/10\/participacao-motorizacao-setembro-2011-carros-500x385.png 500w, https:\/\/br.ultramotors.org\/seminovos\/wp-content\/uploads\/2011\/10\/participacao-motorizacao-setembro-2011-carros-100x77.png 100w, https:\/\/br.ultramotors.org\/seminovos\/wp-content\/uploads\/2011\/10\/participacao-motorizacao-setembro-2011-carros-150x115.png 150w\" sizes=\"auto, (max-width: 545px) 100vw, 545px\" \/><\/p>\n<p>[table id=26 \/]<\/p>\n<p>&nbsp;<\/p>\n<p>[Fonte dos dados: Fenabrave]<\/p>\n","protected":false},"excerpt":{"rendered":"<p>As vendas de autom\u00f3veis e comerciais leves passaram de 2.368.764 unidades negociadas para 2.527.359 unidades na compara\u00e7\u00e3o entre os acumulados de 2010 e 2011, numa alta de 6,70%. No entanto, foram vendidas 293.618 unidades em setembro deste ano, contra 307.808 unidades em agosto, numa queda de 4,61%. Foram 226.923 carros vendidos em setembro. Com 24.591 [&hellip;]<\/p>\n","protected":false},"author":1,"featured_media":5404,"comment_status":"open","ping_status":"open","sticky":false,"template":"","format":"standard","meta":{"footnotes":""},"categories":[1,3235],"tags":[],"class_list":["post-5401","post","type-post","status-publish","format-standard","has-post-thumbnail","hentry","category-blog","category-carros-mais-vendidos"],"_links":{"self":[{"href":"https:\/\/br.ultramotors.org\/seminovos\/wp-json\/wp\/v2\/posts\/5401","targetHints":{"allow":["GET"]}}],"collection":[{"href":"https:\/\/br.ultramotors.org\/seminovos\/wp-json\/wp\/v2\/posts"}],"about":[{"href":"https:\/\/br.ultramotors.org\/seminovos\/wp-json\/wp\/v2\/types\/post"}],"author":[{"embeddable":true,"href":"https:\/\/br.ultramotors.org\/seminovos\/wp-json\/wp\/v2\/users\/1"}],"replies":[{"embeddable":true,"href":"https:\/\/br.ultramotors.org\/seminovos\/wp-json\/wp\/v2\/comments?post=5401"}],"version-history":[{"count":1,"href":"https:\/\/br.ultramotors.org\/seminovos\/wp-json\/wp\/v2\/posts\/5401\/revisions"}],"predecessor-version":[{"id":77110,"href":"https:\/\/br.ultramotors.org\/seminovos\/wp-json\/wp\/v2\/posts\/5401\/revisions\/77110"}],"wp:featuredmedia":[{"embeddable":true,"href":"https:\/\/br.ultramotors.org\/seminovos\/wp-json\/wp\/v2\/media\/5404"}],"wp:attachment":[{"href":"https:\/\/br.ultramotors.org\/seminovos\/wp-json\/wp\/v2\/media?parent=5401"}],"wp:term":[{"taxonomy":"category","embeddable":true,"href":"https:\/\/br.ultramotors.org\/seminovos\/wp-json\/wp\/v2\/categories?post=5401"},{"taxonomy":"post_tag","embeddable":true,"href":"https:\/\/br.ultramotors.org\/seminovos\/wp-json\/wp\/v2\/tags?post=5401"}],"curies":[{"name":"wp","href":"https:\/\/api.w.org\/{rel}","templated":true}]}}