{"id":5332,"date":"2011-09-30T17:53:24","date_gmt":"2011-09-30T20:53:24","guid":{"rendered":"http:\/\/www.ultramotors.com.br\/?p=5332"},"modified":"2011-09-30T17:57:04","modified_gmt":"2011-09-30T20:57:04","slug":"a-gm-sera-a-primeira-montadora-a-fornecer-airbags-frontais-centrais","status":"publish","type":"post","link":"https:\/\/br.ultramotors.org\/seminovos\/blog\/a-gm-sera-a-primeira-montadora-a-fornecer-airbags-frontais-centrais\/","title":{"rendered":"GM ser\u00e1 a primeira montadora a oferecer o airbag frontal central"},"content":{"rendered":"<p>A <a href=\"http:\/\/www.ultramotors.com.br\/tag\/gm\/\" rel=\"nofollow noopener\" target=\"_blank\">General Motors<\/a> anunciou planos para lan\u00e7ar o primeiro <strong>airbag frontal central<\/strong> da ind\u00fastria, projetado para ajudar a proteger motoristas e passageiros sentados nos assentos frontais em colis\u00f5es de impacto lateral quando \u00e9 comum um passageiro ser lan\u00e7ado em dire\u00e7\u00e3o ao outro.<\/p>\n<p>Al\u00e9m de atuar como uma almofada de absor\u00e7\u00e3o de energia entre o motorista e o passageiro da frente em colis\u00f5es de ambos os lados, o airbag tubular tamb\u00e9m \u00e9 projetado para proporcionar prote\u00e7\u00e3o quando o motorista \u00e9 o \u00fanico ocupante da frente.<\/p>\n<p>Em 2013 os primeiros ve\u00edculos ser\u00e3o equipados com o novo recurso de seguran\u00e7a, ser\u00e3o eles: GMC Acadia, Chevrolet Traverse, e Buick Enclave, este \u00faltimo com o airbag frontal central de s\u00e9rie.<\/p>\n<p><img loading=\"lazy\" decoding=\"async\" class=\"aligncenter size-full wp-image-5334\" title=\"gms-front-center-airbag-in-action_100365546_m\" src=\"http:\/\/www.ultramotors.com.br\/wp-content\/uploads\/2011\/09\/gms-front-center-airbag-in-action_100365546_m-e1317415694150.jpg\" alt=\"Airbag frontal central em colis\u00e3o lateral, protegendo passageiro e motorista\" width=\"545\" height=\"367\" \/><\/p>\n<p>Pesquisas realizadas pela National Highway Traffic Safety Administration (NHTSA) descobriram que colis\u00f5es com impacto lateral representaram 11 por cento das mortes dos ocupantes da frente em impactos sem capotagem entre 2004 e 2009.<\/p>\n<p><img loading=\"lazy\" decoding=\"async\" class=\"aligncenter size-full wp-image-5335\" title=\"gms-front-center-airbag-in-action_100365542_m\" src=\"http:\/\/www.ultramotors.com.br\/wp-content\/uploads\/2011\/09\/gms-front-center-airbag-in-action_100365542_m-e1317415781716.jpg\" alt=\"Airbag frontal central da GM\" width=\"545\" height=\"382\" \/><\/p>\n<p>O airbag em s\u00ed foi desenvolvido primeiramente pela fornecedora da GM &#8211; Takata, o que significa que a maioria das montadoras dever\u00e3o adotar caracter\u00edsticas de seguran\u00e7a semelhantes no futuro pr\u00f3ximo.<\/p>\n<p><img loading=\"lazy\" decoding=\"async\" class=\"aligncenter size-full wp-image-5336\" title=\"gms-front-center-airbag-in-action_100365545_m\" src=\"http:\/\/www.ultramotors.com.br\/wp-content\/uploads\/2011\/09\/gms-front-center-airbag-in-action_100365545_m-e1317415872186.jpg\" alt=\"Novo airbag frontal central da GM em a\u00e7\u00e3o, testes\" width=\"545\" height=\"256\" \/><\/p>\n","protected":false},"excerpt":{"rendered":"<p>A General Motors anunciou planos para lan\u00e7ar o primeiro airbag frontal central da ind\u00fastria, projetado para ajudar a proteger motoristas e passageiros sentados nos assentos frontais em colis\u00f5es de impacto lateral quando \u00e9 comum um passageiro ser lan\u00e7ado em dire\u00e7\u00e3o ao outro. Al\u00e9m de atuar como uma almofada de absor\u00e7\u00e3o de energia entre o motorista [&hellip;]<\/p>\n","protected":false},"author":1,"featured_media":5333,"comment_status":"open","ping_status":"open","sticky":false,"template":"","format":"standard","meta":{"footnotes":""},"categories":[1],"tags":[],"class_list":["post-5332","post","type-post","status-publish","format-standard","has-post-thumbnail","hentry","category-blog"],"_links":{"self":[{"href":"https:\/\/br.ultramotors.org\/seminovos\/wp-json\/wp\/v2\/posts\/5332","targetHints":{"allow":["GET"]}}],"collection":[{"href":"https:\/\/br.ultramotors.org\/seminovos\/wp-json\/wp\/v2\/posts"}],"about":[{"href":"https:\/\/br.ultramotors.org\/seminovos\/wp-json\/wp\/v2\/types\/post"}],"author":[{"embeddable":true,"href":"https:\/\/br.ultramotors.org\/seminovos\/wp-json\/wp\/v2\/users\/1"}],"replies":[{"embeddable":true,"href":"https:\/\/br.ultramotors.org\/seminovos\/wp-json\/wp\/v2\/comments?post=5332"}],"version-history":[{"count":0,"href":"https:\/\/br.ultramotors.org\/seminovos\/wp-json\/wp\/v2\/posts\/5332\/revisions"}],"wp:featuredmedia":[{"embeddable":true,"href":"https:\/\/br.ultramotors.org\/seminovos\/wp-json\/wp\/v2\/media\/5333"}],"wp:attachment":[{"href":"https:\/\/br.ultramotors.org\/seminovos\/wp-json\/wp\/v2\/media?parent=5332"}],"wp:term":[{"taxonomy":"category","embeddable":true,"href":"https:\/\/br.ultramotors.org\/seminovos\/wp-json\/wp\/v2\/categories?post=5332"},{"taxonomy":"post_tag","embeddable":true,"href":"https:\/\/br.ultramotors.org\/seminovos\/wp-json\/wp\/v2\/tags?post=5332"}],"curies":[{"name":"wp","href":"https:\/\/api.w.org\/{rel}","templated":true}]}}