{"id":5294,"date":"2011-09-29T13:27:53","date_gmt":"2011-09-29T16:27:53","guid":{"rendered":"http:\/\/www.ultramotors.com.br\/?p=5294"},"modified":"2022-10-05T21:06:17","modified_gmt":"2022-10-06T00:06:17","slug":"as-picapes-utilitarios-e-suvs-mais-vendidos-em-agosto-de-2011","status":"publish","type":"post","link":"https:\/\/br.ultramotors.org\/seminovos\/blog\/as-picapes-utilitarios-e-suvs-mais-vendidos-em-agosto-de-2011\/","title":{"rendered":"As picapes, utilit\u00e1rios e SUV&#8217;s mais vendidos em agosto de 2011"},"content":{"rendered":"<p>Os <a href=\"http:\/\/www.ultramotors.com.br\/os-carros-mais-vendidos-em-agosto-de-2011\/\" rel=\"nofollow noopener\" target=\"_blank\">emplacamentos de autom\u00f3veis<\/a> e <strong>comerciais leves<\/strong> registraram alta na compara\u00e7\u00e3o entre os acumulados de 2010 e 2009. Juntos, os segmentos cresceram 8,50%, saltando de 1.914.821 unidades para 2.077.521 unidades. De julho para agosto, os emplacamentos dos segmentos aumentaram 3,99%. Foram negociadas 296.609 unidades em agosto, ante 285.228 unidades em julho. No total foram 70.903 comerciais leves vendidos.<\/p>\n<p>A Fiat mant\u00eam o status de marca com maior participa\u00e7\u00e3o no segmento com 20,62%, e praticamente todo o cr\u00e9dito vai para a picape leve Strada que vendeu\u00a011.237 unidades e foi o comercial leve mais vendido. \u00a0Volkswagen Saveiro e GM Montana completaram o p\u00f3dio.<\/p>\n<p>[table id=21 \/]<\/p>\n<p>&nbsp;<\/p>\n<p><img loading=\"lazy\" decoding=\"async\" class=\"aligncenter size-full wp-image-5295\" title=\"rsz_graph_(32)\" src=\"http:\/\/www.ultramotors.com.br\/wp-content\/uploads\/2011\/09\/rsz_graph_32.png\" alt=\"Os comerciais leves mais vendidos em agosto de 2011 divididos por regi\u00f5es, gr\u00e1fico\" width=\"545\" height=\"420\" srcset=\"https:\/\/br.ultramotors.org\/seminovos\/wp-content\/uploads\/2011\/09\/rsz_graph_32.png 545w, https:\/\/br.ultramotors.org\/seminovos\/wp-content\/uploads\/2011\/09\/rsz_graph_32-50x38.png 50w, https:\/\/br.ultramotors.org\/seminovos\/wp-content\/uploads\/2011\/09\/rsz_graph_32-194x150.png 194w, https:\/\/br.ultramotors.org\/seminovos\/wp-content\/uploads\/2011\/09\/rsz_graph_32-500x385.png 500w, https:\/\/br.ultramotors.org\/seminovos\/wp-content\/uploads\/2011\/09\/rsz_graph_32-100x77.png 100w, https:\/\/br.ultramotors.org\/seminovos\/wp-content\/uploads\/2011\/09\/rsz_graph_32-150x115.png 150w\" sizes=\"auto, (max-width: 545px) 100vw, 545px\" \/><\/p>\n<p>&nbsp;<\/p>\n<p>[table id=22 \/]<\/p>\n<p>&nbsp;<\/p>\n<p>[Fonte:\u00a0<a href=\"http:\/\/www.ultramotors.com.br\/\" rel=\"nofollow noopener\" target=\"_blank\">UltraMotors<\/a>\u00a0\/ Refer\u00eancia: Fenabrave]<\/p>\n","protected":false},"excerpt":{"rendered":"<p>Os emplacamentos de autom\u00f3veis e comerciais leves registraram alta na compara\u00e7\u00e3o entre os acumulados de 2010 e 2009. Juntos, os segmentos cresceram 8,50%, saltando de 1.914.821 unidades para 2.077.521 unidades. De julho para agosto, os emplacamentos dos segmentos aumentaram 3,99%. Foram negociadas 296.609 unidades em agosto, ante 285.228 unidades em julho. No total foram 70.903 [&hellip;]<\/p>\n","protected":false},"author":1,"featured_media":5297,"comment_status":"open","ping_status":"open","sticky":false,"template":"","format":"standard","meta":{"footnotes":""},"categories":[1,3235],"tags":[],"class_list":["post-5294","post","type-post","status-publish","format-standard","has-post-thumbnail","hentry","category-blog","category-carros-mais-vendidos"],"_links":{"self":[{"href":"https:\/\/br.ultramotors.org\/seminovos\/wp-json\/wp\/v2\/posts\/5294","targetHints":{"allow":["GET"]}}],"collection":[{"href":"https:\/\/br.ultramotors.org\/seminovos\/wp-json\/wp\/v2\/posts"}],"about":[{"href":"https:\/\/br.ultramotors.org\/seminovos\/wp-json\/wp\/v2\/types\/post"}],"author":[{"embeddable":true,"href":"https:\/\/br.ultramotors.org\/seminovos\/wp-json\/wp\/v2\/users\/1"}],"replies":[{"embeddable":true,"href":"https:\/\/br.ultramotors.org\/seminovos\/wp-json\/wp\/v2\/comments?post=5294"}],"version-history":[{"count":1,"href":"https:\/\/br.ultramotors.org\/seminovos\/wp-json\/wp\/v2\/posts\/5294\/revisions"}],"predecessor-version":[{"id":77121,"href":"https:\/\/br.ultramotors.org\/seminovos\/wp-json\/wp\/v2\/posts\/5294\/revisions\/77121"}],"wp:featuredmedia":[{"embeddable":true,"href":"https:\/\/br.ultramotors.org\/seminovos\/wp-json\/wp\/v2\/media\/5297"}],"wp:attachment":[{"href":"https:\/\/br.ultramotors.org\/seminovos\/wp-json\/wp\/v2\/media?parent=5294"}],"wp:term":[{"taxonomy":"category","embeddable":true,"href":"https:\/\/br.ultramotors.org\/seminovos\/wp-json\/wp\/v2\/categories?post=5294"},{"taxonomy":"post_tag","embeddable":true,"href":"https:\/\/br.ultramotors.org\/seminovos\/wp-json\/wp\/v2\/tags?post=5294"}],"curies":[{"name":"wp","href":"https:\/\/api.w.org\/{rel}","templated":true}]}}