{"id":5232,"date":"2011-09-27T18:06:14","date_gmt":"2011-09-27T21:06:14","guid":{"rendered":"http:\/\/www.ultramotors.com.br\/?p=5232"},"modified":"2011-09-27T18:33:10","modified_gmt":"2011-09-27T21:33:10","slug":"nissan-march-chega-para-se-destacar-no-maior-segmento-do-mercado-brasileiro","status":"publish","type":"post","link":"https:\/\/br.ultramotors.org\/seminovos\/blog\/nissan-march-chega-para-se-destacar-no-maior-segmento-do-mercado-brasileiro\/","title":{"rendered":"Nissan March chega para se destacar no maior segmento do mercado brasileiro"},"content":{"rendered":"<p>O <strong>novo March<\/strong> j\u00e1 est\u00e1 dispon\u00edvel na rede de concession\u00e1rias da Nissan. Como a pr\u00f3pria marca diz, e eu concordo, o objetivo \u00e9 levar o DNA de qualidade a um pre\u00e7o acess\u00edvel ao maior n\u00famero de consumidores pelo mundo. E este custo-benef\u00edcio est\u00e1 agora dispon\u00edvel para o brasileiro, j\u00e1 que o March chega com uma lista recheada de equipamentos de s\u00e9rie que fazem a diferen\u00e7a no segmento de populares compactos.<\/p>\n<p>O <a href=\"http:\/\/www.ultramotors.com.br\/tag\/nissan\/\" rel=\"nofollow noopener\" target=\"_blank\">Nissan March<\/a> \u00e9 equipado com duas op\u00e7\u00f5es de motoriza\u00e7\u00e3o, o motor 1.0 16V com duas vers\u00f5es de acabamento: 1.0 e 1.0S, gerando 74 cavalos a 4.350 rpm e 10 kgfm de torque na mesma rota\u00e7\u00e3o. E o motor 1.6 16V, op\u00e7\u00e3o prevista para novembro, com a vers\u00e3o 1.6S, que tem 111 cavalos de pot\u00eancia e \u00e9 t\u00e3o equipada quanto o 1.0S. Haver\u00e1 ainda a 1.6SV e a 1.6 SR, com visual mais esportivo e itens exclusivos como retrovisores externos, ponteira de escapamento cromada, rodas de liga leve e kit aerodin\u00e2mico.<\/p>\n<p>Na minha vis\u00e3o o disputado segmento dos hatches compactos ganhou um concorrente muito forte.<\/p>\n<p><img loading=\"lazy\" decoding=\"async\" class=\"aligncenter size-full wp-image-5233\" title=\"march-aldeida-da-serra-2_f\" src=\"http:\/\/www.ultramotors.com.br\/wp-content\/uploads\/2011\/09\/march-aldeida-da-serra-2_f-e1317155703160.jpg\" alt=\"Nissan lan\u00e7a o March, a partir de R$27.000\" width=\"545\" height=\"363\" \/><\/p>\n<p><img loading=\"lazy\" decoding=\"async\" class=\"aligncenter size-full wp-image-5234\" title=\"march-centro-1_f\" src=\"http:\/\/www.ultramotors.com.br\/wp-content\/uploads\/2011\/09\/march-centro-1_f-e1317155778581.jpg\" alt=\"Nissan lan\u00e7a o March, a partir de R$27.000, lateral\" width=\"545\" height=\"363\" \/><\/p>\n<p><img loading=\"lazy\" decoding=\"async\" class=\"aligncenter size-full wp-image-5235\" title=\"march-centro-2_f\" src=\"http:\/\/www.ultramotors.com.br\/wp-content\/uploads\/2011\/09\/march-centro-2_f-e1317155826970.jpg\" alt=\"Nissan lan\u00e7a o March, a partir de R$27.000, traseira\" width=\"545\" height=\"363\" \/><\/p>\n<p><img loading=\"lazy\" decoding=\"async\" class=\"aligncenter size-full wp-image-5239\" title=\"march_interior\" src=\"http:\/\/www.ultramotors.com.br\/wp-content\/uploads\/2011\/09\/march_interior1-e1317157517305.jpg\" alt=\"Nissan March, interior\" width=\"545\" height=\"363\" \/><strong><\/strong><\/p>\n<p><strong>VERS\u00d5ES E EQUIPAMENTOS<\/strong><\/p>\n<p>Confira o que cada vers\u00e3o do March traz de s\u00e9rie:<\/p>\n<p>1.0<\/p>\n<p>Airbags frontais para motorista e passageiro<br \/>\nAcelerador eletr\u00f4nico do motor (drive-by-wire)<br \/>\nAr quente<br \/>\nBanco do motorista com regulagem de altura e \u201cComfort Seat\u201d<br \/>\nComputador de bordo<br \/>\nConsole central com 3 porta copos e porta objetos<br \/>\nConta-giros<br \/>\nDisplay digital de quilometragem total e parcial<br \/>\nPara-sol com espelhos cortesia para motorista e passageiro<br \/>\nPorta-luvas com tampa<br \/>\nPortas dianteiras com porta objetos e suporte para garrafa<br \/>\nTampa de combust\u00edvel com abertura interna<br \/>\nTomada de 12V integrada ao console central<br \/>\nGrade frontal com acabamento cromado<br \/>\nRetrovisores externos rebat\u00edveis<br \/>\nRodas de a\u00e7o de 14\u2033 e pneus 165\/70 R14<br \/>\nAlarme de advert\u00eancia sonoro para chave no contato e lanternas acesas<br \/>\nApoios de cabe\u00e7a dianteiros com regulagem de altura (2)<br \/>\nApoios de cabe\u00e7a traseiros com regulagem de altura (2)<br \/>\nBloqueio de igni\u00e7\u00e3o atrav\u00e9s de imobilizador do motor<br \/>\nCintos de seguran\u00e7a dianteiros com pr\u00e9-tensionadores<br \/>\nCintos de seguran\u00e7a traseiros laterais de 3 pontos retr\u00e1teis e central de 2 pontos<br \/>\nLimpador de p\u00e1ra-brisa com 3 velocidades com controle intermitente<br \/>\nPrepara\u00e7\u00e3o para \u00e1udio<br \/>\nAntena<br \/>\n1.0S<\/p>\n<p>Todos da vers\u00e3o 1.0 acrescidos de:<\/p>\n<p>Ar-condicionado<br \/>\nDire\u00e7\u00e3o el\u00e9trica progressiva<br \/>\nAbertura e fechamento das portas e porta-malas por controle remoto<br \/>\nDesemba\u00e7ador do vidro traseiro com temporizador<br \/>\nPorta malas com ilumina\u00e7\u00e3o<br \/>\nRetrovisores externos com regulagem el\u00e9trica e na cor da carroceria<br \/>\nTravas el\u00e9tricas das portas e porta-malas<br \/>\nVidros dianteiros e traseiros el\u00e9tricos<br \/>\nVolante de tr\u00eas raios com regulagem de altura<br \/>\nCalotas integrais<br \/>\nRetrovisores externos na cor da carroceria<br \/>\nRevestimento das portas dianteiras em tecido<br \/>\nAl\u00e7as de teto para o passageiro<br \/>\nLimpador de p\u00e1ra-brisa com 9 velocidades com controle intermitente<br \/>\nLimpador traseiro com controle intermitente<br \/>\nTravamento autom\u00e1tico das portas com o ve\u00edculo em movimento<br \/>\nOPCIONAIS<\/p>\n<p>1.0<\/p>\n<p>Pacote \u201cPlus\u201d<\/p>\n<p>Limpador, lavador e desemba\u00e7ador traseiro temporizado<br \/>\nRegulagem interna dos espelhos retrovisores<br \/>\nCalotas integrais<br \/>\nPacote \u201cConforto\u201d<\/p>\n<p>Ar-condicionado<br \/>\nDire\u00e7\u00e3o el\u00e9trica progressiva<br \/>\nVolante com Regulagem de altura<br \/>\nPacote \u201cRoda\u201d (vinculado ao Pacote \u201cConforto\u201d)<\/p>\n<p>Rodas de liga-leve 15\u201d e pneus 175\/60 R15<\/p>\n<p>1.0S<\/p>\n<p>Pacote \u201cRoda\u201d<\/p>\n<p>Rodas de liga-leve 15\u201d e pneus 175\/60 R15<\/p>\n<p>1.6S<\/p>\n<p>Todos da vers\u00e3o 1.0S acrescidos de:<\/p>\n<p>Motor 1.6 16V com 111 cavalos de pot\u00eancia a 5.600 rpm<br \/>\nOPCIONAL<\/p>\n<p>Pacote \u201cRoda\u201d<\/p>\n<p>Rodas de liga-leve 15\u201d e pneus 175\/60 R15<\/p>\n<p>1.6SV<\/p>\n<p>Todos da vers\u00e3o 1.6S acrescidos de:<\/p>\n<p>Acionamento do alarme perim\u00e9trico por controle remoto<br \/>\nRodas de liga leve de 15\u201d e pneus 175\/60 R15<br \/>\n4 altofalantes<br \/>\nR\u00e1dio CD Player com fun\u00e7\u00e3o MP3 e entrada auxiliar<\/p>\n<p>1.6SR<\/p>\n<p>Todos da vers\u00e3o 1.6SV acrescidos de:<\/p>\n<p>Adesivos espec\u00edficos para vers\u00e3o SR<br \/>\nAerokit (saias laterais, esp\u00f3ilers dianteiro, traseiro e aerof\u00f3lio)<br \/>\nPonteira de escapamento cromada<br \/>\nRetrovisores externos personalizados para vers\u00e3o SR<br \/>\nRodas de liga leve de 15\u201d na cor titanium e pneus 175\/60 R15<br \/>\nCORES (1.0 e 1.6)<\/p>\n<p>S\u00f3lidas:<\/p>\n<p>Branco Aspen<br \/>\nPreta Premium<br \/>\nMet\u00e1licas:<\/p>\n<p>Prata Classic<br \/>\nCinza Magnetic<br \/>\nVermelho Fuji<br \/>\nLaranja Calif\u00f3rnia<br \/>\nAzul Egeu<br \/>\nConfira os pre\u00e7os de cada vers\u00e3o:<\/p>\n<p>March 1.0: R$ 27.790<\/p>\n<p>March 1.0 Pacote Plus: R$ 28.490<\/p>\n<p>March 1.0 Pacote Conforto: R$ 31.990<\/p>\n<p>March 1.0S: R$ 33.390<\/p>\n<p>March 1.6S: R$ 35.890<\/p>\n<p>March 1.6SV: R$ 37.990<\/p>\n<p>March 1.6SR: R$ 39.990<\/p>\n<p>Pacote Roda: R$ 700<\/p>\n<p>Pintura Met\u00e1lica: R$ 720<\/p>\n<p>A Nissan informou que os pre\u00e7os das revis\u00f5es obrigat\u00f3rias ser\u00e3o fixos e nacionais para que o propriet\u00e1rio do March saiba desde a hora da compra quanto gastar\u00e1 nas revis\u00f5es peri\u00f3dicas (a cada 10,000 km ou 12 meses, o que ocorrer primeiro). A m\u00e3o de obra est\u00e1 inclusa nestes valores fechados, que ser\u00e3o os mesmos nas 113 concession\u00e1rias Nissan de todo o Pa\u00eds. Confira os valores, que incluem pe\u00e7as, \u00f3leo e m\u00e3o de obra:<\/p>\n<p>10 mil km \u2013 R$ 149<br \/>\n20 mil km \u2013 R$ 299<br \/>\n30 mil km \u2013 R$ 249<br \/>\n40 mil km \u2013 R$ 499<br \/>\n50 mil km \u2013 R$ 249<br \/>\n60 mil km \u2013 R$ 299<\/p>\n<p>[Refer\u00eancia: Nissan do Brasil]<\/p>\n","protected":false},"excerpt":{"rendered":"<p>O novo March j\u00e1 est\u00e1 dispon\u00edvel na rede de concession\u00e1rias da Nissan. Como a pr\u00f3pria marca diz, e eu concordo, o objetivo \u00e9 levar o DNA de qualidade a um pre\u00e7o acess\u00edvel ao maior n\u00famero de consumidores pelo mundo. E este custo-benef\u00edcio est\u00e1 agora dispon\u00edvel para o brasileiro, j\u00e1 que o March chega com uma [&hellip;]<\/p>\n","protected":false},"author":1,"featured_media":5237,"comment_status":"open","ping_status":"open","sticky":false,"template":"","format":"standard","meta":{"footnotes":""},"categories":[1],"tags":[],"class_list":["post-5232","post","type-post","status-publish","format-standard","has-post-thumbnail","hentry","category-blog"],"_links":{"self":[{"href":"https:\/\/br.ultramotors.org\/seminovos\/wp-json\/wp\/v2\/posts\/5232","targetHints":{"allow":["GET"]}}],"collection":[{"href":"https:\/\/br.ultramotors.org\/seminovos\/wp-json\/wp\/v2\/posts"}],"about":[{"href":"https:\/\/br.ultramotors.org\/seminovos\/wp-json\/wp\/v2\/types\/post"}],"author":[{"embeddable":true,"href":"https:\/\/br.ultramotors.org\/seminovos\/wp-json\/wp\/v2\/users\/1"}],"replies":[{"embeddable":true,"href":"https:\/\/br.ultramotors.org\/seminovos\/wp-json\/wp\/v2\/comments?post=5232"}],"version-history":[{"count":0,"href":"https:\/\/br.ultramotors.org\/seminovos\/wp-json\/wp\/v2\/posts\/5232\/revisions"}],"wp:featuredmedia":[{"embeddable":true,"href":"https:\/\/br.ultramotors.org\/seminovos\/wp-json\/wp\/v2\/media\/5237"}],"wp:attachment":[{"href":"https:\/\/br.ultramotors.org\/seminovos\/wp-json\/wp\/v2\/media?parent=5232"}],"wp:term":[{"taxonomy":"category","embeddable":true,"href":"https:\/\/br.ultramotors.org\/seminovos\/wp-json\/wp\/v2\/categories?post=5232"},{"taxonomy":"post_tag","embeddable":true,"href":"https:\/\/br.ultramotors.org\/seminovos\/wp-json\/wp\/v2\/tags?post=5232"}],"curies":[{"name":"wp","href":"https:\/\/api.w.org\/{rel}","templated":true}]}}