{"id":5022,"date":"2011-09-17T21:44:07","date_gmt":"2011-09-18T00:44:07","guid":{"rendered":"http:\/\/www.ultramotors.com.br\/?p=5022"},"modified":"2011-09-17T21:44:07","modified_gmt":"2011-09-18T00:44:07","slug":"frankfurt-esse-e-o-novo-honda-civic-europeu-fotos-e-informacoes","status":"publish","type":"post","link":"https:\/\/br.ultramotors.org\/seminovos\/blog\/frankfurt-esse-e-o-novo-honda-civic-europeu-fotos-e-informacoes\/","title":{"rendered":"Frankfurt: Esse \u00e9 o novo Honda Civic Europeu, fotos e informa\u00e7\u00f5es"},"content":{"rendered":"<p>N\u00f3s sab\u00edamos que ele estava vindo para o <strong>Sal\u00e3o do Autom\u00f3vel de Frankfurt 2011<\/strong>, seguem as fotos e as informa\u00e7\u00f5es oficiais sobre o <strong><a href=\"http:\/\/www.ultramotors.com.br\/tag\/honda\/\" rel=\"nofollow noopener\" target=\"_blank\">Honda<\/a> Civic Europeu<\/strong>.<\/p>\n<p>Esta \u00e9 a nona gera\u00e7\u00e3o do carro, e mais uma vez manteve uma mistura de estilo entre sedan e hatchback.<\/p>\n<p>Como haviamos mencionado a parte traseira do Civic Europeu \u00e9 uma combina\u00e7\u00e3o de lanternas que tamb\u00e9m funcionam como um spoiler aerodin\u00e2mico, gerenciando o fluxo de ar por cima e dos lados do carro.<\/p>\n<p>Nos mercados onde ser\u00e1 vendido, o Civic Europeu-spec ter\u00e1 como op\u00e7\u00f5es o motor a gasolina de 1.8 litros ou um 2,2 litros turbodiesel. A nova unidade de g\u00e1s \u00e9 encarregada de produzir emiss\u00f5es com cerca de 10% menos CO2 do que a unidade anterior, enquanto o diesel deve ser cerca de 20% mais limpo.<\/p>\n<p>As primeiras vendas est\u00e3o programadas para o come\u00e7o do pr\u00f3ximo ano.<\/p>\n<p><img loading=\"lazy\" decoding=\"async\" class=\"aligncenter size-full wp-image-5023\" title=\"honda-civic-europeu-frente\" src=\"http:\/\/www.ultramotors.com.br\/wp-content\/uploads\/2011\/09\/honda-civic_100363099_l-e1316305751989.jpg\" alt=\"Sal\u00e3o de Frankfurt: Honda Civic Europeu\" width=\"545\" height=\"323\" \/><\/p>\n<p><img loading=\"lazy\" decoding=\"async\" class=\"aligncenter size-full wp-image-5024\" title=\"honda-civic-traseira\" src=\"http:\/\/www.ultramotors.com.br\/wp-content\/uploads\/2011\/09\/honda-civic_100363098_l-e1316305871899.jpg\" alt=\"Sal\u00e3o de Frankfurt: Honda Civic Europeu\" width=\"545\" height=\"340\" \/><\/p>\n<p><img loading=\"lazy\" decoding=\"async\" class=\"aligncenter size-full wp-image-5025\" title=\"honda-civic-lanternas\" src=\"http:\/\/www.ultramotors.com.br\/wp-content\/uploads\/2011\/09\/honda-civic_100363097_l-e1316305931475.jpg\" alt=\"Sal\u00e3o de Frankfurt: Honda Civic Europeu\" width=\"545\" height=\"367\" \/><\/p>\n<p><img loading=\"lazy\" decoding=\"async\" class=\"aligncenter size-full wp-image-5026\" title=\"honda-civic-lateral\" src=\"http:\/\/www.ultramotors.com.br\/wp-content\/uploads\/2011\/09\/honda-civic_100363095_l-e1316305981314.jpg\" alt=\"Sal\u00e3o de Frankfurt: Honda Civic Europeu\" width=\"545\" height=\"295\" \/><\/p>\n<p><img loading=\"lazy\" decoding=\"async\" class=\"aligncenter size-full wp-image-5027\" title=\"honda-civic-interior\" src=\"http:\/\/www.ultramotors.com.br\/wp-content\/uploads\/2011\/09\/honda-civic_100363101_l-e1316306038505.jpg\" alt=\"Sal\u00e3o de Frankfurt: Honda Civic Europeu\" width=\"545\" height=\"401\" \/><\/p>\n<p>[Refer\u00eancia: MotorAuthority]<\/p>\n","protected":false},"excerpt":{"rendered":"<p>N\u00f3s sab\u00edamos que ele estava vindo para o Sal\u00e3o do Autom\u00f3vel de Frankfurt 2011, seguem as fotos e as informa\u00e7\u00f5es oficiais sobre o Honda Civic Europeu. Esta \u00e9 a nona gera\u00e7\u00e3o do carro, e mais uma vez manteve uma mistura de estilo entre sedan e hatchback. Como haviamos mencionado a parte traseira do Civic Europeu [&hellip;]<\/p>\n","protected":false},"author":1,"featured_media":5028,"comment_status":"open","ping_status":"open","sticky":false,"template":"","format":"standard","meta":{"footnotes":""},"categories":[1],"tags":[],"class_list":["post-5022","post","type-post","status-publish","format-standard","has-post-thumbnail","hentry","category-blog"],"_links":{"self":[{"href":"https:\/\/br.ultramotors.org\/seminovos\/wp-json\/wp\/v2\/posts\/5022","targetHints":{"allow":["GET"]}}],"collection":[{"href":"https:\/\/br.ultramotors.org\/seminovos\/wp-json\/wp\/v2\/posts"}],"about":[{"href":"https:\/\/br.ultramotors.org\/seminovos\/wp-json\/wp\/v2\/types\/post"}],"author":[{"embeddable":true,"href":"https:\/\/br.ultramotors.org\/seminovos\/wp-json\/wp\/v2\/users\/1"}],"replies":[{"embeddable":true,"href":"https:\/\/br.ultramotors.org\/seminovos\/wp-json\/wp\/v2\/comments?post=5022"}],"version-history":[{"count":0,"href":"https:\/\/br.ultramotors.org\/seminovos\/wp-json\/wp\/v2\/posts\/5022\/revisions"}],"wp:featuredmedia":[{"embeddable":true,"href":"https:\/\/br.ultramotors.org\/seminovos\/wp-json\/wp\/v2\/media\/5028"}],"wp:attachment":[{"href":"https:\/\/br.ultramotors.org\/seminovos\/wp-json\/wp\/v2\/media?parent=5022"}],"wp:term":[{"taxonomy":"category","embeddable":true,"href":"https:\/\/br.ultramotors.org\/seminovos\/wp-json\/wp\/v2\/categories?post=5022"},{"taxonomy":"post_tag","embeddable":true,"href":"https:\/\/br.ultramotors.org\/seminovos\/wp-json\/wp\/v2\/tags?post=5022"}],"curies":[{"name":"wp","href":"https:\/\/api.w.org\/{rel}","templated":true}]}}