{"id":5016,"date":"2011-09-17T21:07:35","date_gmt":"2011-09-18T00:07:35","guid":{"rendered":"http:\/\/www.ultramotors.com.br\/?p=5016"},"modified":"2011-09-17T21:08:47","modified_gmt":"2011-09-18T00:08:47","slug":"frankfurt-volkswagen-apresenta-o-seu-conceito-do-buggy","status":"publish","type":"post","link":"https:\/\/br.ultramotors.org\/seminovos\/blog\/frankfurt-volkswagen-apresenta-o-seu-conceito-do-buggy\/","title":{"rendered":"Frankfurt: Volkswagen apresenta o seu conceito do Buggy"},"content":{"rendered":"<p>Entre os carros conceitos apresentados pela <a href=\"http:\/\/www.ultramotors.com.br\/tag\/volkswagen\/\" rel=\"nofollow noopener\" target=\"_blank\">Volkswagen<\/a> no <strong>Sal\u00e3o de Frankfurt<\/strong>, sem d\u00favida um dos grandes destaques foi o <strong>buggy Up!<\/strong>. Que recupera o conceito dos lend\u00e1rios\u00a0<strong>buggys<\/strong> nascidos na Calif\u00f3rnia sobre a base do Beetle (Fusca).<\/p>\n<p>O modelo aberto de dois lugares, sem portas e com uma simples capota amarrada na parte traseira quando o sol passar do desej\u00e1vel, utiliza a plataforma e a mec\u00e2nica do Up, um carro compacto que a VW lan\u00e7a no mesmo evento.<\/p>\n<p>Os materiais usados no interior s\u00e3o \u00e0 prova de \u00e1gua como conv\u00e9m em um carro deste g\u00eanero. Tanto nos assentos como no ch\u00e3o do carro existem pequenos orif\u00edcios para escoar a \u00e1gua.<\/p>\n<h2>Volkswagen Buggy Up! 2011 Conceito<\/h2>\n<p><iframe loading=\"lazy\" src=\"http:\/\/www.youtube.com\/embed\/SyN8HM7qhNM\" frameborder=\"0\" width=\"555\" height=\"315\"><\/iframe><\/p>\n<blockquote><p>Um buggy (tamb\u00e9m chamado, erroneamente, de bugre) \u00e9 um autom\u00f3vel recreacional, de rodas e pneus largos, leve e aberto (geralmente de fibra), geralmente adaptado para terrenos arenosos. \u00c9 muito usado nas dunas do Nordeste do Brasil, principalmente no Rio Grande do Norte e no Cear\u00e1, onde os chamados bugueiros ganham a vida dirigindo ou alugando esse tipo de ve\u00edculo para turistas ou participando de clubes organizados, como o Clube do Buggy Cear\u00e1, por exemplo.<\/p><\/blockquote>\n<p>[Refer\u00eancia: AutoPortal, Wikip\u00e9dia]<\/p>\n","protected":false},"excerpt":{"rendered":"<p>Entre os carros conceitos apresentados pela Volkswagen no Sal\u00e3o de Frankfurt, sem d\u00favida um dos grandes destaques foi o buggy Up!. Que recupera o conceito dos lend\u00e1rios\u00a0buggys nascidos na Calif\u00f3rnia sobre a base do Beetle (Fusca). O modelo aberto de dois lugares, sem portas e com uma simples capota amarrada na parte traseira quando o [&hellip;]<\/p>\n","protected":false},"author":1,"featured_media":5017,"comment_status":"open","ping_status":"open","sticky":false,"template":"","format":"standard","meta":{"footnotes":""},"categories":[1],"tags":[],"class_list":["post-5016","post","type-post","status-publish","format-standard","has-post-thumbnail","hentry","category-blog"],"_links":{"self":[{"href":"https:\/\/br.ultramotors.org\/seminovos\/wp-json\/wp\/v2\/posts\/5016","targetHints":{"allow":["GET"]}}],"collection":[{"href":"https:\/\/br.ultramotors.org\/seminovos\/wp-json\/wp\/v2\/posts"}],"about":[{"href":"https:\/\/br.ultramotors.org\/seminovos\/wp-json\/wp\/v2\/types\/post"}],"author":[{"embeddable":true,"href":"https:\/\/br.ultramotors.org\/seminovos\/wp-json\/wp\/v2\/users\/1"}],"replies":[{"embeddable":true,"href":"https:\/\/br.ultramotors.org\/seminovos\/wp-json\/wp\/v2\/comments?post=5016"}],"version-history":[{"count":0,"href":"https:\/\/br.ultramotors.org\/seminovos\/wp-json\/wp\/v2\/posts\/5016\/revisions"}],"wp:featuredmedia":[{"embeddable":true,"href":"https:\/\/br.ultramotors.org\/seminovos\/wp-json\/wp\/v2\/media\/5017"}],"wp:attachment":[{"href":"https:\/\/br.ultramotors.org\/seminovos\/wp-json\/wp\/v2\/media?parent=5016"}],"wp:term":[{"taxonomy":"category","embeddable":true,"href":"https:\/\/br.ultramotors.org\/seminovos\/wp-json\/wp\/v2\/categories?post=5016"},{"taxonomy":"post_tag","embeddable":true,"href":"https:\/\/br.ultramotors.org\/seminovos\/wp-json\/wp\/v2\/tags?post=5016"}],"curies":[{"name":"wp","href":"https:\/\/api.w.org\/{rel}","templated":true}]}}