{"id":4805,"date":"2011-09-02T23:54:11","date_gmt":"2011-09-03T02:54:11","guid":{"rendered":"http:\/\/www.ultramotors.com.br\/?p=4805"},"modified":"2022-10-05T21:06:12","modified_gmt":"2022-10-06T00:06:12","slug":"os-carros-mais-vendidos-em-agosto-de-2011","status":"publish","type":"post","link":"https:\/\/br.ultramotors.org\/seminovos\/blog\/os-carros-mais-vendidos-em-agosto-de-2011\/","title":{"rendered":"Os carros mais vendidos em agosto de 2011"},"content":{"rendered":"<p>Os <strong>emplacamentos de autom\u00f3veis<\/strong> e comerciais leves registraram alta na compara\u00e7\u00e3o entre os acumulados de 2011 e de 2010. Juntos, os segmentos cresceram 7,53%, saltando de 2.077.350 unidades para 2.233.757 <strong>ve\u00edculos<\/strong>. De julho para agosto, os emplacamentos dos segmentos aumentaram 6,90%. Foram comercializadas 307.824 unidades em agosto, ante 287.967 unidades em julho.<\/p>\n<p>Como de costume o Volkswagen Gol foi o <a href=\"http:\/\/www.ultramotors.com.br\/tag\/mercado-automotivo\/\" rel=\"nofollow noopener\" target=\"_blank\">carro mais vendido<\/a> com 27.203 unidades vendidas, contra 24.947 Unos da Fiat. Uma novidade foi o aumento da participa\u00e7\u00e3o no mercado da Volkswagen que nesse m\u00eas de agosto superou a Fiat.<\/p>\n<p>[table id=17 \/]<\/p>\n<p>&nbsp;<\/p>\n<p><img loading=\"lazy\" decoding=\"async\" class=\"aligncenter size-full wp-image-4806\" title=\"carros-vendidos-marcas-agosto\" src=\"http:\/\/www.ultramotors.com.br\/wp-content\/uploads\/2011\/09\/rsz_graph_31.png\" alt=\"As marcas mais vendidas em agosto - carros\" width=\"545\" height=\"420\" srcset=\"https:\/\/br.ultramotors.org\/seminovos\/wp-content\/uploads\/2011\/09\/rsz_graph_31.png 545w, https:\/\/br.ultramotors.org\/seminovos\/wp-content\/uploads\/2011\/09\/rsz_graph_31-50x38.png 50w, https:\/\/br.ultramotors.org\/seminovos\/wp-content\/uploads\/2011\/09\/rsz_graph_31-194x150.png 194w, https:\/\/br.ultramotors.org\/seminovos\/wp-content\/uploads\/2011\/09\/rsz_graph_31-500x385.png 500w, https:\/\/br.ultramotors.org\/seminovos\/wp-content\/uploads\/2011\/09\/rsz_graph_31-100x77.png 100w, https:\/\/br.ultramotors.org\/seminovos\/wp-content\/uploads\/2011\/09\/rsz_graph_31-150x115.png 150w\" sizes=\"auto, (max-width: 545px) 100vw, 545px\" \/><\/p>\n","protected":false},"excerpt":{"rendered":"<p>Os emplacamentos de autom\u00f3veis e comerciais leves registraram alta na compara\u00e7\u00e3o entre os acumulados de 2011 e de 2010. Juntos, os segmentos cresceram 7,53%, saltando de 2.077.350 unidades para 2.233.757 ve\u00edculos. De julho para agosto, os emplacamentos dos segmentos aumentaram 6,90%. Foram comercializadas 307.824 unidades em agosto, ante 287.967 unidades em julho. Como de costume [&hellip;]<\/p>\n","protected":false},"author":1,"featured_media":4807,"comment_status":"open","ping_status":"open","sticky":false,"template":"","format":"standard","meta":{"footnotes":""},"categories":[1,3235],"tags":[],"class_list":["post-4805","post","type-post","status-publish","format-standard","has-post-thumbnail","hentry","category-blog","category-carros-mais-vendidos"],"_links":{"self":[{"href":"https:\/\/br.ultramotors.org\/seminovos\/wp-json\/wp\/v2\/posts\/4805","targetHints":{"allow":["GET"]}}],"collection":[{"href":"https:\/\/br.ultramotors.org\/seminovos\/wp-json\/wp\/v2\/posts"}],"about":[{"href":"https:\/\/br.ultramotors.org\/seminovos\/wp-json\/wp\/v2\/types\/post"}],"author":[{"embeddable":true,"href":"https:\/\/br.ultramotors.org\/seminovos\/wp-json\/wp\/v2\/users\/1"}],"replies":[{"embeddable":true,"href":"https:\/\/br.ultramotors.org\/seminovos\/wp-json\/wp\/v2\/comments?post=4805"}],"version-history":[{"count":1,"href":"https:\/\/br.ultramotors.org\/seminovos\/wp-json\/wp\/v2\/posts\/4805\/revisions"}],"predecessor-version":[{"id":77111,"href":"https:\/\/br.ultramotors.org\/seminovos\/wp-json\/wp\/v2\/posts\/4805\/revisions\/77111"}],"wp:featuredmedia":[{"embeddable":true,"href":"https:\/\/br.ultramotors.org\/seminovos\/wp-json\/wp\/v2\/media\/4807"}],"wp:attachment":[{"href":"https:\/\/br.ultramotors.org\/seminovos\/wp-json\/wp\/v2\/media?parent=4805"}],"wp:term":[{"taxonomy":"category","embeddable":true,"href":"https:\/\/br.ultramotors.org\/seminovos\/wp-json\/wp\/v2\/categories?post=4805"},{"taxonomy":"post_tag","embeddable":true,"href":"https:\/\/br.ultramotors.org\/seminovos\/wp-json\/wp\/v2\/tags?post=4805"}],"curies":[{"name":"wp","href":"https:\/\/api.w.org\/{rel}","templated":true}]}}