{"id":4762,"date":"2011-08-31T22:50:24","date_gmt":"2011-09-01T01:50:24","guid":{"rendered":"http:\/\/www.ultramotors.com.br\/?p=4762"},"modified":"2011-09-17T22:15:34","modified_gmt":"2011-09-18T01:15:34","slug":"mais-informacoes-sobre-o-honda-civic-europeu","status":"publish","type":"post","link":"https:\/\/br.ultramotors.org\/seminovos\/blog\/mais-informacoes-sobre-o-honda-civic-europeu\/","title":{"rendered":"Mais informa\u00e7\u00f5es sobre o Honda Civic Europeu"},"content":{"rendered":"<p>N\u00f3s n\u00e3o vamos receber esse <strong>Civic Europeu<\/strong> aqui no Brasil, mas j\u00e1 que lhe mostramos algumas <a href=\"http:\/\/www.ultramotors.com.br\/pre-lancamento-do-novo-honda-civic-2012-europeu-cvideo\/\" rel=\"nofollow noopener\" target=\"_blank\">fotos do Honda Civic Europeu camuflado<\/a> ainda em desenvolvimento, achamos que voc\u00ea poder\u00e1 estar interessado em saber o que est\u00e1 acontecendo em rela\u00e7\u00e3o a apresenta\u00e7\u00e3o oficial que ocorrer\u00e1 em duas semanas no Sal\u00e3o do Autom\u00f3vel de Frakfurt.<\/p>\n<p>A palavra oficial at\u00e9 agora \u00e9 que este <a href=\"http:\/\/www.ultramotors.com.br\/tag\/honda\/\" rel=\"nofollow noopener\" target=\"_blank\">Honda Civic<\/a> em particular contar\u00e1 com essa combina\u00e7\u00e3o de lanternas que funcionam como um spoiler aerodin\u00e2mico.<\/p>\n<p>O que voc\u00ea achou dessa traseira?<\/p>\n<ul>\n<li><span style=\"color: #0000ff;\"><strong>Atualiza\u00e7\u00e3o:<\/strong><\/span> A Honda apresentou oficialmente o novo <a href=\"http:\/\/www.ultramotors.com.br\/frankfurt-esse-e-o-novo-honda-civic-europeu-fotos-e-informacoes\/\" rel=\"nofollow noopener\" target=\"_blank\">Honda Civic European-spec<\/a>.<\/li>\n<\/ul>\n<p><img loading=\"lazy\" decoding=\"async\" class=\"aligncenter size-full wp-image-4763\" title=\"euro-civic-630\" src=\"http:\/\/www.ultramotors.com.br\/wp-content\/uploads\/2011\/08\/euro-civic-630-e1314839908706.jpg\" alt=\"Euro Civic Traseira\" width=\"545\" height=\"409\" \/><\/p>\n","protected":false},"excerpt":{"rendered":"<p>N\u00f3s n\u00e3o vamos receber esse Civic Europeu aqui no Brasil, mas j\u00e1 que lhe mostramos algumas fotos do Honda Civic Europeu camuflado ainda em desenvolvimento, achamos que voc\u00ea poder\u00e1 estar interessado em saber o que est\u00e1 acontecendo em rela\u00e7\u00e3o a apresenta\u00e7\u00e3o oficial que ocorrer\u00e1 em duas semanas no Sal\u00e3o do Autom\u00f3vel de Frakfurt. A palavra [&hellip;]<\/p>\n","protected":false},"author":1,"featured_media":4764,"comment_status":"open","ping_status":"open","sticky":false,"template":"","format":"standard","meta":{"footnotes":""},"categories":[1],"tags":[],"class_list":["post-4762","post","type-post","status-publish","format-standard","has-post-thumbnail","hentry","category-blog"],"_links":{"self":[{"href":"https:\/\/br.ultramotors.org\/seminovos\/wp-json\/wp\/v2\/posts\/4762","targetHints":{"allow":["GET"]}}],"collection":[{"href":"https:\/\/br.ultramotors.org\/seminovos\/wp-json\/wp\/v2\/posts"}],"about":[{"href":"https:\/\/br.ultramotors.org\/seminovos\/wp-json\/wp\/v2\/types\/post"}],"author":[{"embeddable":true,"href":"https:\/\/br.ultramotors.org\/seminovos\/wp-json\/wp\/v2\/users\/1"}],"replies":[{"embeddable":true,"href":"https:\/\/br.ultramotors.org\/seminovos\/wp-json\/wp\/v2\/comments?post=4762"}],"version-history":[{"count":0,"href":"https:\/\/br.ultramotors.org\/seminovos\/wp-json\/wp\/v2\/posts\/4762\/revisions"}],"wp:featuredmedia":[{"embeddable":true,"href":"https:\/\/br.ultramotors.org\/seminovos\/wp-json\/wp\/v2\/media\/4764"}],"wp:attachment":[{"href":"https:\/\/br.ultramotors.org\/seminovos\/wp-json\/wp\/v2\/media?parent=4762"}],"wp:term":[{"taxonomy":"category","embeddable":true,"href":"https:\/\/br.ultramotors.org\/seminovos\/wp-json\/wp\/v2\/categories?post=4762"},{"taxonomy":"post_tag","embeddable":true,"href":"https:\/\/br.ultramotors.org\/seminovos\/wp-json\/wp\/v2\/tags?post=4762"}],"curies":[{"name":"wp","href":"https:\/\/api.w.org\/{rel}","templated":true}]}}