{"id":448,"date":"2011-01-14T17:51:53","date_gmt":"2011-01-14T19:51:53","guid":{"rendered":"http:\/\/www.ultramotors.com.br\/?p=448"},"modified":"2011-06-21T20:23:33","modified_gmt":"2011-06-21T23:23:33","slug":"psa-peugeot-citroen-anuncia-recorde-historico-de-vendas-em-ambito-mundial","status":"publish","type":"post","link":"https:\/\/br.ultramotors.org\/seminovos\/blog\/psa-peugeot-citroen-anuncia-recorde-historico-de-vendas-em-ambito-mundial\/","title":{"rendered":"PSA Peugeot Citro\u00ebn anuncia recorde hist\u00f3rico de vendas em \u00e2mbito mundial"},"content":{"rendered":"<p>Aumento das vendas na \u00c1sia, R\u00fassia e Am\u00e9rica Latina permitiram que a Peugeot voltasse a ser a primeira marca (setor automotivo) francesa n\u00famero no mundo.\u00a0A Peugeot anunciou um recorde hist\u00f3rico de vendas ao conseguir colocar no mercado cerca de 2,1 milh\u00f5es de carros durante o ano passado, atingindo um crescimento de 16,3% em rela\u00e7\u00e3o a 2009.<\/p>\n<p>Com este resultado, a Peugeot continuou a ser a marca de autom\u00f3vel francesa n\u00famero um no mundo, pelo segundo ano consecutivo, sendo que 46% do crescimento das vendas se referem a mercados fora da Europa, &#8220;um crescimento de 6 pontos relativamente a 2009, o que constitui outro recorde&#8221;, refere o comunicado da marca francesa.<\/p>\n<p>Na Europa, a marca francesa registrou um crescimento das suas vendas de 3,3%, sendo que, com esta performance, a Peugeot subiu uma posi\u00e7\u00e3o, tornando-se a quarta marca do mercado europeu pela primeira vez na sua hist\u00f3ria. Por\u00e9m o forte crescimento no segundo semestre, deve-se a um forte aumento das vendas na \u00c1sia (38,9%), R\u00fassia (34%) e Am\u00e9rica Latina (24%).<\/p>\n<p>Para 2011, a marca francesa perspectiva o lan\u00e7amento do 508 na Europa e na China e o 408 na Am\u00e9rica Latina, o lan\u00e7amento do primeiro h\u00edbrido diesel do mundo, o 3008 HYbrid4, e ainda o refor\u00e7o da oferta de ve\u00edculos de baixas emiss\u00f5es de CO2 com a tecnologia e-HDi e comercializa\u00e7\u00e3o do carro el\u00e9ctrico iOn.<\/p>\n<p style=\"text-align: center;\"><img loading=\"lazy\" decoding=\"async\" class=\"aligncenter size-full wp-image-451\" title=\"Peugeot 3008 Hybrid\" src=\"http:\/\/www.ultramotors.com.br\/wp-content\/uploads\/2011\/01\/peugeot-3008-hybrid4-concept-01.jpg\" alt=\"Peugeot 3008 Hybrid\" width=\"545\" height=\"359\" srcset=\"https:\/\/br.ultramotors.org\/seminovos\/wp-content\/uploads\/2011\/01\/peugeot-3008-hybrid4-concept-01-50x33.jpg 50w, https:\/\/br.ultramotors.org\/seminovos\/wp-content\/uploads\/2011\/01\/peugeot-3008-hybrid4-concept-01-200x132.jpg 200w, https:\/\/br.ultramotors.org\/seminovos\/wp-content\/uploads\/2011\/01\/peugeot-3008-hybrid4-concept-01-100x66.jpg 100w, https:\/\/br.ultramotors.org\/seminovos\/wp-content\/uploads\/2011\/01\/peugeot-3008-hybrid4-concept-01-150x99.jpg 150w\" sizes=\"auto, (max-width: 545px) 100vw, 545px\" \/><\/p>\n","protected":false},"excerpt":{"rendered":"<p>Aumento das vendas na \u00c1sia, R\u00fassia e Am\u00e9rica Latina permitiram que a Peugeot voltasse a ser a primeira marca (setor automotivo) francesa n\u00famero no mundo.\u00a0A Peugeot anunciou um recorde hist\u00f3rico de vendas ao conseguir colocar no mercado cerca de 2,1 milh\u00f5es de carros durante o ano passado, atingindo um crescimento de 16,3% em rela\u00e7\u00e3o a [&hellip;]<\/p>\n","protected":false},"author":1,"featured_media":457,"comment_status":"open","ping_status":"open","sticky":false,"template":"","format":"standard","meta":{"footnotes":""},"categories":[1],"tags":[],"class_list":["post-448","post","type-post","status-publish","format-standard","has-post-thumbnail","hentry","category-blog"],"_links":{"self":[{"href":"https:\/\/br.ultramotors.org\/seminovos\/wp-json\/wp\/v2\/posts\/448","targetHints":{"allow":["GET"]}}],"collection":[{"href":"https:\/\/br.ultramotors.org\/seminovos\/wp-json\/wp\/v2\/posts"}],"about":[{"href":"https:\/\/br.ultramotors.org\/seminovos\/wp-json\/wp\/v2\/types\/post"}],"author":[{"embeddable":true,"href":"https:\/\/br.ultramotors.org\/seminovos\/wp-json\/wp\/v2\/users\/1"}],"replies":[{"embeddable":true,"href":"https:\/\/br.ultramotors.org\/seminovos\/wp-json\/wp\/v2\/comments?post=448"}],"version-history":[{"count":0,"href":"https:\/\/br.ultramotors.org\/seminovos\/wp-json\/wp\/v2\/posts\/448\/revisions"}],"wp:featuredmedia":[{"embeddable":true,"href":"https:\/\/br.ultramotors.org\/seminovos\/wp-json\/wp\/v2\/media\/457"}],"wp:attachment":[{"href":"https:\/\/br.ultramotors.org\/seminovos\/wp-json\/wp\/v2\/media?parent=448"}],"wp:term":[{"taxonomy":"category","embeddable":true,"href":"https:\/\/br.ultramotors.org\/seminovos\/wp-json\/wp\/v2\/categories?post=448"},{"taxonomy":"post_tag","embeddable":true,"href":"https:\/\/br.ultramotors.org\/seminovos\/wp-json\/wp\/v2\/tags?post=448"}],"curies":[{"name":"wp","href":"https:\/\/api.w.org\/{rel}","templated":true}]}}