{"id":4166,"date":"2011-08-05T19:33:07","date_gmt":"2011-08-05T22:33:07","guid":{"rendered":"http:\/\/www.ultramotors.com.br\/?p=4166"},"modified":"2011-08-05T19:33:07","modified_gmt":"2011-08-05T22:33:07","slug":"usando-o-seu-carro-como-um-gerador-de-energia-reserva-para-a-sua-casa","status":"publish","type":"post","link":"https:\/\/br.ultramotors.org\/seminovos\/blog\/usando-o-seu-carro-como-um-gerador-de-energia-reserva-para-a-sua-casa\/","title":{"rendered":"Usando o seu carro como um gerador de energia reserva para a sua casa"},"content":{"rendered":"<p>No in\u00edcio da semana a fabricante de autom\u00f3veis <a href=\"http:\/\/www.ultramotors.com.br\/tag\/nissan\/\" rel=\"nofollow noopener\" target=\"_blank\">Nissan<\/a> apresentou uma tecnologia que permite que o <a href=\"http:\/\/www.ultramotors.com.br\/nissan-leaf-e-eleito-o-carro-do-ano-2011\/\" rel=\"nofollow noopener\" target=\"_blank\">ve\u00edculo el\u00e9trico Nissan Leaf<\/a> se torne um gerador de energia, atrav\u00e9s de suas baterias de l\u00edtio-\u00edon. De acordo com a <strong>Nissan<\/strong>, a iniciativa faz parte de seus esfor\u00e7os para a realiza\u00e7\u00e3o de uma sociedade que n\u00e3o emita gases na atmosfera.<\/p>\n<p>Atrav\u00e9s deste sistema, a energia armazenada na <strong>bateria do Leaf<\/strong> pode ser distribu\u00edda para uma casa pelo painel de distribui\u00e7\u00e3o de eletricidade da casa usando a porta de carregamento r\u00e1pido do Leaf. As baterias do Leaf podem armazenar at\u00e9 24kWh de energia, o que significa que pode manter uma casa padr\u00e3o com energia por 1 dia.<\/p>\n<p>Com esse novo sistema, o <strong>ve\u00edculos el\u00e9tricos<\/strong> deixam de servir apenas como meio de transporte, um Nissan Leaf carregado poder\u00e1 inclusive funcionar como gerador de backup no caso de escassez de energia. A Nissan espera tornar a tecnologia comercialmente dispon\u00edvel at\u00e9 o final deste ano fiscal.<\/p>\n<p>O que voc\u00ea acha? Se esta tecnologia estivesse prontamente dispon\u00edvel para os propriet\u00e1rios de ve\u00edculos el\u00e9tricos, voc\u00ea estaria mais inclinado a comprar um carro el\u00e9trico?<\/p>\n","protected":false},"excerpt":{"rendered":"<p>No in\u00edcio da semana a fabricante de autom\u00f3veis Nissan apresentou uma tecnologia que permite que o ve\u00edculo el\u00e9trico Nissan Leaf se torne um gerador de energia, atrav\u00e9s de suas baterias de l\u00edtio-\u00edon. De acordo com a Nissan, a iniciativa faz parte de seus esfor\u00e7os para a realiza\u00e7\u00e3o de uma sociedade que n\u00e3o emita gases na [&hellip;]<\/p>\n","protected":false},"author":1,"featured_media":4167,"comment_status":"open","ping_status":"open","sticky":false,"template":"","format":"standard","meta":{"footnotes":""},"categories":[1],"tags":[],"class_list":["post-4166","post","type-post","status-publish","format-standard","has-post-thumbnail","hentry","category-blog"],"_links":{"self":[{"href":"https:\/\/br.ultramotors.org\/seminovos\/wp-json\/wp\/v2\/posts\/4166","targetHints":{"allow":["GET"]}}],"collection":[{"href":"https:\/\/br.ultramotors.org\/seminovos\/wp-json\/wp\/v2\/posts"}],"about":[{"href":"https:\/\/br.ultramotors.org\/seminovos\/wp-json\/wp\/v2\/types\/post"}],"author":[{"embeddable":true,"href":"https:\/\/br.ultramotors.org\/seminovos\/wp-json\/wp\/v2\/users\/1"}],"replies":[{"embeddable":true,"href":"https:\/\/br.ultramotors.org\/seminovos\/wp-json\/wp\/v2\/comments?post=4166"}],"version-history":[{"count":0,"href":"https:\/\/br.ultramotors.org\/seminovos\/wp-json\/wp\/v2\/posts\/4166\/revisions"}],"wp:featuredmedia":[{"embeddable":true,"href":"https:\/\/br.ultramotors.org\/seminovos\/wp-json\/wp\/v2\/media\/4167"}],"wp:attachment":[{"href":"https:\/\/br.ultramotors.org\/seminovos\/wp-json\/wp\/v2\/media?parent=4166"}],"wp:term":[{"taxonomy":"category","embeddable":true,"href":"https:\/\/br.ultramotors.org\/seminovos\/wp-json\/wp\/v2\/categories?post=4166"},{"taxonomy":"post_tag","embeddable":true,"href":"https:\/\/br.ultramotors.org\/seminovos\/wp-json\/wp\/v2\/tags?post=4166"}],"curies":[{"name":"wp","href":"https:\/\/api.w.org\/{rel}","templated":true}]}}