{"id":4137,"date":"2011-08-09T18:14:54","date_gmt":"2011-08-09T21:14:54","guid":{"rendered":"http:\/\/www.ultramotors.com.br\/?p=4137"},"modified":"2022-10-05T21:06:13","modified_gmt":"2022-10-06T00:06:13","slug":"os-carros-mais-vendidos-em-julho-de-2011","status":"publish","type":"post","link":"https:\/\/br.ultramotors.org\/seminovos\/blog\/os-carros-mais-vendidos-em-julho-de-2011\/","title":{"rendered":"Os carros mais vendidos em julho de 2011"},"content":{"rendered":"<p>Os emplacamentos de <strong>autom\u00f3veis<\/strong> e comerciais leves seguiram a tend\u00eancia de equil\u00edbrio. Juntos, os segmentos registraram ligeiro aumento de 0,35%, passando de 286.935 unidades para 287.941 unidades. J\u00e1 na compara\u00e7\u00e3o entre os acumulados (janeiro a julho) de 2010 e 2011, as <a href=\"http:\/\/www.ultramotors.com.br\/vender-seu-carro-agora-anuncie-veiculos-gratis\/\" rel=\"nofollow noopener\" target=\"_blank\">vendas<\/a> aumentaram de 1.780.924 unidades para 1.926.020 unidades, respectivamente, num crescimento de 8,15%. \u00a0Foram 222.923 <strong>carros vendidos no m\u00eas de julho<\/strong>.<\/p>\n<p>A briga entre o <strong>Gol<\/strong> da Volkswagen (25.884) e o <strong>Uno<\/strong> da Fiat (24.929) foi acirrada, o Gol vendeu somente 955 unidades a mais que o Uno e foi novamente o <a href=\"http:\/\/www.ultramotors.com.br\/tag\/mercado-automotivo\/\" rel=\"nofollow noopener\" target=\"_blank\">carro mais vendido do m\u00eas<\/a>. \u00a0Entre as montadoras, a Fiat permanece como l\u00edder em participa\u00e7\u00e3o de mercado com 23,77%.<\/p>\n<p>[table id=15 \/]<\/p>\n<p>&nbsp;<\/p>\n<p><img loading=\"lazy\" decoding=\"async\" class=\"aligncenter size-full wp-image-4235\" title=\"participacao-mercado-julho-marcas-carros\" src=\"http:\/\/www.ultramotors.com.br\/wp-content\/uploads\/2011\/08\/participacao-mercado-julho-marcas-carros.png\" alt=\"Marcas mais vendidas em julho 2011- carros\" width=\"545\" height=\"420\" srcset=\"https:\/\/br.ultramotors.org\/seminovos\/wp-content\/uploads\/2011\/08\/participacao-mercado-julho-marcas-carros.png 545w, https:\/\/br.ultramotors.org\/seminovos\/wp-content\/uploads\/2011\/08\/participacao-mercado-julho-marcas-carros-194x150.png 194w, https:\/\/br.ultramotors.org\/seminovos\/wp-content\/uploads\/2011\/08\/participacao-mercado-julho-marcas-carros-500x385.png 500w, https:\/\/br.ultramotors.org\/seminovos\/wp-content\/uploads\/2011\/08\/participacao-mercado-julho-marcas-carros-100x77.png 100w, https:\/\/br.ultramotors.org\/seminovos\/wp-content\/uploads\/2011\/08\/participacao-mercado-julho-marcas-carros-150x115.png 150w\" sizes=\"auto, (max-width: 545px) 100vw, 545px\" \/><\/p>\n<p><img loading=\"lazy\" decoding=\"async\" class=\"aligncenter size-full wp-image-4236\" title=\"divisao-emplacamentos-julho-carros\" src=\"http:\/\/www.ultramotors.com.br\/wp-content\/uploads\/2011\/08\/divisao-emplacamentos-julho-carros.png\" alt=\"Carros mais emplacados em julho por regi\u00f5es\" width=\"545\" height=\"420\" srcset=\"https:\/\/br.ultramotors.org\/seminovos\/wp-content\/uploads\/2011\/08\/divisao-emplacamentos-julho-carros.png 545w, https:\/\/br.ultramotors.org\/seminovos\/wp-content\/uploads\/2011\/08\/divisao-emplacamentos-julho-carros-194x150.png 194w, https:\/\/br.ultramotors.org\/seminovos\/wp-content\/uploads\/2011\/08\/divisao-emplacamentos-julho-carros-500x385.png 500w, https:\/\/br.ultramotors.org\/seminovos\/wp-content\/uploads\/2011\/08\/divisao-emplacamentos-julho-carros-100x77.png 100w, https:\/\/br.ultramotors.org\/seminovos\/wp-content\/uploads\/2011\/08\/divisao-emplacamentos-julho-carros-150x115.png 150w\" sizes=\"auto, (max-width: 545px) 100vw, 545px\" \/><\/p>\n<p><img loading=\"lazy\" decoding=\"async\" class=\"aligncenter size-full wp-image-4237\" title=\"participacao-motorizacao-julho-2011-carros\" src=\"http:\/\/www.ultramotors.com.br\/wp-content\/uploads\/2011\/08\/participacao-motorizacao-julho-2011-carros.png\" alt=\"Carros mais vendidos por motoriza\u00e7\u00e3o em julho 2011\" width=\"545\" height=\"420\" srcset=\"https:\/\/br.ultramotors.org\/seminovos\/wp-content\/uploads\/2011\/08\/participacao-motorizacao-julho-2011-carros.png 545w, https:\/\/br.ultramotors.org\/seminovos\/wp-content\/uploads\/2011\/08\/participacao-motorizacao-julho-2011-carros-194x150.png 194w, https:\/\/br.ultramotors.org\/seminovos\/wp-content\/uploads\/2011\/08\/participacao-motorizacao-julho-2011-carros-500x385.png 500w, https:\/\/br.ultramotors.org\/seminovos\/wp-content\/uploads\/2011\/08\/participacao-motorizacao-julho-2011-carros-100x77.png 100w, https:\/\/br.ultramotors.org\/seminovos\/wp-content\/uploads\/2011\/08\/participacao-motorizacao-julho-2011-carros-150x115.png 150w\" sizes=\"auto, (max-width: 545px) 100vw, 545px\" \/><\/p>\n<p>[Fonte:\u00a0<a href=\"http:\/\/www.ultramotors.com.br\/\" rel=\"nofollow noopener\" target=\"_blank\">UltraMotors<\/a>\u00a0\/ Refer\u00eancia: Fenabrave]<\/p>\n","protected":false},"excerpt":{"rendered":"<p>Os emplacamentos de autom\u00f3veis e comerciais leves seguiram a tend\u00eancia de equil\u00edbrio. Juntos, os segmentos registraram ligeiro aumento de 0,35%, passando de 286.935 unidades para 287.941 unidades. J\u00e1 na compara\u00e7\u00e3o entre os acumulados (janeiro a julho) de 2010 e 2011, as vendas aumentaram de 1.780.924 unidades para 1.926.020 unidades, respectivamente, num crescimento de 8,15%. \u00a0Foram [&hellip;]<\/p>\n","protected":false},"author":1,"featured_media":4238,"comment_status":"open","ping_status":"open","sticky":false,"template":"","format":"standard","meta":{"footnotes":""},"categories":[1,3235],"tags":[],"class_list":["post-4137","post","type-post","status-publish","format-standard","has-post-thumbnail","hentry","category-blog","category-carros-mais-vendidos"],"_links":{"self":[{"href":"https:\/\/br.ultramotors.org\/seminovos\/wp-json\/wp\/v2\/posts\/4137","targetHints":{"allow":["GET"]}}],"collection":[{"href":"https:\/\/br.ultramotors.org\/seminovos\/wp-json\/wp\/v2\/posts"}],"about":[{"href":"https:\/\/br.ultramotors.org\/seminovos\/wp-json\/wp\/v2\/types\/post"}],"author":[{"embeddable":true,"href":"https:\/\/br.ultramotors.org\/seminovos\/wp-json\/wp\/v2\/users\/1"}],"replies":[{"embeddable":true,"href":"https:\/\/br.ultramotors.org\/seminovos\/wp-json\/wp\/v2\/comments?post=4137"}],"version-history":[{"count":1,"href":"https:\/\/br.ultramotors.org\/seminovos\/wp-json\/wp\/v2\/posts\/4137\/revisions"}],"predecessor-version":[{"id":77112,"href":"https:\/\/br.ultramotors.org\/seminovos\/wp-json\/wp\/v2\/posts\/4137\/revisions\/77112"}],"wp:featuredmedia":[{"embeddable":true,"href":"https:\/\/br.ultramotors.org\/seminovos\/wp-json\/wp\/v2\/media\/4238"}],"wp:attachment":[{"href":"https:\/\/br.ultramotors.org\/seminovos\/wp-json\/wp\/v2\/media?parent=4137"}],"wp:term":[{"taxonomy":"category","embeddable":true,"href":"https:\/\/br.ultramotors.org\/seminovos\/wp-json\/wp\/v2\/categories?post=4137"},{"taxonomy":"post_tag","embeddable":true,"href":"https:\/\/br.ultramotors.org\/seminovos\/wp-json\/wp\/v2\/tags?post=4137"}],"curies":[{"name":"wp","href":"https:\/\/api.w.org\/{rel}","templated":true}]}}