{"id":4058,"date":"2011-07-29T16:12:33","date_gmt":"2011-07-29T19:12:33","guid":{"rendered":"http:\/\/www.ultramotors.com.br\/?p=4058"},"modified":"2011-09-02T20:19:04","modified_gmt":"2011-09-02T23:19:04","slug":"pre-lancamento-do-novo-honda-civic-2012-europeu-cvideo","status":"publish","type":"post","link":"https:\/\/br.ultramotors.org\/seminovos\/blog\/pre-lancamento-do-novo-honda-civic-2012-europeu-cvideo\/","title":{"rendered":"Pr\u00e9 lan\u00e7amento do novo Honda Civic 2012 europeu [c\/v\u00eddeo]"},"content":{"rendered":"<p>A <a href=\"http:\/\/www.ultramotors.com.br\/tag\/honda\/\" rel=\"nofollow noopener\" target=\"_blank\">Honda<\/a> Espanha acaba de confirmar o lan\u00e7amento da nova gera\u00e7\u00e3o do <strong>Civic europeu<\/strong>. Para gerar um buzz, A Honda ir\u00e1 mostrar atrav\u00e9s de uma s\u00e9rie de curtos v\u00eddeos os aspectos fundamentais do seu novo compacto, que vai chegar as concession\u00e1rias no formato de cinco portas no in\u00edcio de 2012.<\/p>\n<p>A apresenta\u00e7\u00e3o ser\u00e1 no <strong>Sal\u00e3o de Frankfurt<\/strong> em setembro, o <strong>novo Civic europeu<\/strong> que est\u00e1 sendo chamado de &#8211; Honda Civic 2012 cinco portas, ser\u00e1 oferecido somente ao mercado europeu. Nos EUA, o Civic \u00e9 vendido nas variantes, cup\u00ea e sed\u00e3 com v\u00e1rias op\u00f5es de motoriza\u00e7\u00e3o. No Brasil o Honda Civic sedan 2012 deve ser lan\u00e7ado no \u00faltimo trimestre desse ano.<\/p>\n<ul>\n<li><a href=\"http:\/\/www.ultramotors.com.br\/mais-informacoes-sobre-o-honda-civic-europeu\/\" rel=\"nofollow noopener\" target=\"_blank\">Primeira foto oficial do Honda Civic Europeu<\/a><\/li>\n<\/ul>\n<h2>V\u00eddeo do Honda Civic 2012 europeu<\/h2>\n<p><iframe loading=\"lazy\" src=\"http:\/\/www.youtube.com\/embed\/ThjeQ_FVLes\" frameborder=\"0\" width=\"555\" height=\"390\"><\/iframe><\/p>\n<p><img loading=\"lazy\" decoding=\"async\" class=\"aligncenter size-full wp-image-4060\" title=\"honda-civic-2012-europa\" src=\"http:\/\/www.ultramotors.com.br\/wp-content\/uploads\/2011\/07\/15499hondatolaunchnewcivicatfrankfurtmotorshow-2-e1311966174724.jpg\" alt=\"Pr\u00e9 lan\u00e7amento do Civic 2012 europeu\" width=\"545\" height=\"306\" \/><\/p>\n","protected":false},"excerpt":{"rendered":"<p>A Honda Espanha acaba de confirmar o lan\u00e7amento da nova gera\u00e7\u00e3o do Civic europeu. Para gerar um buzz, A Honda ir\u00e1 mostrar atrav\u00e9s de uma s\u00e9rie de curtos v\u00eddeos os aspectos fundamentais do seu novo compacto, que vai chegar as concession\u00e1rias no formato de cinco portas no in\u00edcio de 2012. A apresenta\u00e7\u00e3o ser\u00e1 no Sal\u00e3o [&hellip;]<\/p>\n","protected":false},"author":1,"featured_media":4059,"comment_status":"open","ping_status":"open","sticky":false,"template":"","format":"standard","meta":{"footnotes":""},"categories":[1],"tags":[],"class_list":["post-4058","post","type-post","status-publish","format-standard","has-post-thumbnail","hentry","category-blog"],"_links":{"self":[{"href":"https:\/\/br.ultramotors.org\/seminovos\/wp-json\/wp\/v2\/posts\/4058","targetHints":{"allow":["GET"]}}],"collection":[{"href":"https:\/\/br.ultramotors.org\/seminovos\/wp-json\/wp\/v2\/posts"}],"about":[{"href":"https:\/\/br.ultramotors.org\/seminovos\/wp-json\/wp\/v2\/types\/post"}],"author":[{"embeddable":true,"href":"https:\/\/br.ultramotors.org\/seminovos\/wp-json\/wp\/v2\/users\/1"}],"replies":[{"embeddable":true,"href":"https:\/\/br.ultramotors.org\/seminovos\/wp-json\/wp\/v2\/comments?post=4058"}],"version-history":[{"count":0,"href":"https:\/\/br.ultramotors.org\/seminovos\/wp-json\/wp\/v2\/posts\/4058\/revisions"}],"wp:featuredmedia":[{"embeddable":true,"href":"https:\/\/br.ultramotors.org\/seminovos\/wp-json\/wp\/v2\/media\/4059"}],"wp:attachment":[{"href":"https:\/\/br.ultramotors.org\/seminovos\/wp-json\/wp\/v2\/media?parent=4058"}],"wp:term":[{"taxonomy":"category","embeddable":true,"href":"https:\/\/br.ultramotors.org\/seminovos\/wp-json\/wp\/v2\/categories?post=4058"},{"taxonomy":"post_tag","embeddable":true,"href":"https:\/\/br.ultramotors.org\/seminovos\/wp-json\/wp\/v2\/tags?post=4058"}],"curies":[{"name":"wp","href":"https:\/\/api.w.org\/{rel}","templated":true}]}}