{"id":37420,"date":"2015-05-21T11:12:31","date_gmt":"2015-05-21T14:12:31","guid":{"rendered":"http:\/\/www.ultramotors.com.br\/?p=37420"},"modified":"2015-05-28T03:04:56","modified_gmt":"2015-05-28T06:04:56","slug":"volkswagen-lanca-gol-rock-in-rio-2015","status":"publish","type":"post","link":"https:\/\/br.ultramotors.org\/seminovos\/blog\/volkswagen-lanca-gol-rock-in-rio-2015\/","title":{"rendered":"Volkswagen lan\u00e7a Gol Rock in Rio 2015"},"content":{"rendered":"<p>A <a href=\"http:\/\/www.ultramotors.com.br\/tag\/volkswagen-2\/\" rel=\"nofollow noopener\" target=\"_blank\">Volkswagen<\/a> apresentou o Gol Rock in Rio, segundo modelo\u00a0(sendo o primeiro apresentado em 2012) da s\u00e9rie especial que celebra os 30 anos do evento, um dos maiores festivais musicais do mundo, que ocorre entre 18 e 20 de setembro e de 24 a 27 de setembro, com patroc\u00ednio oficial da Volkswagen. O modelo \u00e9 baseado na vers\u00e3o Comfortline e ser\u00e1 produzido at\u00e9 agosto deste ano em edi\u00e7\u00e3o limitada com cinco op\u00e7\u00f5es de cores dispon\u00edveis: as s\u00f3lidas Branco Cristal, Vermelho Flash e Preto Ninja; e as tonalidades met\u00e1licas Azul Night e Prata S\u00edrius.<\/p>\n<p><img loading=\"lazy\" decoding=\"async\" class=\"borderless aligncenter wp-image-37422 size-full\" src=\"http:\/\/www.ultramotors.com.br\/wp-content\/uploads\/2015\/05\/Gol_Rock_in_Rio_1.jpg\" alt=\"Gol Rock in Rio\" width=\"680\" height=\"453\" title=\"\" srcset=\"https:\/\/br.ultramotors.org\/seminovos\/wp-content\/uploads\/2015\/05\/Gol_Rock_in_Rio_1.jpg 680w, https:\/\/br.ultramotors.org\/seminovos\/wp-content\/uploads\/2015\/05\/Gol_Rock_in_Rio_1-200x133.jpg 200w, https:\/\/br.ultramotors.org\/seminovos\/wp-content\/uploads\/2015\/05\/Gol_Rock_in_Rio_1-100x67.jpg 100w, https:\/\/br.ultramotors.org\/seminovos\/wp-content\/uploads\/2015\/05\/Gol_Rock_in_Rio_1-150x100.jpg 150w\" sizes=\"auto, (max-width: 680px) 100vw, 680px\" \/><\/p>\n<p>O Gol Rock in Rio traz, nas laterais da carroceria, novas faixas adesivas com as silhuetas de instrumentos musicais. Os espelhos retrovisores possuem capa na cor \u201cChrome Effect\u201d e trazem integrados os repetidores de luzes de dire\u00e7\u00e3o. A nomenclatura alusiva ao evento est\u00e1 nos para-lamas dianteiros.<\/p>\n<p>O modelo traz grade dianteira com formato de colmeia, faixas pretas nas colunas centrais (\u201cB\u201d) e na regi\u00e3o da placa traseira, al\u00e9m de far\u00f3is duplos e lanternas escurecidas.<\/p>\n<p>[gn_button url=&#8221;http:\/\/www.ultramotors.com.br\/?s=Gol&amp;scat=6&amp;sa=Pesquisa&#8221; style=&#8221;soft&#8221; background=&#8221;#ff7302&#8243; size=&#8221;12&#8243; wide=&#8221;yes&#8221; radius=&#8221;5&#8243;]VW Gol \u00e0 venda[\/gn_button]<\/p>\n<p>[h2gray]Motoriza\u00e7\u00e3o[\/h2gray]<\/p>\n<p>Equipado com o motor 1.0l Total Flex de at\u00e9 76 cv (etanol), o Gol Rock in Rio acelera de 0 a 100 km\/h em 13,4 segundos (etanol) e atinge a velocidade m\u00e1xima de 163 km\/h.<\/p>\n<p>[h2gray]Itens de s\u00e9rie[\/h2gray]<\/p>\n<p>Entre os itens oferecidos de s\u00e9rie para o Gol Rock in Rio est\u00e3o ar-condicionado, rodas de 15 polegadas Gobi e pneus 195\/55 R15, r\u00e1dio CD-Player com sistema Bluetooth e entradas SD Card, USB e auxiliar, far\u00f3is duplos com m\u00e1scara negra, para-sois iluminados, alto-falantes e al\u00e7as no teto.<\/p>\n<p>Tamb\u00e9m est\u00e3o inclu\u00eddos sensores de estacionamento (park pilot) traseiro com OPS (Optical Parking System) e tomada de 12V no painel. O volante \u00e9 multifuncional, revestido de couro, com costura vermelha e inclui os comandos de som e do I-System (com ECO-Comfort), item tamb\u00e9m oferecido de s\u00e9rie.<\/p>\n<p>[h2gray]Interior[\/h2gray]<\/p>\n<p>Em seu interior, o Gol Rock in Rio tamb\u00e9m traz detalhes como soleiras das portas dianteiras com aplique alusivo ao evento musical. Os pedais possuem capa de alum\u00ednio.<\/p>\n<p>H\u00e1 apliques em alus\u00e3o ao Rock in Rio na cor vermelho Tornado nas molduras das sa\u00eddas de ar e na coifa da alavanca de c\u00e2mbio, feita de couro sint\u00e9tico.<\/p>\n<p>Os bancos possuem revestimento com tecido exclusivo (faixa central em Tear Jacquard Puzzel Cinza), apliques em vinil Laminado Preto Titan e costuras vermelhas com pespontos simples, al\u00e9m da etiqueta \u201cRock in Rio\u201d \u2013 o logotipo do evento tamb\u00e9m est\u00e1 no porta-objetos remov\u00edvel.<\/p>\n","protected":false},"excerpt":{"rendered":"<p>A Volkswagen apresentou o Gol Rock in Rio, segundo modelo\u00a0(sendo o primeiro apresentado em 2012) da s\u00e9rie especial que celebra os 30 anos do evento, um dos maiores festivais musicais do mundo, que ocorre entre 18 e 20 de setembro e de 24 a 27 de setembro, com patroc\u00ednio oficial da Volkswagen. O modelo \u00e9 [&hellip;]<\/p>\n","protected":false},"author":1,"featured_media":37422,"comment_status":"open","ping_status":"closed","sticky":false,"template":"","format":"standard","meta":{"footnotes":""},"categories":[1],"tags":[],"class_list":["post-37420","post","type-post","status-publish","format-standard","has-post-thumbnail","hentry","category-blog"],"_links":{"self":[{"href":"https:\/\/br.ultramotors.org\/seminovos\/wp-json\/wp\/v2\/posts\/37420","targetHints":{"allow":["GET"]}}],"collection":[{"href":"https:\/\/br.ultramotors.org\/seminovos\/wp-json\/wp\/v2\/posts"}],"about":[{"href":"https:\/\/br.ultramotors.org\/seminovos\/wp-json\/wp\/v2\/types\/post"}],"author":[{"embeddable":true,"href":"https:\/\/br.ultramotors.org\/seminovos\/wp-json\/wp\/v2\/users\/1"}],"replies":[{"embeddable":true,"href":"https:\/\/br.ultramotors.org\/seminovos\/wp-json\/wp\/v2\/comments?post=37420"}],"version-history":[{"count":0,"href":"https:\/\/br.ultramotors.org\/seminovos\/wp-json\/wp\/v2\/posts\/37420\/revisions"}],"wp:featuredmedia":[{"embeddable":true,"href":"https:\/\/br.ultramotors.org\/seminovos\/wp-json\/wp\/v2\/media\/37422"}],"wp:attachment":[{"href":"https:\/\/br.ultramotors.org\/seminovos\/wp-json\/wp\/v2\/media?parent=37420"}],"wp:term":[{"taxonomy":"category","embeddable":true,"href":"https:\/\/br.ultramotors.org\/seminovos\/wp-json\/wp\/v2\/categories?post=37420"},{"taxonomy":"post_tag","embeddable":true,"href":"https:\/\/br.ultramotors.org\/seminovos\/wp-json\/wp\/v2\/tags?post=37420"}],"curies":[{"name":"wp","href":"https:\/\/api.w.org\/{rel}","templated":true}]}}