{"id":37364,"date":"2015-05-19T17:57:33","date_gmt":"2015-05-19T20:57:33","guid":{"rendered":"http:\/\/www.ultramotors.com.br\/?p=37364"},"modified":"2015-05-19T18:02:14","modified_gmt":"2015-05-19T21:02:14","slug":"novo-ford-focus-chegara-nos-proximos-meses-com-estacionamento-automatico","status":"publish","type":"post","link":"https:\/\/br.ultramotors.org\/seminovos\/blog\/novo-ford-focus-chegara-nos-proximos-meses-com-estacionamento-automatico\/","title":{"rendered":"Novo Ford Focus chegar\u00e1 nos pr\u00f3ximos meses com &#8216;estacionamento autom\u00e1tico&#8217;"},"content":{"rendered":"<p>A <a href=\"http:\/\/www.ultramotors.com.br\/tag\/ford-2\/\" rel=\"nofollow noopener\" target=\"_blank\">Ford<\/a> realizou no \u00faltimo dia 13 a primeira exibi\u00e7\u00e3o da <strong>nova gera\u00e7\u00e3o do Focus<\/strong>, que deve chegar ao mercado sul-americano nos pr\u00f3ximos meses, antecipando algumas das tecnologias que o carro vai oferecer no segmento de carros m\u00e9dios de volume. A apresenta\u00e7\u00e3o fez parte do Semin\u00e1rio Ford de Tecnologia e Conectividade, realizado em S\u00e3o Paulo com a participa\u00e7\u00e3o da imprensa e representantes das m\u00eddias sociais do Brasil e Argentina, em que especialistas falaram sobre o papel da inova\u00e7\u00e3o no futuro dos <a href=\"http:\/\/www.ultramotors.com.br\/categoria\/carros\/\" rel=\"nofollow noopener\" target=\"_blank\">autom\u00f3veis<\/a>.<\/p>\n<p><img loading=\"lazy\" decoding=\"async\" class=\"borderless aligncenter wp-image-37366 size-full\" src=\"http:\/\/www.ultramotors.com.br\/wp-content\/uploads\/2015\/05\/1-NovoFordFocus.jpg\" alt=\"Novo Focus 2016\" width=\"680\" height=\"454\" title=\"\" srcset=\"https:\/\/br.ultramotors.org\/seminovos\/wp-content\/uploads\/2015\/05\/1-NovoFordFocus.jpg 680w, https:\/\/br.ultramotors.org\/seminovos\/wp-content\/uploads\/2015\/05\/1-NovoFordFocus-200x134.jpg 200w, https:\/\/br.ultramotors.org\/seminovos\/wp-content\/uploads\/2015\/05\/1-NovoFordFocus-100x67.jpg 100w, https:\/\/br.ultramotors.org\/seminovos\/wp-content\/uploads\/2015\/05\/1-NovoFordFocus-150x100.jpg 150w\" sizes=\"auto, (max-width: 680px) 100vw, 680px\" \/><\/p>\n<p>[h2gray]Destaques do Novo Focus[\/h2gray]<\/p>\n<p><strong>Assist\u00eancia de Emerg\u00eancia<\/strong>, j\u00e1 oferecida tamb\u00e9m em outros <a title=\"Carros Ford usados\" href=\"http:\/\/www.ultramotors.com.br\/?s=ford&amp;scat=6&amp;sa=Pesquisa\" rel=\"nofollow noopener\" target=\"_blank\">modelos da Ford<\/a>, como Novo Ka, New Fiesta, EcoSport e Ranger, faz uma liga\u00e7\u00e3o autom\u00e1tica ao servi\u00e7o de atendimento m\u00e9dico de urg\u00eancia, SAMU, em caso de acidente com acionamento dos airbags ou corte de combust\u00edvel.<\/p>\n<p><strong>Estacionamento autom\u00e1tico<\/strong> que ser\u00e1 introduzido no Brasil com o novo Focus funciona com o apoio de sensores e c\u00e2mera e \u00e9 capaz de manobrar tanto em vagas paralelas como perpendiculares, sem que o motorista precise mexer no volante. Al\u00e9m de tornar a dire\u00e7\u00e3o mais simples, contribui para pavimentar o caminho do futuro carro aut\u00f4nomo.<\/p>\n<p><strong>Assistente de frenagem de emerg\u00eanci<\/strong>a \u00e9 outra tecnologia inovadora voltada para a seguran\u00e7a. Tamb\u00e9m conhecido como Active City Stop, ele conta com sensores que monitoram o tr\u00e1fego e, ao detectar a possibilidade de uma colis\u00e3o, reduz a velocidade e aciona os freios do ve\u00edculo. Ele opera em velocidades de at\u00e9 50 km\/h e ajuda a evitar acidentes causados por desaten\u00e7\u00e3o no tr\u00e2nsito.<\/p>\n<p><strong>Sistemas de conectividade embarcados<\/strong>, com comandos de voz para opera\u00e7\u00e3o do celular, r\u00e1dio e climatiza\u00e7\u00e3o do ve\u00edculo, sem a necessidade de tirar as m\u00e3os do volante. \u201cCom o sistema AppLink, o SYNC tamb\u00e9m passou a acessar aplicativos de smartphones que abrem v\u00e1rias op\u00e7\u00f5es de informa\u00e7\u00e3o, entretenimento e conveni\u00eancia, dentro do conceito de conectividade com seguran\u00e7a.<\/p>\n","protected":false},"excerpt":{"rendered":"<p>A Ford realizou no \u00faltimo dia 13 a primeira exibi\u00e7\u00e3o da nova gera\u00e7\u00e3o do Focus, que deve chegar ao mercado sul-americano nos pr\u00f3ximos meses, antecipando algumas das tecnologias que o carro vai oferecer no segmento de carros m\u00e9dios de volume. A apresenta\u00e7\u00e3o fez parte do Semin\u00e1rio Ford de Tecnologia e Conectividade, realizado em S\u00e3o Paulo [&hellip;]<\/p>\n","protected":false},"author":1,"featured_media":37366,"comment_status":"open","ping_status":"closed","sticky":false,"template":"","format":"standard","meta":{"footnotes":""},"categories":[1],"tags":[],"class_list":["post-37364","post","type-post","status-publish","format-standard","has-post-thumbnail","hentry","category-blog"],"_links":{"self":[{"href":"https:\/\/br.ultramotors.org\/seminovos\/wp-json\/wp\/v2\/posts\/37364","targetHints":{"allow":["GET"]}}],"collection":[{"href":"https:\/\/br.ultramotors.org\/seminovos\/wp-json\/wp\/v2\/posts"}],"about":[{"href":"https:\/\/br.ultramotors.org\/seminovos\/wp-json\/wp\/v2\/types\/post"}],"author":[{"embeddable":true,"href":"https:\/\/br.ultramotors.org\/seminovos\/wp-json\/wp\/v2\/users\/1"}],"replies":[{"embeddable":true,"href":"https:\/\/br.ultramotors.org\/seminovos\/wp-json\/wp\/v2\/comments?post=37364"}],"version-history":[{"count":0,"href":"https:\/\/br.ultramotors.org\/seminovos\/wp-json\/wp\/v2\/posts\/37364\/revisions"}],"wp:featuredmedia":[{"embeddable":true,"href":"https:\/\/br.ultramotors.org\/seminovos\/wp-json\/wp\/v2\/media\/37366"}],"wp:attachment":[{"href":"https:\/\/br.ultramotors.org\/seminovos\/wp-json\/wp\/v2\/media?parent=37364"}],"wp:term":[{"taxonomy":"category","embeddable":true,"href":"https:\/\/br.ultramotors.org\/seminovos\/wp-json\/wp\/v2\/categories?post=37364"},{"taxonomy":"post_tag","embeddable":true,"href":"https:\/\/br.ultramotors.org\/seminovos\/wp-json\/wp\/v2\/tags?post=37364"}],"curies":[{"name":"wp","href":"https:\/\/api.w.org\/{rel}","templated":true}]}}