{"id":3517,"date":"2011-07-04T20:39:35","date_gmt":"2011-07-04T23:39:35","guid":{"rendered":"http:\/\/www.ultramotors.com.br\/?p=3517"},"modified":"2022-10-05T21:06:13","modified_gmt":"2022-10-06T00:06:13","slug":"mercado-os-carros-mais-vendidos-em-junho-de-2011","status":"publish","type":"post","link":"https:\/\/br.ultramotors.org\/seminovos\/blog\/mercado-os-carros-mais-vendidos-em-junho-de-2011\/","title":{"rendered":"Mercado: Os carros mais vendidos em junho de 2011"},"content":{"rendered":"<p>As <a href=\"http:\/\/www.ultramotors.com.br\/vender-seu-carro-agora-anuncie-veiculos-gratis\/\" rel=\"nofollow noopener\" target=\"_blank\">vendas de autom\u00f3veis<\/a> e comerciais leves ca\u00edram de 300.513 unidades em maio para 286.938 unidades em junho. No entanto, apesar deste decr\u00e9scimo de 4,52%, as <strong>vendas de autom\u00f3veis e comerciais leves<\/strong> no acumulado saltaram de 1.495.691 unidades para 1.638.082, numa evolu\u00e7\u00e3o de 9,52%. Na compara\u00e7\u00e3o com junho de 2010, quando foram contabilizadas 247.501 unidades, o resultado tamb\u00e9m apresentou alta de 15,93%.<\/p>\n<p>Foram <strong>222.344 carros vendidos em junho<\/strong>, e no topo da tabela est\u00e1 o <strong>Volkswagen Gol<\/strong> com 27.428 unidades vendidas. A VW teve o carro mais vendido por\u00e9m a Fiat foi a marca que mais vendeu neste m\u00eas com um total de 53.875 unidades e 24,23% de participa\u00e7\u00e3o no mercado. A seguir disponibilizamos gr\u00e1ficos e a lista completa dos <strong>carros mais vendidos no Brasil no m\u00eas de junho<\/strong>.<\/p>\n<p>[table id=10 \/]<br \/>\n<\/p>\n<h2>Divis\u00e3o do mercado por regi\u00e3o<\/h2>\n<p><img loading=\"lazy\" decoding=\"async\" class=\"aligncenter size-full wp-image-3519\" title=\"Divis\u00e3o-do-mercado-por-regi\u00e3o-carros-junho-2011\" src=\"http:\/\/www.ultramotors.com.br\/wp-content\/uploads\/2011\/07\/graph-14-e1309821287247.png\" alt=\"Divis\u00e3o do mercado de carros por regi\u00e3o, junho 2011\" width=\"545\" height=\"420\" \/><\/p>\n<h2><\/h2>\n<h2>Participa\u00e7\u00e3o por motoriza\u00e7\u00e3o<\/h2>\n<p><img loading=\"lazy\" decoding=\"async\" class=\"aligncenter size-full wp-image-3520\" title=\"vendas-carro-junho-2011-participacao-motorizacao\" src=\"http:\/\/www.ultramotors.com.br\/wp-content\/uploads\/2011\/07\/graph-21-e1309821478207.png\" alt=\"Participa\u00e7\u00e3o do mercado por motoriza\u00e7\u00e3o\" width=\"545\" height=\"420\" \/><\/p>\n<h2><\/h2>\n<h2>Participa\u00e7\u00e3o por marca<\/h2>\n<p><img loading=\"lazy\" decoding=\"async\" class=\"aligncenter size-full wp-image-3522\" title=\"participacao-mercado-por-marcas\" src=\"http:\/\/www.ultramotors.com.br\/wp-content\/uploads\/2011\/07\/graph-16-e1309821775172.png\" alt=\"Participa\u00e7\u00e3o do mercado por marcas\" width=\"545\" height=\"420\" \/><\/p>\n<p>[table id=11 \/]<br \/>\n<\/p>\n<p>[Fonte: <a href=\"http:\/\/www.ultramotors.com.br\/\" rel=\"nofollow noopener\" target=\"_blank\">UltraMotors<\/a> \/ Fenabrave]<\/p>\n","protected":false},"excerpt":{"rendered":"<p>As vendas de autom\u00f3veis e comerciais leves ca\u00edram de 300.513 unidades em maio para 286.938 unidades em junho. No entanto, apesar deste decr\u00e9scimo de 4,52%, as vendas de autom\u00f3veis e comerciais leves no acumulado saltaram de 1.495.691 unidades para 1.638.082, numa evolu\u00e7\u00e3o de 9,52%. Na compara\u00e7\u00e3o com junho de 2010, quando foram contabilizadas 247.501 unidades, [&hellip;]<\/p>\n","protected":false},"author":1,"featured_media":3524,"comment_status":"open","ping_status":"open","sticky":false,"template":"","format":"standard","meta":{"footnotes":""},"categories":[1,3235],"tags":[],"class_list":["post-3517","post","type-post","status-publish","format-standard","has-post-thumbnail","hentry","category-blog","category-carros-mais-vendidos"],"_links":{"self":[{"href":"https:\/\/br.ultramotors.org\/seminovos\/wp-json\/wp\/v2\/posts\/3517","targetHints":{"allow":["GET"]}}],"collection":[{"href":"https:\/\/br.ultramotors.org\/seminovos\/wp-json\/wp\/v2\/posts"}],"about":[{"href":"https:\/\/br.ultramotors.org\/seminovos\/wp-json\/wp\/v2\/types\/post"}],"author":[{"embeddable":true,"href":"https:\/\/br.ultramotors.org\/seminovos\/wp-json\/wp\/v2\/users\/1"}],"replies":[{"embeddable":true,"href":"https:\/\/br.ultramotors.org\/seminovos\/wp-json\/wp\/v2\/comments?post=3517"}],"version-history":[{"count":1,"href":"https:\/\/br.ultramotors.org\/seminovos\/wp-json\/wp\/v2\/posts\/3517\/revisions"}],"predecessor-version":[{"id":77113,"href":"https:\/\/br.ultramotors.org\/seminovos\/wp-json\/wp\/v2\/posts\/3517\/revisions\/77113"}],"wp:featuredmedia":[{"embeddable":true,"href":"https:\/\/br.ultramotors.org\/seminovos\/wp-json\/wp\/v2\/media\/3524"}],"wp:attachment":[{"href":"https:\/\/br.ultramotors.org\/seminovos\/wp-json\/wp\/v2\/media?parent=3517"}],"wp:term":[{"taxonomy":"category","embeddable":true,"href":"https:\/\/br.ultramotors.org\/seminovos\/wp-json\/wp\/v2\/categories?post=3517"},{"taxonomy":"post_tag","embeddable":true,"href":"https:\/\/br.ultramotors.org\/seminovos\/wp-json\/wp\/v2\/tags?post=3517"}],"curies":[{"name":"wp","href":"https:\/\/api.w.org\/{rel}","templated":true}]}}