{"id":34189,"date":"2015-02-13T17:19:38","date_gmt":"2015-02-13T19:19:38","guid":{"rendered":"http:\/\/www.ultramotors.com.br\/?p=34189"},"modified":"2015-03-27T12:19:27","modified_gmt":"2015-03-27T15:19:27","slug":"honda-cb500f-e-cbr500r-2015-ganham-novas-cores","status":"publish","type":"post","link":"https:\/\/br.ultramotors.org\/seminovos\/blog\/honda-cb500f-e-cbr500r-2015-ganham-novas-cores\/","title":{"rendered":"Honda CB500F e CBR500R 2015 ganham novas cores"},"content":{"rendered":"<p>A Honda apresentou a linha 2015 de suas motos <strong>CB500F<\/strong> (<a title=\"Motos Naked \u00e0 venda\" href=\"http:\/\/www.ultramotors.com.br\/categoria\/motos\/naked\/\" rel=\"nofollow noopener\" target=\"_blank\">naked<\/a>) e <strong>CBR500R<\/strong> (<a title=\"Motos esportivas \u00e0 venda\" href=\"http:\/\/www.ultramotors.com.br\/categoria\/motos\/esportiva\/\" rel=\"nofollow noopener\" target=\"_blank\">esportiva<\/a>), porta de entrada na categoria de alta cilindrada da marca. A novidade ficou por conta das novas cores e grafismo. A CB500F passa a contar com as cores preta (nova e inspirada na CB650), branca e vermelha met\u00e1lica.<br \/>\n[gn_tabs]<br \/>\n[gn_tab title=&#8221;CB500F Preta&#8221;] <img loading=\"lazy\" decoding=\"async\" class=\"borderless aligncenter wp-image-34197\" title=\"CB 500F 2015 - Preta\" src=\"http:\/\/www.ultramotors.com.br\/wp-content\/uploads\/2015\/02\/CB-500F-2015-Preta.jpg\" alt=\"CB 500F 2015 - Preta\" width=\"660\" height=\"440\" srcset=\"https:\/\/br.ultramotors.org\/seminovos\/wp-content\/uploads\/2015\/02\/CB-500F-2015-Preta.jpg 680w, https:\/\/br.ultramotors.org\/seminovos\/wp-content\/uploads\/2015\/02\/CB-500F-2015-Preta-50x33.jpg 50w, https:\/\/br.ultramotors.org\/seminovos\/wp-content\/uploads\/2015\/02\/CB-500F-2015-Preta-200x133.jpg 200w, https:\/\/br.ultramotors.org\/seminovos\/wp-content\/uploads\/2015\/02\/CB-500F-2015-Preta-100x67.jpg 100w, https:\/\/br.ultramotors.org\/seminovos\/wp-content\/uploads\/2015\/02\/CB-500F-2015-Preta-150x100.jpg 150w\" sizes=\"auto, (max-width: 660px) 100vw, 660px\" \/> [\/gn_tab]<br \/>\n[gn_tab title=&#8221;Branca&#8221;] <img loading=\"lazy\" decoding=\"async\" class=\"borderless aligncenter wp-image-34199\" title=\"CB 500F 2015 - Branca\" src=\"http:\/\/www.ultramotors.com.br\/wp-content\/uploads\/2015\/02\/CB-500F-2015-Branca.jpg\" alt=\"CB 500F 2015 - Branca\" width=\"660\" height=\"440\" srcset=\"https:\/\/br.ultramotors.org\/seminovos\/wp-content\/uploads\/2015\/02\/CB-500F-2015-Branca.jpg 680w, https:\/\/br.ultramotors.org\/seminovos\/wp-content\/uploads\/2015\/02\/CB-500F-2015-Branca-50x33.jpg 50w, https:\/\/br.ultramotors.org\/seminovos\/wp-content\/uploads\/2015\/02\/CB-500F-2015-Branca-200x133.jpg 200w, https:\/\/br.ultramotors.org\/seminovos\/wp-content\/uploads\/2015\/02\/CB-500F-2015-Branca-100x67.jpg 100w, https:\/\/br.ultramotors.org\/seminovos\/wp-content\/uploads\/2015\/02\/CB-500F-2015-Branca-150x100.jpg 150w\" sizes=\"auto, (max-width: 660px) 100vw, 660px\" \/> [\/gn_tab]<br \/>\n[gn_tab title=&#8221;Vermelha&#8221;] <img loading=\"lazy\" decoding=\"async\" class=\"borderless aligncenter wp-image-34200\" title=\"CB 500F 2015 - Vermelha\" src=\"http:\/\/www.ultramotors.com.br\/wp-content\/uploads\/2015\/02\/CB-500F-2015-Vermelha.jpg\" alt=\"CB 500F 2015 - Vermelha\" width=\"660\" height=\"440\" srcset=\"https:\/\/br.ultramotors.org\/seminovos\/wp-content\/uploads\/2015\/02\/CB-500F-2015-Vermelha.jpg 680w, https:\/\/br.ultramotors.org\/seminovos\/wp-content\/uploads\/2015\/02\/CB-500F-2015-Vermelha-50x33.jpg 50w, https:\/\/br.ultramotors.org\/seminovos\/wp-content\/uploads\/2015\/02\/CB-500F-2015-Vermelha-200x133.jpg 200w, https:\/\/br.ultramotors.org\/seminovos\/wp-content\/uploads\/2015\/02\/CB-500F-2015-Vermelha-100x67.jpg 100w, https:\/\/br.ultramotors.org\/seminovos\/wp-content\/uploads\/2015\/02\/CB-500F-2015-Vermelha-150x100.jpg 150w\" sizes=\"auto, (max-width: 660px) 100vw, 660px\" \/> [\/gn_tab]<br \/>\n[\/gn_tabs]J\u00e1 a CBR500R ganhou duas novas cores, preta e branca tricolor, com detalhes em vermelho e azul baseadas no visual do Team HRC (Honda Racing Corporation).<\/p>\n<p>[gn_tabs]<br \/>\n[gn_tab title=&#8221;CBR500R Preta&#8221;] <img loading=\"lazy\" decoding=\"async\" class=\"borderless aligncenter wp-image-34198\" title=\"CBR 500R 2015 - Preta\" src=\"http:\/\/www.ultramotors.com.br\/wp-content\/uploads\/2015\/02\/CBR-500R-2015-Preta.jpg\" alt=\"CBR 500R 2015 - Preta\" width=\"660\" height=\"440\" srcset=\"https:\/\/br.ultramotors.org\/seminovos\/wp-content\/uploads\/2015\/02\/CBR-500R-2015-Preta.jpg 680w, https:\/\/br.ultramotors.org\/seminovos\/wp-content\/uploads\/2015\/02\/CBR-500R-2015-Preta-50x33.jpg 50w, https:\/\/br.ultramotors.org\/seminovos\/wp-content\/uploads\/2015\/02\/CBR-500R-2015-Preta-200x133.jpg 200w, https:\/\/br.ultramotors.org\/seminovos\/wp-content\/uploads\/2015\/02\/CBR-500R-2015-Preta-100x67.jpg 100w, https:\/\/br.ultramotors.org\/seminovos\/wp-content\/uploads\/2015\/02\/CBR-500R-2015-Preta-150x100.jpg 150w\" sizes=\"auto, (max-width: 660px) 100vw, 660px\" \/> [\/gn_tab]<br \/>\n[gn_tab title=&#8221;Branca&#8221;] <img loading=\"lazy\" decoding=\"async\" class=\"borderless aligncenter wp-image-34201\" title=\"CBR 500R 2015 - Branca Tricolor\" src=\"http:\/\/www.ultramotors.com.br\/wp-content\/uploads\/2015\/02\/CBR-500R-2015-Branca-Tricolor.jpg\" alt=\"CBR 500R 2015 - Branca Tricolor\" width=\"660\" height=\"440\" srcset=\"https:\/\/br.ultramotors.org\/seminovos\/wp-content\/uploads\/2015\/02\/CBR-500R-2015-Branca-Tricolor.jpg 680w, https:\/\/br.ultramotors.org\/seminovos\/wp-content\/uploads\/2015\/02\/CBR-500R-2015-Branca-Tricolor-50x33.jpg 50w, https:\/\/br.ultramotors.org\/seminovos\/wp-content\/uploads\/2015\/02\/CBR-500R-2015-Branca-Tricolor-200x133.jpg 200w, https:\/\/br.ultramotors.org\/seminovos\/wp-content\/uploads\/2015\/02\/CBR-500R-2015-Branca-Tricolor-100x67.jpg 100w, https:\/\/br.ultramotors.org\/seminovos\/wp-content\/uploads\/2015\/02\/CBR-500R-2015-Branca-Tricolor-150x100.jpg 150w\" sizes=\"auto, (max-width: 660px) 100vw, 660px\" \/> [\/gn_tab]<br \/>\n[\/gn_tabs]<\/p>\n<p>[h2gray]Motoriza\u00e7\u00e3o[\/h2gray]<\/p>\n<p>A CB500F e a CBR500R s\u00e3o equipadas com o motor DOHC, bicilindrico de quatro tempos, 471 cm\u00b3 de capacidade, com duplo comando de v\u00e1lvulas no cabe\u00e7ote e quatro v\u00e1lvulas por cilindro, com pot\u00eancia m\u00e1xima de 50 cv a 8.500 rpm e torque de 4,55 kgf.m a 7.000 rpm.<\/p>\n<p>[h2gray]Transmiss\u00e3o[\/h2gray]<\/p>\n<p>6 velocidades<\/p>\n<p>[h2gray]Sistema de partida[\/h2gray]<\/p>\n<p>El\u00e9trico<\/p>\n<p>[h2gray]Dimens\u00f5es[\/h2gray]<\/p>\n<p><strong>Honda CB500F<\/strong><br \/>\nComprimento x Largura X Altura: 2.075 x 780 x 1.060 mm<br \/>\nDist\u00e2ncia entre Eixos: 1.410 mm<br \/>\nDist\u00e2ncia M\u00ednima do Solo: 155 mm<br \/>\nAltura do Assento: 785 mm<br \/>\nPeso Seco: STD: 178 kg \/ ABS: 180kg<\/p>\n<p><strong>Honda CBR500R<\/strong><br \/>\nComprimento x Largura x Altura: 2.075 X 740 X 1.145 mm<br \/>\nDist\u00e2ncia entre Eixos: 1.410 mm<br \/>\nDist\u00e2ncia M\u00ednima do Solo: 140 mm<br \/>\nAltura do Assento: 785 mm<br \/>\nPeso Seco: ABS: 183 kg<\/p>\n<p>[h2gray]Combust\u00edvel [\/h2gray]<\/p>\n<p>Gasolina ( 15,7 litros )<\/p>\n<p>[h2gray]Pre\u00e7os[\/h2gray]<\/p>\n<p>CB500F <strong>R$ 23.053,00<\/strong> (STD) e CB500F <strong>R$ 24.625,00<\/strong> (ABS); CBR500R <strong>R$ 25.673,00<\/strong> (ABS).<\/p>\n","protected":false},"excerpt":{"rendered":"<p>A Honda apresentou a linha 2015 de suas motos CB500F (naked) e CBR500R (esportiva), porta de entrada na categoria de alta cilindrada da marca. A novidade ficou por conta das novas cores e grafismo. A CB500F passa a contar com as cores preta (nova e inspirada na CB650), branca e vermelha met\u00e1lica. [gn_tabs] [gn_tab title=&#8221;CB500F [&hellip;]<\/p>\n","protected":false},"author":1,"featured_media":34197,"comment_status":"open","ping_status":"closed","sticky":false,"template":"","format":"standard","meta":{"footnotes":""},"categories":[1],"tags":[],"class_list":["post-34189","post","type-post","status-publish","format-standard","has-post-thumbnail","hentry","category-blog"],"_links":{"self":[{"href":"https:\/\/br.ultramotors.org\/seminovos\/wp-json\/wp\/v2\/posts\/34189","targetHints":{"allow":["GET"]}}],"collection":[{"href":"https:\/\/br.ultramotors.org\/seminovos\/wp-json\/wp\/v2\/posts"}],"about":[{"href":"https:\/\/br.ultramotors.org\/seminovos\/wp-json\/wp\/v2\/types\/post"}],"author":[{"embeddable":true,"href":"https:\/\/br.ultramotors.org\/seminovos\/wp-json\/wp\/v2\/users\/1"}],"replies":[{"embeddable":true,"href":"https:\/\/br.ultramotors.org\/seminovos\/wp-json\/wp\/v2\/comments?post=34189"}],"version-history":[{"count":0,"href":"https:\/\/br.ultramotors.org\/seminovos\/wp-json\/wp\/v2\/posts\/34189\/revisions"}],"wp:featuredmedia":[{"embeddable":true,"href":"https:\/\/br.ultramotors.org\/seminovos\/wp-json\/wp\/v2\/media\/34197"}],"wp:attachment":[{"href":"https:\/\/br.ultramotors.org\/seminovos\/wp-json\/wp\/v2\/media?parent=34189"}],"wp:term":[{"taxonomy":"category","embeddable":true,"href":"https:\/\/br.ultramotors.org\/seminovos\/wp-json\/wp\/v2\/categories?post=34189"},{"taxonomy":"post_tag","embeddable":true,"href":"https:\/\/br.ultramotors.org\/seminovos\/wp-json\/wp\/v2\/tags?post=34189"}],"curies":[{"name":"wp","href":"https:\/\/api.w.org\/{rel}","templated":true}]}}