{"id":34158,"date":"2015-02-12T14:11:13","date_gmt":"2015-02-12T16:11:13","guid":{"rendered":"http:\/\/www.ultramotors.com.br\/?p=34158"},"modified":"2015-03-27T12:19:27","modified_gmt":"2015-03-27T15:19:27","slug":"brasil-e-china-empurram-vendas-globais-da-volkswagen-para-baixo","status":"publish","type":"post","link":"https:\/\/br.ultramotors.org\/seminovos\/blog\/brasil-e-china-empurram-vendas-globais-da-volkswagen-para-baixo\/","title":{"rendered":"Brasil e China empurram vendas globais da Volkswagen para baixo"},"content":{"rendered":"<p>A principal marca do Grupo Volkswagen teve uma consider\u00e1vel queda na <a title=\"Vender seu carro agora, anuncie ve\u00edculos gr\u00e1tis\" href=\"http:\/\/www.ultramotors.com.br\/vender-seu-carro-agora-anuncie-veiculos-gratis\/\" rel=\"nofollow noopener\" target=\"_blank\">venda de autom\u00f3veis<\/a> ap\u00f3s a diminui\u00e7\u00e3o na demanda em dois grandes mercados, China e Brasil. Os carros Volkswagen para passageiros atingiram a marca de 507.100 unidades vendidas em janeiro de 2011, 2,8% a menos do que os 521.600 no mesmo m\u00eas de 2014.<\/p>\n<p>Desta vez, a Europa n\u00e3o foi a culpada. A demanda por &#8216;Volkswagens&#8217; cresceu 3,6% na Alemanha e se manteve est\u00e1vel no resto da Europa Ocidental. No entanto, o mercado chin\u00eas come\u00e7ou a mostrar sinais de abrandamento, com as vendas diminuindo 0,7%, com 267.8 mil carros vendidos.<\/p>\n<p><strong>OFERTAS:\u00a0<a href=\"http:\/\/www.ultramotors.com.br\/?s=volkswagen&amp;scat=6&amp;sa=Pesquisa\" rel=\"nofollow noopener\" target=\"_blank\">Carros Volkswagen \u00e0 venda<\/a><\/strong><\/p>\n<p>Na R\u00fassia, que enfrenta a queda dos pre\u00e7os do petr\u00f3leo e as tens\u00f5es com o Ocidente sobre a quest\u00e3o da Ucr\u00e2nia, as vendas ca\u00edram 28%, com apenas 6.200 vendas.<\/p>\n<p>Estimulada pela linha 2015 do Golf e Jetta, a demanda nos EUA aumentou, mas no Brasil caiu 15% levando o resto do mercado sul-americano na mesma dire\u00e7\u00e3o.<\/p>\n<blockquote><p>&#8220;As vendas da marca Volkswagen mostram que estamos enfrentando um ano desafiador. A Volkswagen n\u00e3o ficou imune \u00e0s incertezas que persistiram em algumas regi\u00f5es durante este ano&#8221;, comentou Christian Klingler, membro do conselho de Vendas e Marketing do Grupo Volkswagen, em Wolfsburg nesta quarta-feira.<\/p><\/blockquote>\n","protected":false},"excerpt":{"rendered":"<p>A principal marca do Grupo Volkswagen teve uma consider\u00e1vel queda na venda de autom\u00f3veis ap\u00f3s a diminui\u00e7\u00e3o na demanda em dois grandes mercados, China e Brasil. Os carros Volkswagen para passageiros atingiram a marca de 507.100 unidades vendidas em janeiro de 2011, 2,8% a menos do que os 521.600 no mesmo m\u00eas de 2014. Desta [&hellip;]<\/p>\n","protected":false},"author":1,"featured_media":34159,"comment_status":"open","ping_status":"closed","sticky":false,"template":"","format":"standard","meta":{"footnotes":""},"categories":[1],"tags":[],"class_list":["post-34158","post","type-post","status-publish","format-standard","has-post-thumbnail","hentry","category-blog"],"_links":{"self":[{"href":"https:\/\/br.ultramotors.org\/seminovos\/wp-json\/wp\/v2\/posts\/34158","targetHints":{"allow":["GET"]}}],"collection":[{"href":"https:\/\/br.ultramotors.org\/seminovos\/wp-json\/wp\/v2\/posts"}],"about":[{"href":"https:\/\/br.ultramotors.org\/seminovos\/wp-json\/wp\/v2\/types\/post"}],"author":[{"embeddable":true,"href":"https:\/\/br.ultramotors.org\/seminovos\/wp-json\/wp\/v2\/users\/1"}],"replies":[{"embeddable":true,"href":"https:\/\/br.ultramotors.org\/seminovos\/wp-json\/wp\/v2\/comments?post=34158"}],"version-history":[{"count":0,"href":"https:\/\/br.ultramotors.org\/seminovos\/wp-json\/wp\/v2\/posts\/34158\/revisions"}],"wp:featuredmedia":[{"embeddable":true,"href":"https:\/\/br.ultramotors.org\/seminovos\/wp-json\/wp\/v2\/media\/34159"}],"wp:attachment":[{"href":"https:\/\/br.ultramotors.org\/seminovos\/wp-json\/wp\/v2\/media?parent=34158"}],"wp:term":[{"taxonomy":"category","embeddable":true,"href":"https:\/\/br.ultramotors.org\/seminovos\/wp-json\/wp\/v2\/categories?post=34158"},{"taxonomy":"post_tag","embeddable":true,"href":"https:\/\/br.ultramotors.org\/seminovos\/wp-json\/wp\/v2\/tags?post=34158"}],"curies":[{"name":"wp","href":"https:\/\/api.w.org\/{rel}","templated":true}]}}