{"id":33610,"date":"2015-01-14T11:05:54","date_gmt":"2015-01-14T13:05:54","guid":{"rendered":"http:\/\/www.ultramotors.com.br\/?p=33610"},"modified":"2015-03-27T12:19:27","modified_gmt":"2015-03-27T15:19:27","slug":"volkswagen-golf-2015-e-eleito-carro-ano-em-detroit","status":"publish","type":"post","link":"https:\/\/br.ultramotors.org\/seminovos\/blog\/volkswagen-golf-2015-e-eleito-carro-ano-em-detroit\/","title":{"rendered":"Volkswagen Golf 2015 \u00e9 eleito &#8216;Carro do Ano&#8217; em Detroit"},"content":{"rendered":"<p>Quase dois anos e meio ap\u00f3s a sua estreia mundial, a s\u00e9tima gera\u00e7\u00e3o do <strong><a href=\"http:\/\/www.ultramotors.com.br\/tag\/volkswagen-2\/\" rel=\"nofollow noopener\" target=\"_blank\">Volkswagen<\/a> Golf<\/strong> foi escolhida como &#8216;<strong>Car of The Year 2015<\/strong>&#8216; em elei\u00e7\u00e3o realizada no Sal\u00e3o de Detroit que contou com a participa\u00e7\u00e3o de 57 jornalistas. Foi a primeira vit\u00f3ria absoluta da montadora alem\u00e3, que viu em 2012 seu Passat <a title=\"Carros sedan \u00e0 venda\" href=\"http:\/\/www.ultramotors.com.br\/categoria\/carros\/seda\/\" rel=\"nofollow noopener\" target=\"_blank\">sedan<\/a> entre os tr\u00eas finalistas.<\/p>\n<p>Neste 22\u00ba ano da competi\u00e7\u00e3o, o Golf arrebatou o t\u00edtulo com sua vers\u00e3o <a title=\"Carros hatch \u00e0 venda\" href=\"http:\/\/www.ultramotors.com.br\/categoria\/carros\/hatchback\/\" rel=\"nofollow noopener\" target=\"_blank\">hatch<\/a> base e com a vers\u00e3o esportiva &#8216;Golf GTI&#8217;, embora as vers\u00f5es TDI (turbo diesel) e e-Golf (el\u00e9trico) tamb\u00e9m terem recebido men\u00e7\u00f5es importantes.<\/p>\n<p>Praticamente inquestion\u00e1vel em seu segmento, montado sob a plataforma do Audi A3 (Car of The Year 2014), o Golf MkVII (s\u00e9tima gera\u00e7\u00e3o) recebeu 256 pontos no total, vencendo o Ford Mustang 2015 ( 204 pontos) e Hyundai Genesis sedan 2015 ( 110 pontos ).<\/p>\n<p><img loading=\"lazy\" decoding=\"async\" class=\"aligncenter size-full wp-image-33612\" src=\"http:\/\/www.ultramotors.com.br\/wp-content\/uploads\/2015\/01\/2015-volkswagen-golf-front-rear-three-quarters.jpg\" alt=\"Linha Golf 2015\" width=\"680\" height=\"453\" title=\"\" srcset=\"https:\/\/br.ultramotors.org\/seminovos\/wp-content\/uploads\/2015\/01\/2015-volkswagen-golf-front-rear-three-quarters.jpg 680w, https:\/\/br.ultramotors.org\/seminovos\/wp-content\/uploads\/2015\/01\/2015-volkswagen-golf-front-rear-three-quarters-50x33.jpg 50w, https:\/\/br.ultramotors.org\/seminovos\/wp-content\/uploads\/2015\/01\/2015-volkswagen-golf-front-rear-three-quarters-200x133.jpg 200w, https:\/\/br.ultramotors.org\/seminovos\/wp-content\/uploads\/2015\/01\/2015-volkswagen-golf-front-rear-three-quarters-100x67.jpg 100w, https:\/\/br.ultramotors.org\/seminovos\/wp-content\/uploads\/2015\/01\/2015-volkswagen-golf-front-rear-three-quarters-150x100.jpg 150w\" sizes=\"auto, (max-width: 680px) 100vw, 680px\" \/><\/p>\n","protected":false},"excerpt":{"rendered":"<p>Quase dois anos e meio ap\u00f3s a sua estreia mundial, a s\u00e9tima gera\u00e7\u00e3o do Volkswagen Golf foi escolhida como &#8216;Car of The Year 2015&#8216; em elei\u00e7\u00e3o realizada no Sal\u00e3o de Detroit que contou com a participa\u00e7\u00e3o de 57 jornalistas. Foi a primeira vit\u00f3ria absoluta da montadora alem\u00e3, que viu em 2012 seu Passat sedan entre [&hellip;]<\/p>\n","protected":false},"author":1,"featured_media":33611,"comment_status":"open","ping_status":"closed","sticky":false,"template":"","format":"standard","meta":{"footnotes":""},"categories":[1],"tags":[],"class_list":["post-33610","post","type-post","status-publish","format-standard","has-post-thumbnail","hentry","category-blog"],"_links":{"self":[{"href":"https:\/\/br.ultramotors.org\/seminovos\/wp-json\/wp\/v2\/posts\/33610","targetHints":{"allow":["GET"]}}],"collection":[{"href":"https:\/\/br.ultramotors.org\/seminovos\/wp-json\/wp\/v2\/posts"}],"about":[{"href":"https:\/\/br.ultramotors.org\/seminovos\/wp-json\/wp\/v2\/types\/post"}],"author":[{"embeddable":true,"href":"https:\/\/br.ultramotors.org\/seminovos\/wp-json\/wp\/v2\/users\/1"}],"replies":[{"embeddable":true,"href":"https:\/\/br.ultramotors.org\/seminovos\/wp-json\/wp\/v2\/comments?post=33610"}],"version-history":[{"count":0,"href":"https:\/\/br.ultramotors.org\/seminovos\/wp-json\/wp\/v2\/posts\/33610\/revisions"}],"wp:featuredmedia":[{"embeddable":true,"href":"https:\/\/br.ultramotors.org\/seminovos\/wp-json\/wp\/v2\/media\/33611"}],"wp:attachment":[{"href":"https:\/\/br.ultramotors.org\/seminovos\/wp-json\/wp\/v2\/media?parent=33610"}],"wp:term":[{"taxonomy":"category","embeddable":true,"href":"https:\/\/br.ultramotors.org\/seminovos\/wp-json\/wp\/v2\/categories?post=33610"},{"taxonomy":"post_tag","embeddable":true,"href":"https:\/\/br.ultramotors.org\/seminovos\/wp-json\/wp\/v2\/tags?post=33610"}],"curies":[{"name":"wp","href":"https:\/\/api.w.org\/{rel}","templated":true}]}}