{"id":3200,"date":"2011-06-21T19:16:08","date_gmt":"2011-06-21T22:16:08","guid":{"rendered":"http:\/\/www.ultramotors.com.br\/?p=3200"},"modified":"2011-06-21T19:16:08","modified_gmt":"2011-06-21T22:16:08","slug":"duster-a-nova-aposta-da-renault-no-mercado-de-suvs-sul-americano","status":"publish","type":"post","link":"https:\/\/br.ultramotors.org\/seminovos\/blog\/duster-a-nova-aposta-da-renault-no-mercado-de-suvs-sul-americano\/","title":{"rendered":"Duster: A nova aposta da Renault no mercado de SUV&#8217;s sul-americano"},"content":{"rendered":"<p>Foi a grande novidade do estande da Renault no Sal\u00e3o de Buenos Aires e \u00e9 um dos <a href=\"http:\/\/www.ultramotors.com.br\/blog\/\" rel=\"nofollow noopener\" target=\"_blank\">lan\u00e7amentos mais esperados do ano<\/a>. O Duster tem um design espec\u00edfico para a Am\u00e9rica e \u00e9 a nova aposta da Renault no concorrido segmento dos <a href=\"http:\/\/www.ultramotors.com.br\/category\/comerciais-leves\/\" rel=\"nofollow noopener\" target=\"_blank\">SUV&#8217;s<\/a>.<\/p>\n<p>No Mercosul, o Duster est\u00e1 localizado um passo acima do Sandero Stepway. No Sal\u00e3o de Buenos Aires, a Renault Argentina confirmou as vers\u00f5es que v\u00e3o chegar no nosso mercado.<\/p>\n<p>Os motores s\u00e3o os confi\u00e1veis e j\u00e1 conhecidos de outros modelos da marca: 1.6 16v com 110 cv (s\u00f3 com tra\u00e7\u00e3o dianteira) e o 2.0 16v 143 cv. Este \u00faltimo poder\u00e1 ser combinado com a tra\u00e7\u00e3o integral, desenvolvida pela Nissan.<\/p>\n<p><img loading=\"lazy\" decoding=\"async\" class=\"aligncenter size-full wp-image-3202\" title=\"renault-duster-offroad\" src=\"http:\/\/www.ultramotors.com.br\/wp-content\/uploads\/2011\/06\/tododuster2-600x278-e1308694116714.jpg\" alt=\"Renault Duster Off-Road\" width=\"545\" height=\"252\" \/><\/p>\n<p>Segundo a Renault o Duster \u00e9 um SUV de verdade: a sua concep\u00e7\u00e3o, o seu design exterior, o seu espa\u00e7o interno, e a sua dist\u00e2ncia somados a possibilidade de ter dois tipos de tra\u00e7\u00e3o 4\u00d74 e 4\u00d72, realmente nos fazem acreditar nisso.<\/p>\n<p><img loading=\"lazy\" decoding=\"async\" class=\"aligncenter size-full wp-image-3203\" title=\"renault-duster-lancamento\" src=\"http:\/\/www.ultramotors.com.br\/wp-content\/uploads\/2011\/06\/tododuster4-600x282-e1308694165243.jpg\" alt=\"Lan\u00e7amento Renault Duster\" width=\"545\" height=\"256\" \/><\/p>\n<p>A exemplo do que ocorreu com outros modelos da Renault \u00e0 venda no mercado nacional, o Renault Duster est\u00e1 sendo desenvolvido para o mercado brasileiro pelos profissionais do Renault Design Am\u00e9rica Latina (RDAL) e do Renault Tecnologias Am\u00e9ricas (RTA).<\/p>\n<p><img loading=\"lazy\" decoding=\"async\" class=\"aligncenter size-full wp-image-3204\" title=\"renault-duster-frente\" src=\"http:\/\/www.ultramotors.com.br\/wp-content\/uploads\/2011\/06\/tododuster3-600x307-e1308694258256.jpg\" alt=\"Frente Renault Duster\" width=\"545\" height=\"278\" \/><\/p>\n<blockquote><p>O volume de vendas de modelos SUVs no mercado brasileiro de ve\u00edculos de passeio entre os anos de 2000 e 2010 registrou um crescimento superior a 16 vezes, enquanto o mercado cresceu 2,2 vezes no mesmo per\u00edodo. Em termos de participa\u00e7\u00e3o do segmento SUV no mercado, houve um salto de 1% das vendas de ve\u00edculos de passeio, em 2000, para 7,6% no ano passado.<\/p><\/blockquote>\n<p><img loading=\"lazy\" decoding=\"async\" class=\"aligncenter size-full wp-image-3205\" title=\"renault-duster-interior\" src=\"http:\/\/www.ultramotors.com.br\/wp-content\/uploads\/2011\/06\/tododuster5-600x344-e1308694334922.jpg\" alt=\"Interior Renault Duster\" width=\"545\" height=\"312\" \/><\/p>\n","protected":false},"excerpt":{"rendered":"<p>Foi a grande novidade do estande da Renault no Sal\u00e3o de Buenos Aires e \u00e9 um dos lan\u00e7amentos mais esperados do ano. O Duster tem um design espec\u00edfico para a Am\u00e9rica e \u00e9 a nova aposta da Renault no concorrido segmento dos SUV&#8217;s. No Mercosul, o Duster est\u00e1 localizado um passo acima do Sandero Stepway. [&hellip;]<\/p>\n","protected":false},"author":1,"featured_media":3201,"comment_status":"open","ping_status":"open","sticky":false,"template":"","format":"standard","meta":{"footnotes":""},"categories":[1],"tags":[],"class_list":["post-3200","post","type-post","status-publish","format-standard","has-post-thumbnail","hentry","category-blog"],"_links":{"self":[{"href":"https:\/\/br.ultramotors.org\/seminovos\/wp-json\/wp\/v2\/posts\/3200","targetHints":{"allow":["GET"]}}],"collection":[{"href":"https:\/\/br.ultramotors.org\/seminovos\/wp-json\/wp\/v2\/posts"}],"about":[{"href":"https:\/\/br.ultramotors.org\/seminovos\/wp-json\/wp\/v2\/types\/post"}],"author":[{"embeddable":true,"href":"https:\/\/br.ultramotors.org\/seminovos\/wp-json\/wp\/v2\/users\/1"}],"replies":[{"embeddable":true,"href":"https:\/\/br.ultramotors.org\/seminovos\/wp-json\/wp\/v2\/comments?post=3200"}],"version-history":[{"count":0,"href":"https:\/\/br.ultramotors.org\/seminovos\/wp-json\/wp\/v2\/posts\/3200\/revisions"}],"wp:featuredmedia":[{"embeddable":true,"href":"https:\/\/br.ultramotors.org\/seminovos\/wp-json\/wp\/v2\/media\/3201"}],"wp:attachment":[{"href":"https:\/\/br.ultramotors.org\/seminovos\/wp-json\/wp\/v2\/media?parent=3200"}],"wp:term":[{"taxonomy":"category","embeddable":true,"href":"https:\/\/br.ultramotors.org\/seminovos\/wp-json\/wp\/v2\/categories?post=3200"},{"taxonomy":"post_tag","embeddable":true,"href":"https:\/\/br.ultramotors.org\/seminovos\/wp-json\/wp\/v2\/tags?post=3200"}],"curies":[{"name":"wp","href":"https:\/\/api.w.org\/{rel}","templated":true}]}}