{"id":2901,"date":"2011-06-01T16:04:13","date_gmt":"2011-06-01T19:04:13","guid":{"rendered":"http:\/\/www.ultramotors.com.br\/?p=2901"},"modified":"2011-06-01T16:24:42","modified_gmt":"2011-06-01T19:24:42","slug":"mitsubishi-sailing-cup-2011-reune-os-melhores-velejadores-sul-americanos","status":"publish","type":"post","link":"https:\/\/br.ultramotors.org\/seminovos\/blog\/mitsubishi-sailing-cup-2011-reune-os-melhores-velejadores-sul-americanos\/","title":{"rendered":"Mitsubishi Sailing Cup 2011 re\u00fane os melhores velejadores sul-americanos"},"content":{"rendered":"<p>Ilhabela ser\u00e1 o palco da segunda temporada da <strong>Mitsubishi Sailing Cup<\/strong> que ter\u00e1 inicio quinta-feira (02\/07). O evento re\u00fane os melhores <strong>velejadores<\/strong> do continente em uma <strong>competi\u00e7\u00e3o de veleiros<\/strong> monotipos (embarca\u00e7\u00f5es iguais) oce\u00e2nicos de 40 p\u00e9s, chamada classe S40 (Soto40). A primeira etapa da regata mais competitiva da Am\u00e9rica do Sul ter\u00e1 tamb\u00e9m veleiros da Classe HPE 25.<\/p>\n<p>A programa\u00e7\u00e3o conta com duas regatas por dia, com largada \u00e0s 12 horas, de quinta a domingo (5\/6), no canal de S\u00e3o Sebasti\u00e3o e nas proximidades da Ponta das Canas, em Ilhabela. O limite de tempo para as regatas da Classe S40 ser\u00e1 de 120 minutos e da Classe HPE, de 90 minutos. Ser\u00e3o premiados com trof\u00e9us os tr\u00eas primeiros colocados de cada classe.<\/p>\n<p><img loading=\"lazy\" decoding=\"async\" class=\"aligncenter size-full wp-image-2903\" title=\"Mitisubishi-cup-ilhabela\" src=\"http:\/\/www.ultramotors.com.br\/wp-content\/uploads\/2011\/06\/126825_174271_124728_170940_hec_8823-e1306954227893.jpg\" alt=\"Mitisubishi cup em Ilha Bela, veleiros\" width=\"545\" height=\"362\" \/><\/p>\n<p>Participam da regada 15 <a href=\"http:\/\/www.ultramotors.com.br\/category\/barcos\/\" rel=\"nofollow noopener\" target=\"_blank\">barcos<\/a> do Brasil, Argentina, Uruguai e Chile. Entre os competidores est\u00e3o os medalhistas ol\u00edmpicos Torben Grael, Eduardo Penido e Javier Conte, al\u00e9m de velejadores que participaram de Olimp\u00edadas e t\u00eam na prateleira medalhas e t\u00edtulos nas mais importantes competi\u00e7\u00f5es mundiais, como Francesco Bruni, Gast\u00e3o Brun, Guilhermo Parada, Mariano Cole Parada, Roberto Martins, Samuel Albrecht, Vince Brun e Eduardo Souza<\/p>\n<p>Cada barco tem 10 tripulantes, a segunda temporada da Mitsubishi Sailing Cup conta com a participa\u00e7\u00e3o de 150 velejadores profissionais e amadores de alt\u00edssimo n\u00edvel, fato in\u00e9dito em competi\u00e7\u00f5es no continente.<\/p>\n<p>Mais informa\u00e7\u00f5es no site da Mitsubishi.<\/p>\n<p>Programa\u00e7\u00e3o Mitsubishi Sailing Cup 2011 &#8211; Etapa Ilhabela (2 a 5\/6)<\/p>\n<p>02\/06(Quinta)<br \/>\n10h30 Cerim\u00f4nia de Abertura e Reuni\u00e3o dos Participantes<br \/>\n12h00 Largada para Regatas<br \/>\n20h00 Jantar da Classe Soto 40 e HPE 25<\/p>\n<p>03\/06 (Sexta)<br \/>\n12h00 Largada para Regatas<br \/>\n18h00 Canoa de cerveja<\/p>\n<p>04\/06 (S\u00e1bado)<br \/>\n12h00 Largada para Regatas<br \/>\n18h00 Canoa de cerveja<\/p>\n<p>05\/06 (Domingo)<br \/>\n12h00 Largada para Regatas<br \/>\n18h00 Cerim\u00f4nia de Entrega de Pr\u00eamios<\/p>\n<p><img loading=\"lazy\" decoding=\"async\" class=\"aligncenter size-full wp-image-2902\" title=\"Ilhabela-vista\" src=\"http:\/\/www.ultramotors.com.br\/wp-content\/uploads\/2011\/06\/Ilhabela_vista2-e1306954028286.jpg\" alt=\"Ilhabela-vista\" width=\"545\" height=\"297\" \/><\/p>\n<blockquote><p><strong>Ilhabela<\/strong> \u00e9 o \u00fanico\u00a0munic\u00edpio\u2013arquip\u00e9lago marinho brasileiro e est\u00e1 localizado no\u00a0litoral norte do\u00a0estado de S\u00e3o Paulo,\u00a0microrregi\u00e3o de Caraguatatuba. \u00a0Banhado pelo oceano\u00a0<a title=\"Atl\u00e2ntico\" href=\"http:\/\/pt.wikipedia.org\/wiki\/Atl%C3%A2ntico\" rel=\"nofollow noopener\" target=\"_blank\">Atl\u00e2ntico<\/a>, o munic\u00edpio est\u00e1 localizado a 135 quil\u00f4metros da\u00a0<a title=\"S\u00e3o Paulo (cidade)\" href=\"http:\/\/pt.wikipedia.org\/wiki\/S%C3%A3o_Paulo_(cidade)\" rel=\"nofollow noopener\" target=\"_blank\">capital<\/a> e a 140 quil\u00f4metros da divisa com o estado do\u00a0<a title=\"Rio de Janeiro\" href=\"http:\/\/pt.wikipedia.org\/wiki\/Rio_de_Janeiro\" rel=\"nofollow noopener\" target=\"_blank\">Rio de Janeiro<\/a>. Est\u00e1 situada um pouco ao sul do\u00a0<a title=\"Tr\u00f3pico de Capric\u00f3rnio\" href=\"http:\/\/pt.wikipedia.org\/wiki\/Tr%C3%B3pico_de_Capric%C3%B3rnio\" rel=\"nofollow noopener\" target=\"_blank\">Tr\u00f3pico de Capric\u00f3rnio<\/a>, que passa sobre a cidade vizinha de\u00a0<a title=\"Ubatuba\" href=\"http:\/\/pt.wikipedia.org\/wiki\/Ubatuba\" rel=\"nofollow noopener\" target=\"_blank\">Ubatuba<\/a>.<\/p><\/blockquote>\n<p>[Fonte externa: Mitsubishi Brasil, Wikipedia, Foto Ilhabela:\u00a0Reginaldo Pupo]<\/p>\n","protected":false},"excerpt":{"rendered":"<p>Ilhabela ser\u00e1 o palco da segunda temporada da Mitsubishi Sailing Cup que ter\u00e1 inicio quinta-feira (02\/07). O evento re\u00fane os melhores velejadores do continente em uma competi\u00e7\u00e3o de veleiros monotipos (embarca\u00e7\u00f5es iguais) oce\u00e2nicos de 40 p\u00e9s, chamada classe S40 (Soto40). A primeira etapa da regata mais competitiva da Am\u00e9rica do Sul ter\u00e1 tamb\u00e9m veleiros da [&hellip;]<\/p>\n","protected":false},"author":1,"featured_media":2904,"comment_status":"open","ping_status":"open","sticky":false,"template":"","format":"standard","meta":{"footnotes":""},"categories":[1],"tags":[],"class_list":["post-2901","post","type-post","status-publish","format-standard","has-post-thumbnail","hentry","category-blog"],"_links":{"self":[{"href":"https:\/\/br.ultramotors.org\/seminovos\/wp-json\/wp\/v2\/posts\/2901","targetHints":{"allow":["GET"]}}],"collection":[{"href":"https:\/\/br.ultramotors.org\/seminovos\/wp-json\/wp\/v2\/posts"}],"about":[{"href":"https:\/\/br.ultramotors.org\/seminovos\/wp-json\/wp\/v2\/types\/post"}],"author":[{"embeddable":true,"href":"https:\/\/br.ultramotors.org\/seminovos\/wp-json\/wp\/v2\/users\/1"}],"replies":[{"embeddable":true,"href":"https:\/\/br.ultramotors.org\/seminovos\/wp-json\/wp\/v2\/comments?post=2901"}],"version-history":[{"count":0,"href":"https:\/\/br.ultramotors.org\/seminovos\/wp-json\/wp\/v2\/posts\/2901\/revisions"}],"wp:featuredmedia":[{"embeddable":true,"href":"https:\/\/br.ultramotors.org\/seminovos\/wp-json\/wp\/v2\/media\/2904"}],"wp:attachment":[{"href":"https:\/\/br.ultramotors.org\/seminovos\/wp-json\/wp\/v2\/media?parent=2901"}],"wp:term":[{"taxonomy":"category","embeddable":true,"href":"https:\/\/br.ultramotors.org\/seminovos\/wp-json\/wp\/v2\/categories?post=2901"},{"taxonomy":"post_tag","embeddable":true,"href":"https:\/\/br.ultramotors.org\/seminovos\/wp-json\/wp\/v2\/tags?post=2901"}],"curies":[{"name":"wp","href":"https:\/\/api.w.org\/{rel}","templated":true}]}}