{"id":27669,"date":"2013-12-13T15:42:24","date_gmt":"2013-12-13T17:42:24","guid":{"rendered":"http:\/\/www.ultramotors.com.br\/?p=27669"},"modified":"2015-03-27T12:19:30","modified_gmt":"2015-03-27T15:19:30","slug":"linha-honda-cg-2014-ganha-3-anos-de-garantia","status":"publish","type":"post","link":"https:\/\/br.ultramotors.org\/seminovos\/blog\/linha-honda-cg-2014-ganha-3-anos-de-garantia\/","title":{"rendered":"Linha Honda CG 2014 ganha 3 anos de garantia"},"content":{"rendered":"<p>A Honda Brasil anunciou que todos os modelos da <a title=\"Linha 2014 da Honda CG chega ao mercado\" href=\"http:\/\/www.ultramotors.com.br\/linha-2014-da-honda-cg-chega-ao-mercado\/\" rel=\"nofollow noopener\" target=\"_blank\">linha CG 2014<\/a> comercializados a partir de dezembro deste ano, passam a contar com o programa de garantia estendida da marca. Isso significa que a fam\u00edlia Honda CG 2014 agora tem 3 anos garantia.<\/p>\n<p>A empresa tamb\u00e9m anunciou que o fornecimento gratuito de \u00f3leo, que j\u00e1 contemplava as duas primeiras trocas, foi estendido at\u00e9 a nona revis\u00e3o obrigat\u00f3ria.<\/p>\n","protected":false},"excerpt":{"rendered":"<p>A Honda Brasil anunciou que todos os modelos da linha CG 2014 comercializados a partir de dezembro deste ano, passam a contar com o programa de garantia estendida da marca. Isso significa que a fam\u00edlia Honda CG 2014 agora tem 3 anos garantia. A empresa tamb\u00e9m anunciou que o fornecimento gratuito de \u00f3leo, que j\u00e1 [&hellip;]<\/p>\n","protected":false},"author":1,"featured_media":27670,"comment_status":"open","ping_status":"open","sticky":false,"template":"","format":"standard","meta":{"footnotes":""},"categories":[1],"tags":[],"class_list":["post-27669","post","type-post","status-publish","format-standard","has-post-thumbnail","hentry","category-blog"],"_links":{"self":[{"href":"https:\/\/br.ultramotors.org\/seminovos\/wp-json\/wp\/v2\/posts\/27669","targetHints":{"allow":["GET"]}}],"collection":[{"href":"https:\/\/br.ultramotors.org\/seminovos\/wp-json\/wp\/v2\/posts"}],"about":[{"href":"https:\/\/br.ultramotors.org\/seminovos\/wp-json\/wp\/v2\/types\/post"}],"author":[{"embeddable":true,"href":"https:\/\/br.ultramotors.org\/seminovos\/wp-json\/wp\/v2\/users\/1"}],"replies":[{"embeddable":true,"href":"https:\/\/br.ultramotors.org\/seminovos\/wp-json\/wp\/v2\/comments?post=27669"}],"version-history":[{"count":0,"href":"https:\/\/br.ultramotors.org\/seminovos\/wp-json\/wp\/v2\/posts\/27669\/revisions"}],"wp:featuredmedia":[{"embeddable":true,"href":"https:\/\/br.ultramotors.org\/seminovos\/wp-json\/wp\/v2\/media\/27670"}],"wp:attachment":[{"href":"https:\/\/br.ultramotors.org\/seminovos\/wp-json\/wp\/v2\/media?parent=27669"}],"wp:term":[{"taxonomy":"category","embeddable":true,"href":"https:\/\/br.ultramotors.org\/seminovos\/wp-json\/wp\/v2\/categories?post=27669"},{"taxonomy":"post_tag","embeddable":true,"href":"https:\/\/br.ultramotors.org\/seminovos\/wp-json\/wp\/v2\/tags?post=27669"}],"curies":[{"name":"wp","href":"https:\/\/api.w.org\/{rel}","templated":true}]}}