{"id":27200,"date":"2013-11-16T00:17:10","date_gmt":"2013-11-16T02:17:10","guid":{"rendered":"http:\/\/www.ultramotors.com.br\/?p=27200"},"modified":"2015-03-27T12:19:30","modified_gmt":"2015-03-27T15:19:30","slug":"mercedes-revela-ultima-fornada-sls-amg-gt","status":"publish","type":"post","link":"https:\/\/br.ultramotors.org\/seminovos\/blog\/mercedes-revela-ultima-fornada-sls-amg-gt\/","title":{"rendered":"Mercedes revela \u00faltima fornada do SLS AMG GT"},"content":{"rendered":"<p>\u00c9 oficial, o Mercedes-Benz SLS AMG ser\u00e1 substitu\u00eddo no pr\u00f3ximo ano por um novo carro esportivo atualmente sendo trabalhado pela AMG. Para dar ao SLS AMG a despedida que merece, a Mercedes ir\u00e1 lan\u00e7ar uma edi\u00e7\u00e3o especial apropriadamente chamada de &#8220;SLS AMG GT Final Edition&#8221;.<\/p>\n<p>A nova edi\u00e7\u00e3o especial far\u00e1 sua estreia no Los Angeles Auto Show 2013 em 20 de novembro, assim como no Tokyo Motor Show 2013, cujo o dia de abertura coincide com a abertura do evento de Los Angeles. Detalhes completos sobre o carro ser\u00e3o apresentados nesses eventos, mas a Mercedes j\u00e1 adiantou que apenas 350 exemplares ser\u00e3o fabricados.<\/p>\n<p><a href=\"http:\/\/www.ultramotors.com.br\/mercedes-revela-ultima-fornada-sls-amg-gt\/2015-mercedes-benz-sls-amg-gt-2\/\" rel=\"attachment wp-att-27205 nofollow noopener\" target=\"_blank\"><img loading=\"lazy\" decoding=\"async\" class=\"aligncenter size-large wp-image-27205\" alt=\"2015-mercedes-benz-sls-amg-gt\" src=\"http:\/\/www.ultramotors.com.br\/wp-content\/uploads\/2013\/11\/2015-mercedes-benz-sls-amg-gt1-550x385.jpg\" width=\"500\" height=\"350\" title=\"\" srcset=\"https:\/\/br.ultramotors.org\/seminovos\/wp-content\/uploads\/2013\/11\/2015-mercedes-benz-sls-amg-gt1-550x385.jpg 550w, https:\/\/br.ultramotors.org\/seminovos\/wp-content\/uploads\/2013\/11\/2015-mercedes-benz-sls-amg-gt1-200x140.jpg 200w, https:\/\/br.ultramotors.org\/seminovos\/wp-content\/uploads\/2013\/11\/2015-mercedes-benz-sls-amg-gt1-100x70.jpg 100w, https:\/\/br.ultramotors.org\/seminovos\/wp-content\/uploads\/2013\/11\/2015-mercedes-benz-sls-amg-gt1-150x105.jpg 150w, https:\/\/br.ultramotors.org\/seminovos\/wp-content\/uploads\/2013\/11\/2015-mercedes-benz-sls-amg-gt1.jpg 1024w\" sizes=\"auto, (max-width: 500px) 100vw, 500px\" \/><\/a><\/p>\n<p>N\u00e3o h\u00e1 previs\u00e3o de que o motor receber\u00e1 for\u00e7a extra, n\u00e3o que o atual V8 6.2-litros esteja pecando nesse departamento. Isto significa que a produ\u00e7\u00e3o deve manter os 591 cavalos de pot\u00eancia do atual SLS AMG GT.<\/p>\n<p><a href=\"http:\/\/www.ultramotors.com.br\/mercedes-revela-ultima-fornada-sls-amg-gt\/2015-mercedes-benz-sls-amg-gt_100446077_l\/\" rel=\"attachment wp-att-27203 nofollow noopener\" target=\"_blank\"><img loading=\"lazy\" decoding=\"async\" class=\"aligncenter size-large wp-image-27203\" alt=\"2015-mercedes-benz-sls-amg-gt\" src=\"http:\/\/www.ultramotors.com.br\/wp-content\/uploads\/2013\/11\/2015-mercedes-benz-sls-amg-gt_100446077_l-500x346.jpg\" width=\"500\" height=\"346\" title=\"\"><\/a><\/p>\n<p>O carro tamb\u00e9m recebeu alguns novos itens, como um cap\u00f4 de fibra de carbono, uma nova asa traseira, novos freios, para-choque dianteiro redesenhado, retrovisores em fibra de carbono e m\u00e1scara negra nos far\u00f3is. Esses itens deram um toque mais agressivo para um carro que j\u00e1 \u00e9 bem mal-encarado.<\/p>\n<p><a href=\"http:\/\/www.ultramotors.com.br\/mercedes-revela-ultima-fornada-sls-amg-gt\/2015-mercedes-benz-sls-amg-gt_100446078_l\/\" rel=\"attachment wp-att-27204 nofollow noopener\" target=\"_blank\"><img loading=\"lazy\" decoding=\"async\" class=\"aligncenter size-large wp-image-27204\" alt=\"2015-mercedes-benz-sls-amg-gt\" src=\"http:\/\/www.ultramotors.com.br\/wp-content\/uploads\/2013\/11\/2015-mercedes-benz-sls-amg-gt_100446078_l-500x335.jpg\" width=\"500\" height=\"335\" title=\"\"><\/a><\/p>\n","protected":false},"excerpt":{"rendered":"<p>\u00c9 oficial, o Mercedes-Benz SLS AMG ser\u00e1 substitu\u00eddo no pr\u00f3ximo ano por um novo carro esportivo atualmente sendo trabalhado pela AMG. Para dar ao SLS AMG a despedida que merece, a Mercedes ir\u00e1 lan\u00e7ar uma edi\u00e7\u00e3o especial apropriadamente chamada de &#8220;SLS AMG GT Final Edition&#8221;. A nova edi\u00e7\u00e3o especial far\u00e1 sua estreia no Los Angeles [&hellip;]<\/p>\n","protected":false},"author":1,"featured_media":27201,"comment_status":"open","ping_status":"open","sticky":false,"template":"","format":"standard","meta":{"footnotes":""},"categories":[1],"tags":[],"class_list":["post-27200","post","type-post","status-publish","format-standard","has-post-thumbnail","hentry","category-blog"],"_links":{"self":[{"href":"https:\/\/br.ultramotors.org\/seminovos\/wp-json\/wp\/v2\/posts\/27200","targetHints":{"allow":["GET"]}}],"collection":[{"href":"https:\/\/br.ultramotors.org\/seminovos\/wp-json\/wp\/v2\/posts"}],"about":[{"href":"https:\/\/br.ultramotors.org\/seminovos\/wp-json\/wp\/v2\/types\/post"}],"author":[{"embeddable":true,"href":"https:\/\/br.ultramotors.org\/seminovos\/wp-json\/wp\/v2\/users\/1"}],"replies":[{"embeddable":true,"href":"https:\/\/br.ultramotors.org\/seminovos\/wp-json\/wp\/v2\/comments?post=27200"}],"version-history":[{"count":0,"href":"https:\/\/br.ultramotors.org\/seminovos\/wp-json\/wp\/v2\/posts\/27200\/revisions"}],"wp:featuredmedia":[{"embeddable":true,"href":"https:\/\/br.ultramotors.org\/seminovos\/wp-json\/wp\/v2\/media\/27201"}],"wp:attachment":[{"href":"https:\/\/br.ultramotors.org\/seminovos\/wp-json\/wp\/v2\/media?parent=27200"}],"wp:term":[{"taxonomy":"category","embeddable":true,"href":"https:\/\/br.ultramotors.org\/seminovos\/wp-json\/wp\/v2\/categories?post=27200"},{"taxonomy":"post_tag","embeddable":true,"href":"https:\/\/br.ultramotors.org\/seminovos\/wp-json\/wp\/v2\/tags?post=27200"}],"curies":[{"name":"wp","href":"https:\/\/api.w.org\/{rel}","templated":true}]}}