{"id":2703,"date":"2011-05-23T09:06:28","date_gmt":"2011-05-23T12:06:28","guid":{"rendered":"http:\/\/www.ultramotors.com.br\/?p=2703"},"modified":"2022-10-05T21:06:20","modified_gmt":"2022-10-06T00:06:20","slug":"europa-abril-2011-destaque-para-o-vw-passat-golf-e-o-mais-vendido","status":"publish","type":"post","link":"https:\/\/br.ultramotors.org\/seminovos\/blog\/europa-abril-2011-destaque-para-o-vw-passat-golf-e-o-mais-vendido\/","title":{"rendered":"Europa abril 2011 &#8211; Destaque para o VW Passat, Golf \u00e9 o mais vendido"},"content":{"rendered":"<p>O <a href=\"http:\/\/www.ultramotors.com.br\/tag\/mercado-automotivo\/\" rel=\"nofollow noopener\" target=\"_blank\">mercado de autom\u00f3veis<\/a> europeu teve uma queda de 3% no m\u00eas de abril, foram 1.122.383 unidades vendidas. Dos cinco grandes mercados do continente, somente a Alemanha registrou crescimento &#8211; Fran\u00e7a, Gr\u00e3-Bretanha, It\u00e1lia e Espanha &#8211; registraram queda. Os n\u00fameros do acumulado do ano foram de 4.804.429 unidades (-2%).<\/p>\n<p>O <strong>carro mais vendido<\/strong> <strong>da europa<\/strong> em abril foi o <strong>VW Golf<\/strong>, mesmo com a queda de (-15%). De volta ao segundo lugar ap\u00f3s dois meses na posi\u00e7\u00e3o #3, o <strong>VW Polo<\/strong> foi o \u00fanico modelo integrante do Top 10 que registrou aumento nas vendas ano-a-ano no m\u00eas de abril (10%). Com o VW Golf em #1, o Polo na posi\u00e7\u00e3o #2 e ao Passat na posi\u00e7\u00e3o #5, foi possivelmente a primeira vez em que a <strong>Volkswagen<\/strong> colocou tr\u00eas modelos no top 5 europeu!<\/p>\n<p>O\u00a0<strong>VW Passat<\/strong> obteve a melhor performance do m\u00eas, um aumento de 6 posi\u00e7\u00f5es at\u00e9 alcan\u00e7ar a 5\u00aa posi\u00e7\u00e3o com 23.968 vendas (32%).<\/p>\n<p><img loading=\"lazy\" decoding=\"async\" class=\"aligncenter size-full wp-image-2711\" title=\"VW-Passat-Europa-Abril-2011\" src=\"http:\/\/www.ultramotors.com.br\/wp-content\/uploads\/2011\/05\/VW-Passat-Europe-April-2011b-600x422-e1306151979510.jpg\" alt=\"VW-Passat-Europa-Abril-2011\" width=\"545\" height=\"383\" \/><\/p>\n<h2>Os 10 carros mais vendidos na europa em abril de 2011<\/h2>\n<table border=\"0\" cellspacing=\"0\" frame=\"VOID\" rules=\"NONE\">\n<colgroup>\n<col width=\"50\"\/>\n<col width=\"86\"\/>\n<col width=\"86\"\/>\n<col width=\"86\"\/>\n<col width=\"86\"\/>\n<col width=\"86\"\/>\n<col width=\"86\"\/> <\/colgroup>\n<tbody>\n<tr>\n<td width=\"50\" height=\"34\" align=\"LEFT\">Pos<\/td>\n<td width=\"86\" align=\"LEFT\">Modelo<\/td>\n<td width=\"86\" align=\"LEFT\">Abril<\/td>\n<td width=\"86\" align=\"LEFT\">%<\/td>\n<td width=\"86\" align=\"LEFT\">2010<\/td>\n<td width=\"86\" align=\"LEFT\">Pos Mar\u00e7o<\/td>\n<td width=\"86\" align=\"LEFT\">2011 Acumulado<\/td>\n<\/tr>\n<tr>\n<td height=\"18\" align=\"LEFT\">1<\/td>\n<td align=\"LEFT\">VW Golf<\/td>\n<td align=\"LEFT\">42,101<\/td>\n<td align=\"LEFT\">3.8%<\/td>\n<td align=\"LEFT\">-15,00%<\/td>\n<td align=\"LEFT\">1<\/td>\n<td align=\"LEFT\">164,857<\/td>\n<\/tr>\n<tr>\n<td height=\"18\" align=\"LEFT\">2<\/td>\n<td align=\"LEFT\">VW Polo<\/td>\n<td align=\"LEFT\">31,186<\/td>\n<td align=\"LEFT\">2.8%<\/td>\n<td align=\"LEFT\">10,00%<\/td>\n<td align=\"LEFT\">3<\/td>\n<td align=\"LEFT\">124,53<\/td>\n<\/tr>\n<tr>\n<td height=\"18\" align=\"LEFT\">3<\/td>\n<td align=\"LEFT\">Ford Fiesta<\/td>\n<td align=\"LEFT\">28,491<\/td>\n<td align=\"LEFT\">2.5%<\/td>\n<td align=\"LEFT\">-11,00%<\/td>\n<td align=\"LEFT\">2<\/td>\n<td align=\"LEFT\">130,014<\/td>\n<\/tr>\n<tr>\n<td height=\"18\" align=\"LEFT\">4<\/td>\n<td align=\"LEFT\">Opel Corsa<\/td>\n<td align=\"LEFT\">24,196<\/td>\n<td align=\"LEFT\">2.2%<\/td>\n<td align=\"LEFT\">-6,00%<\/td>\n<td align=\"LEFT\">4<\/td>\n<td align=\"LEFT\">107,9<\/td>\n<\/tr>\n<tr>\n<td height=\"18\" align=\"LEFT\">5<\/td>\n<td align=\"LEFT\">VW Passat<\/td>\n<td align=\"LEFT\">23,968<\/td>\n<td align=\"LEFT\">2.1%<\/td>\n<td align=\"LEFT\">32,00%<\/td>\n<td align=\"LEFT\">11<\/td>\n<td align=\"LEFT\">83,205<\/td>\n<\/tr>\n<tr>\n<td height=\"18\" align=\"LEFT\">6<\/td>\n<td align=\"LEFT\">Opel Astra<\/td>\n<td align=\"LEFT\">23,567<\/td>\n<td align=\"LEFT\">2.1%<\/td>\n<td align=\"LEFT\">-9,00%<\/td>\n<td align=\"LEFT\">5<\/td>\n<td align=\"LEFT\">102,97<\/td>\n<\/tr>\n<tr>\n<td height=\"18\" align=\"LEFT\">7<\/td>\n<td align=\"LEFT\">Renault Clio<\/td>\n<td align=\"LEFT\">21,822<\/td>\n<td align=\"LEFT\">1.9%<\/td>\n<td align=\"LEFT\">-24,00%<\/td>\n<td align=\"LEFT\">7<\/td>\n<td align=\"LEFT\">110,32<\/td>\n<\/tr>\n<tr>\n<td height=\"34\" align=\"LEFT\">8<\/td>\n<td align=\"LEFT\">Renault Megane<\/td>\n<td align=\"LEFT\">20,507<\/td>\n<td align=\"LEFT\">1.8%<\/td>\n<td align=\"LEFT\">-8,00%<\/td>\n<td align=\"LEFT\">9<\/td>\n<td align=\"LEFT\">85,275<\/td>\n<\/tr>\n<tr>\n<td height=\"18\" align=\"LEFT\">9<\/td>\n<td align=\"LEFT\">Ford Focus<\/td>\n<td align=\"LEFT\">20,47<\/td>\n<td align=\"LEFT\">1.8%<\/td>\n<td align=\"LEFT\">-5,00%<\/td>\n<td align=\"LEFT\">6<\/td>\n<td align=\"LEFT\">91,592<\/td>\n<\/tr>\n<tr>\n<td height=\"18\" align=\"LEFT\">10<\/td>\n<td align=\"LEFT\">Peugeot 207<\/td>\n<td align=\"LEFT\">20,04<\/td>\n<td align=\"LEFT\">1.8%<\/td>\n<td align=\"LEFT\">-24,00%<\/td>\n<td align=\"LEFT\">8<\/td>\n<td align=\"LEFT\">93,421<\/td>\n<\/tr>\n<\/tbody>\n<\/table>\n<p>[Fonte externa: Bestsellingcars]<\/p>\n","protected":false},"excerpt":{"rendered":"<p>O mercado de autom\u00f3veis europeu teve uma queda de 3% no m\u00eas de abril, foram 1.122.383 unidades vendidas. Dos cinco grandes mercados do continente, somente a Alemanha registrou crescimento &#8211; Fran\u00e7a, Gr\u00e3-Bretanha, It\u00e1lia e Espanha &#8211; registraram queda. Os n\u00fameros do acumulado do ano foram de 4.804.429 unidades (-2%). O carro mais vendido da europa [&hellip;]<\/p>\n","protected":false},"author":1,"featured_media":2710,"comment_status":"open","ping_status":"open","sticky":false,"template":"","format":"standard","meta":{"footnotes":""},"categories":[1,3235],"tags":[],"class_list":["post-2703","post","type-post","status-publish","format-standard","has-post-thumbnail","hentry","category-blog","category-carros-mais-vendidos"],"_links":{"self":[{"href":"https:\/\/br.ultramotors.org\/seminovos\/wp-json\/wp\/v2\/posts\/2703","targetHints":{"allow":["GET"]}}],"collection":[{"href":"https:\/\/br.ultramotors.org\/seminovos\/wp-json\/wp\/v2\/posts"}],"about":[{"href":"https:\/\/br.ultramotors.org\/seminovos\/wp-json\/wp\/v2\/types\/post"}],"author":[{"embeddable":true,"href":"https:\/\/br.ultramotors.org\/seminovos\/wp-json\/wp\/v2\/users\/1"}],"replies":[{"embeddable":true,"href":"https:\/\/br.ultramotors.org\/seminovos\/wp-json\/wp\/v2\/comments?post=2703"}],"version-history":[{"count":1,"href":"https:\/\/br.ultramotors.org\/seminovos\/wp-json\/wp\/v2\/posts\/2703\/revisions"}],"predecessor-version":[{"id":77126,"href":"https:\/\/br.ultramotors.org\/seminovos\/wp-json\/wp\/v2\/posts\/2703\/revisions\/77126"}],"wp:featuredmedia":[{"embeddable":true,"href":"https:\/\/br.ultramotors.org\/seminovos\/wp-json\/wp\/v2\/media\/2710"}],"wp:attachment":[{"href":"https:\/\/br.ultramotors.org\/seminovos\/wp-json\/wp\/v2\/media?parent=2703"}],"wp:term":[{"taxonomy":"category","embeddable":true,"href":"https:\/\/br.ultramotors.org\/seminovos\/wp-json\/wp\/v2\/categories?post=2703"},{"taxonomy":"post_tag","embeddable":true,"href":"https:\/\/br.ultramotors.org\/seminovos\/wp-json\/wp\/v2\/tags?post=2703"}],"curies":[{"name":"wp","href":"https:\/\/api.w.org\/{rel}","templated":true}]}}