{"id":26568,"date":"2013-10-07T17:54:30","date_gmt":"2013-10-07T20:54:30","guid":{"rendered":"http:\/\/www.ultramotors.com.br\/?p=26568"},"modified":"2022-10-05T21:06:00","modified_gmt":"2022-10-06T00:06:00","slug":"carros-vendidos-setembro-2013","status":"publish","type":"post","link":"https:\/\/br.ultramotors.org\/seminovos\/blog\/carros-vendidos-setembro-2013\/","title":{"rendered":"Os carros mais vendidos em setembro de 2013"},"content":{"rendered":"<p>Ap\u00f3s sofrer uma alarmante queda de 23% no \u00faltimo m\u00eas, o <a href=\"http:\/\/www.ultramotors.com.br\/tag\/mercado-automotivo\/\" rel=\"nofollow noopener\" target=\"_blank\">mercado de carros novos<\/a> brasileiro est\u00e1 no positivo novamente registrando alta de 6% em rela\u00e7\u00e3o ao ano anterior com 293.961 registros, reduzindo assim a queda em rela\u00e7\u00e3o ao acumulado do ano para apenas 1% com 2.638.378 carros vendidos.<\/p>\n<p>O Gol da Volkswagen dominou uma vez mais com 7,5% de participa\u00e7\u00e3o no mercado contra 4,9% do Fiat Uno que est\u00e1 de volta a #2. O destaque do m\u00eas ficou por conta do tamb\u00e9m Fiat, Siena, que elevou sua participa\u00e7\u00e3o para 4,3% na quarta posi\u00e7\u00e3o com 12.647 unidades vendidas. Prestes a ser descontinuada, a <a title=\"Volkswagen lan\u00e7a \u00faltima fornada da Kombi\" href=\"http:\/\/www.ultramotors.com.br\/volkswagen-lanca-ultima-fornada-kombi\/\" rel=\"nofollow noopener\" target=\"_blank\">VW Kombi<\/a> subiu sete posi\u00e7\u00f5es at\u00e9 e #33.<\/p>\n<p>[table id=104 \/]<\/p>\n<p>[table id=105 \/]<\/p>\n<p>Fonte dos n\u00fameros: Fenabrave<\/p>\n","protected":false},"excerpt":{"rendered":"<p>Ap\u00f3s sofrer uma alarmante queda de 23% no \u00faltimo m\u00eas, o mercado de carros novos brasileiro est\u00e1 no positivo novamente registrando alta de 6% em rela\u00e7\u00e3o ao ano anterior com 293.961 registros, reduzindo assim a queda em rela\u00e7\u00e3o ao acumulado do ano para apenas 1% com 2.638.378 carros vendidos. O Gol da Volkswagen dominou uma [&hellip;]<\/p>\n","protected":false},"author":1,"featured_media":24111,"comment_status":"open","ping_status":"open","sticky":false,"template":"","format":"standard","meta":{"footnotes":""},"categories":[1,3235],"tags":[],"class_list":["post-26568","post","type-post","status-publish","format-standard","has-post-thumbnail","hentry","category-blog","category-carros-mais-vendidos"],"_links":{"self":[{"href":"https:\/\/br.ultramotors.org\/seminovos\/wp-json\/wp\/v2\/posts\/26568","targetHints":{"allow":["GET"]}}],"collection":[{"href":"https:\/\/br.ultramotors.org\/seminovos\/wp-json\/wp\/v2\/posts"}],"about":[{"href":"https:\/\/br.ultramotors.org\/seminovos\/wp-json\/wp\/v2\/types\/post"}],"author":[{"embeddable":true,"href":"https:\/\/br.ultramotors.org\/seminovos\/wp-json\/wp\/v2\/users\/1"}],"replies":[{"embeddable":true,"href":"https:\/\/br.ultramotors.org\/seminovos\/wp-json\/wp\/v2\/comments?post=26568"}],"version-history":[{"count":1,"href":"https:\/\/br.ultramotors.org\/seminovos\/wp-json\/wp\/v2\/posts\/26568\/revisions"}],"predecessor-version":[{"id":77087,"href":"https:\/\/br.ultramotors.org\/seminovos\/wp-json\/wp\/v2\/posts\/26568\/revisions\/77087"}],"wp:featuredmedia":[{"embeddable":true,"href":"https:\/\/br.ultramotors.org\/seminovos\/wp-json\/wp\/v2\/media\/24111"}],"wp:attachment":[{"href":"https:\/\/br.ultramotors.org\/seminovos\/wp-json\/wp\/v2\/media?parent=26568"}],"wp:term":[{"taxonomy":"category","embeddable":true,"href":"https:\/\/br.ultramotors.org\/seminovos\/wp-json\/wp\/v2\/categories?post=26568"},{"taxonomy":"post_tag","embeddable":true,"href":"https:\/\/br.ultramotors.org\/seminovos\/wp-json\/wp\/v2\/tags?post=26568"}],"curies":[{"name":"wp","href":"https:\/\/api.w.org\/{rel}","templated":true}]}}