{"id":26452,"date":"2013-10-02T12:07:43","date_gmt":"2013-10-02T15:07:43","guid":{"rendered":"http:\/\/www.ultramotors.com.br\/?p=26452"},"modified":"2013-10-02T12:10:48","modified_gmt":"2013-10-02T15:10:48","slug":"volkswagen-lanca-ultima-fornada-kombi","status":"publish","type":"post","link":"https:\/\/br.ultramotors.org\/seminovos\/blog\/volkswagen-lanca-ultima-fornada-kombi\/","title":{"rendered":"Volkswagen lan\u00e7a \u00faltima fornada da Kombi"},"content":{"rendered":"<p>A <a href=\"http:\/\/www.ultramotors.com.br\/tag\/volkswagen-2\/\" title=\"Not\u00edcias da Volkswagen\" rel=\"nofollow noopener\" target=\"_blank\">Volkswagen<\/a> Kombi \u00e9 conhecida como o ve\u00edculo mais antigo em produ\u00e7\u00e3o no mundo e que permaneceu por mais tempo em linha de montagem na hist\u00f3ria da ind\u00fastria automobil\u00edstica mundial &#8211; \u00e9 produzida no Brasil desde setembro de 1957. Desde 1996, nosso pa\u00eds \u00e9 o \u00fanico produtor do modelo, por\u00e9m em 2013, ap\u00f3s 56 anos, a sua produ\u00e7\u00e3o chega ao fim, por motivos de: falta de solu\u00e7\u00e3o para modernizar e equipar o modelo com freios ABS e air bag.<\/p>\n<p>Mesmo sem os utilit\u00e1rios citados acima, houve grande procura pela \u00faltima s\u00e9rie especial da Kombi, logo a Volkswagen decidiu dobrar a produ\u00e7\u00e3o do modelo, que come\u00e7ou a ser vendido no in\u00edcio deste m\u00eas &#8211; de 600 para 1.200 unidades. Cada unidade ser\u00e1 comercializada pelo pre\u00e7o sugerido de R$ 85.000.<\/p>\n<p>A Kombi, da linha intitulada Last Edition, ter\u00e1 itens exclusivos, como acabamento interno de luxo, pintura do tipo \u201csaia e blusa\u201d, com a carroceria pintada em duas cores diferentes: azul com teto, colunas e para-choques em branco \u2013 que traz um ar retr\u00f4 ao modelo &#8211; e outros elementos que rememoram as antigas vers\u00f5es do ve\u00edculo. Os bancos ter\u00e3o forra\u00e7\u00e3o especial de vinil e cortinas em tear azul nas janelas laterais. O ve\u00edculo tem capacidade para 9 ocupantes.<\/p>\n<p>Os pneus tamb\u00e9m trazem um toque de nostalgia, pois as calotas possuem uma faixa branca. A grade dianteira \u00e9 pintada na cor azul, assim com os aros dos far\u00f3is e as molduras das setas. Apesar do clima antigo, as kombis possuem alguns elementos modernos, como o vigia traseiro com desemba\u00e7ador el\u00e9trico, lentes de cristal branco nas setas dianteiras e r\u00e1dio\/CD com entrada USB e Bluetooth.<\/p>\n<p>[alertblue]Este \u00e9 um\u00a0<a href=\"http:\/\/www.ultramotors.com.br\/guestposts\/\" rel=\"nofollow noopener\" target=\"_blank\">Guest-Post<\/a>\u00a0escrito por\u00a0<strong>Nelson Diniz\u00a0<\/strong>(Site:\u00a0<a href=\"http:\/\/www.connectparts.com.br\/\" target=\"_blank\" rel=\"nofollow noopener\">Connect Parts<\/a>).<br \/>\nAs opini\u00f5es do autor acima s\u00e3o inteiramente pr\u00f3prias e podem n\u00e3o refletir a opini\u00e3o do Ultra Motors.[\/alertblue]<\/p>\n","protected":false},"excerpt":{"rendered":"<p>A Volkswagen Kombi \u00e9 conhecida como o ve\u00edculo mais antigo em produ\u00e7\u00e3o no mundo e que permaneceu por mais tempo em linha de montagem na hist\u00f3ria da ind\u00fastria automobil\u00edstica mundial &#8211; \u00e9 produzida no Brasil desde setembro de 1957. Desde 1996, nosso pa\u00eds \u00e9 o \u00fanico produtor do modelo, por\u00e9m em 2013, ap\u00f3s 56 anos, [&hellip;]<\/p>\n","protected":false},"author":2185,"featured_media":26453,"comment_status":"open","ping_status":"open","sticky":false,"template":"","format":"standard","meta":{"footnotes":""},"categories":[1],"tags":[],"class_list":["post-26452","post","type-post","status-publish","format-standard","has-post-thumbnail","hentry","category-blog"],"_links":{"self":[{"href":"https:\/\/br.ultramotors.org\/seminovos\/wp-json\/wp\/v2\/posts\/26452","targetHints":{"allow":["GET"]}}],"collection":[{"href":"https:\/\/br.ultramotors.org\/seminovos\/wp-json\/wp\/v2\/posts"}],"about":[{"href":"https:\/\/br.ultramotors.org\/seminovos\/wp-json\/wp\/v2\/types\/post"}],"author":[{"embeddable":true,"href":"https:\/\/br.ultramotors.org\/seminovos\/wp-json\/wp\/v2\/users\/2185"}],"replies":[{"embeddable":true,"href":"https:\/\/br.ultramotors.org\/seminovos\/wp-json\/wp\/v2\/comments?post=26452"}],"version-history":[{"count":0,"href":"https:\/\/br.ultramotors.org\/seminovos\/wp-json\/wp\/v2\/posts\/26452\/revisions"}],"wp:featuredmedia":[{"embeddable":true,"href":"https:\/\/br.ultramotors.org\/seminovos\/wp-json\/wp\/v2\/media\/26453"}],"wp:attachment":[{"href":"https:\/\/br.ultramotors.org\/seminovos\/wp-json\/wp\/v2\/media?parent=26452"}],"wp:term":[{"taxonomy":"category","embeddable":true,"href":"https:\/\/br.ultramotors.org\/seminovos\/wp-json\/wp\/v2\/categories?post=26452"},{"taxonomy":"post_tag","embeddable":true,"href":"https:\/\/br.ultramotors.org\/seminovos\/wp-json\/wp\/v2\/tags?post=26452"}],"curies":[{"name":"wp","href":"https:\/\/api.w.org\/{rel}","templated":true}]}}