{"id":26020,"date":"2013-09-10T12:05:15","date_gmt":"2013-09-10T15:05:15","guid":{"rendered":"http:\/\/www.ultramotors.com.br\/?p=26020"},"modified":"2022-10-05T21:06:01","modified_gmt":"2022-10-06T00:06:01","slug":"carros-vendidos-agosto-2013","status":"publish","type":"post","link":"https:\/\/br.ultramotors.org\/seminovos\/blog\/carros-vendidos-agosto-2013\/","title":{"rendered":"Os carros mais vendidos em agosto de 2013"},"content":{"rendered":"<p>A <a title=\"Vender seu carro agora, anuncie ve\u00edculos gr\u00e1tis\" href=\"http:\/\/www.ultramotors.com.br\/vender-seu-carro-agora-anuncie-veiculos-gratis\/\" rel=\"nofollow noopener\" target=\"_blank\">venda de carros<\/a> no Brasil teve queda de 3,46% em agosto, com o registro de 312.722 emplacamentos. Em rela\u00e7\u00e3o a <a title=\"Os carros mais vendidos em agosto de 2012\" href=\"http:\/\/www.ultramotors.com.br\/os-carros-mais-vendidos-em-agosto-de-2012\/\" rel=\"nofollow noopener\" target=\"_blank\">agosto de 2012<\/a> a queda foi de 22,87%. No acumulado do ano foram registrados 1.813.611 emplacamentos de carros e comerciais leves, registrando assim, pequena queda de 1,87% comparado ao mesmo per\u00edodo do ano passado.<\/p>\n<p>O <strong>Volkswagen Gol<\/strong> foi o <a href=\"http:\/\/www.ultramotors.com.br\/tag\/carros-mais-vendidos\/\" rel=\"nofollow noopener\" target=\"_blank\">carro mais vendido<\/a> com <strong>22.621<\/strong> registros, seguido por <strong>Fiat Palio (15.168)<\/strong> e <strong>Fiat Uno (14.079)<\/strong>.<\/p>\n<p><strong>Destaque: <\/strong>Excelente m\u00eas para o Fiat Siena, subindo tr\u00eas posi\u00e7\u00f5es em rela\u00e7\u00e3o a julho at\u00e9 a quinta posi\u00e7\u00e3o com 12.687 unidades vendidas e 4,1%, maior participa\u00e7\u00e3o de mercado do modelo em 3 anos (desde julho de 2010) e seu terceiro melhor volume mensal no Brasil da hist\u00f3ria.<\/p>\n<p>[table id=101 \/]<\/p>\n<p>[table id=102 \/]<\/p>\n<p>Fonte dos n\u00fameros: Fenabrave<\/p>\n","protected":false},"excerpt":{"rendered":"<p>A venda de carros no Brasil teve queda de 3,46% em agosto, com o registro de 312.722 emplacamentos. Em rela\u00e7\u00e3o a agosto de 2012 a queda foi de 22,87%. No acumulado do ano foram registrados 1.813.611 emplacamentos de carros e comerciais leves, registrando assim, pequena queda de 1,87% comparado ao mesmo per\u00edodo do ano passado. [&hellip;]<\/p>\n","protected":false},"author":1,"featured_media":26023,"comment_status":"open","ping_status":"open","sticky":false,"template":"","format":"standard","meta":{"footnotes":""},"categories":[1,3235],"tags":[],"class_list":["post-26020","post","type-post","status-publish","format-standard","has-post-thumbnail","hentry","category-blog","category-carros-mais-vendidos"],"_links":{"self":[{"href":"https:\/\/br.ultramotors.org\/seminovos\/wp-json\/wp\/v2\/posts\/26020","targetHints":{"allow":["GET"]}}],"collection":[{"href":"https:\/\/br.ultramotors.org\/seminovos\/wp-json\/wp\/v2\/posts"}],"about":[{"href":"https:\/\/br.ultramotors.org\/seminovos\/wp-json\/wp\/v2\/types\/post"}],"author":[{"embeddable":true,"href":"https:\/\/br.ultramotors.org\/seminovos\/wp-json\/wp\/v2\/users\/1"}],"replies":[{"embeddable":true,"href":"https:\/\/br.ultramotors.org\/seminovos\/wp-json\/wp\/v2\/comments?post=26020"}],"version-history":[{"count":1,"href":"https:\/\/br.ultramotors.org\/seminovos\/wp-json\/wp\/v2\/posts\/26020\/revisions"}],"predecessor-version":[{"id":77088,"href":"https:\/\/br.ultramotors.org\/seminovos\/wp-json\/wp\/v2\/posts\/26020\/revisions\/77088"}],"wp:featuredmedia":[{"embeddable":true,"href":"https:\/\/br.ultramotors.org\/seminovos\/wp-json\/wp\/v2\/media\/26023"}],"wp:attachment":[{"href":"https:\/\/br.ultramotors.org\/seminovos\/wp-json\/wp\/v2\/media?parent=26020"}],"wp:term":[{"taxonomy":"category","embeddable":true,"href":"https:\/\/br.ultramotors.org\/seminovos\/wp-json\/wp\/v2\/categories?post=26020"},{"taxonomy":"post_tag","embeddable":true,"href":"https:\/\/br.ultramotors.org\/seminovos\/wp-json\/wp\/v2\/tags?post=26020"}],"curies":[{"name":"wp","href":"https:\/\/api.w.org\/{rel}","templated":true}]}}