{"id":25498,"date":"2013-08-29T09:53:29","date_gmt":"2013-08-29T12:53:29","guid":{"rendered":"http:\/\/www.ultramotors.com.br\/?p=25498"},"modified":"2013-09-14T10:23:25","modified_gmt":"2013-09-14T13:23:25","slug":"opel-monza-conceito-abre-asas","status":"publish","type":"post","link":"https:\/\/br.ultramotors.org\/seminovos\/blog\/opel-monza-conceito-abre-asas\/","title":{"rendered":"Conceito Opel Monza abre suas asas"},"content":{"rendered":"<p>A Opel promoveu diversas revitaliza\u00e7\u00f5es de seu modelos nos \u00faltimos anos, desenvolvendo um s\u00f3lido portf\u00f3lio nas categorias hatch, sedan, perua, minivan e crossover. Contudo, um modelo esportivo coup\u00e9 est\u00e1 em falta.<\/p>\n<p>A chama foi acessa e a esperan\u00e7a aumentada quando h\u00e1 algum tempo a Opel revelou que estava trabalhando em um conceito do Monza, revivendo uma &#8216;marca&#8217; que no Brasil obteve grande sucesso em sua era. A Opel agora revelou o Monza conceito por inteiro apesar de ainda aparentar estar bem longe do que seria uma vers\u00e3o para produ\u00e7\u00e3o. Ao inv\u00e9s disso, o que voc\u00ea est\u00e1 vendo \u00e9 um Monza conceito que d\u00e1 a entender como ser\u00e1 o estilo que a Opel adotar\u00e1 em seus carros daqui pra frente.<\/p>\n<p>[nggallery id=33]<\/p>\n<p>Mais detalhes ser\u00e3o revelados em poucas semanas no Sal\u00e3o de Frankfurt.<\/p>\n","protected":false},"excerpt":{"rendered":"<p>A Opel promoveu diversas revitaliza\u00e7\u00f5es de seu modelos nos \u00faltimos anos, desenvolvendo um s\u00f3lido portf\u00f3lio nas categorias hatch, sedan, perua, minivan e crossover. Contudo, um modelo esportivo coup\u00e9 est\u00e1 em falta. A chama foi acessa e a esperan\u00e7a aumentada quando h\u00e1 algum tempo a Opel revelou que estava trabalhando em um conceito do Monza, revivendo [&hellip;]<\/p>\n","protected":false},"author":1,"featured_media":25499,"comment_status":"open","ping_status":"open","sticky":false,"template":"","format":"standard","meta":{"footnotes":""},"categories":[1],"tags":[],"class_list":["post-25498","post","type-post","status-publish","format-standard","has-post-thumbnail","hentry","category-blog"],"_links":{"self":[{"href":"https:\/\/br.ultramotors.org\/seminovos\/wp-json\/wp\/v2\/posts\/25498","targetHints":{"allow":["GET"]}}],"collection":[{"href":"https:\/\/br.ultramotors.org\/seminovos\/wp-json\/wp\/v2\/posts"}],"about":[{"href":"https:\/\/br.ultramotors.org\/seminovos\/wp-json\/wp\/v2\/types\/post"}],"author":[{"embeddable":true,"href":"https:\/\/br.ultramotors.org\/seminovos\/wp-json\/wp\/v2\/users\/1"}],"replies":[{"embeddable":true,"href":"https:\/\/br.ultramotors.org\/seminovos\/wp-json\/wp\/v2\/comments?post=25498"}],"version-history":[{"count":0,"href":"https:\/\/br.ultramotors.org\/seminovos\/wp-json\/wp\/v2\/posts\/25498\/revisions"}],"wp:featuredmedia":[{"embeddable":true,"href":"https:\/\/br.ultramotors.org\/seminovos\/wp-json\/wp\/v2\/media\/25499"}],"wp:attachment":[{"href":"https:\/\/br.ultramotors.org\/seminovos\/wp-json\/wp\/v2\/media?parent=25498"}],"wp:term":[{"taxonomy":"category","embeddable":true,"href":"https:\/\/br.ultramotors.org\/seminovos\/wp-json\/wp\/v2\/categories?post=25498"},{"taxonomy":"post_tag","embeddable":true,"href":"https:\/\/br.ultramotors.org\/seminovos\/wp-json\/wp\/v2\/tags?post=25498"}],"curies":[{"name":"wp","href":"https:\/\/api.w.org\/{rel}","templated":true}]}}