{"id":24966,"date":"2013-08-12T19:42:53","date_gmt":"2013-08-12T22:42:53","guid":{"rendered":"http:\/\/www.ultramotors.com.br\/?p=24966"},"modified":"2013-08-13T01:57:21","modified_gmt":"2013-08-13T04:57:21","slug":"honda-nsx-de-ayrton-senna-a-venda-em-leilao-no-ebay","status":"publish","type":"post","link":"https:\/\/br.ultramotors.org\/seminovos\/blog\/honda-nsx-de-ayrton-senna-a-venda-em-leilao-no-ebay\/","title":{"rendered":"Honda NSX de Ayrton Senna \u00e0 venda em leil\u00e3o no eBay?"},"content":{"rendered":"<p>Um dos tr\u00eas Honda NSX que pertenceram ao nosso &#8216;maior&#8217; piloto da hist\u00f3ria &#8211; Ayrton Senna, pode estar \u00e0 venda no <a href=\"http:\/\/www.ebay.co.uk\/itm\/Honda-NSX-driven-by-Senna-\/181192150042?clk_rvr_id=508384116028\" target=\"_blank\" rel=\"nofollow noopener\">eBay<\/a>. O carro encontra-se em Albufeira, Portugal, e seu atual dono reivindica que ele era do Ayrton. A base do leil\u00e3o era de cerca de 50 mil euros, mas as ofertas j\u00e1 ultrapassam os 56 mil euros, algo em torno de 170 mil reais.<\/p>\n<p>Este \u00e9 um dos tr\u00eas NSX que podem ter sido do tricampe\u00e3o mundial de F\u00f3rmula 1: um vermelho oferecido pela pr\u00f3pria Honda, que ficava na casa do piloto brasileiro em Sintra, um preto, que estava em S\u00e3o Paulo, e este, oferecido pelo amigo Antonio de Almeida Braga.\n\t\t<style type=\"text\/css\">\n\t\t\t#gallery-1 {\n\t\t\t\tmargin: auto;\n\t\t\t}\n\t\t\t#gallery-1 .gallery-item {\n\t\t\t\tfloat: left;\n\t\t\t\tmargin-top: 10px;\n\t\t\t\ttext-align: center;\n\t\t\t\twidth: 11%;\n\t\t\t}\n\t\t\t#gallery-1 img {\n\t\t\t\tborder: 2px solid #cfcfcf;\n\t\t\t}\n\t\t\t#gallery-1 .gallery-caption {\n\t\t\t\tmargin-left: 0;\n\t\t\t}\n\t\t\t\/* see gallery_shortcode() in wp-includes\/media.php *\/\n\t\t<\/style>\n\t\t<div id='gallery-1' class='gallery galleryid-24966 gallery-columns-9 gallery-size-thumbnail'><dl class='gallery-item'>\n\t\t\t<dt class='gallery-icon landscape'>\n\t\t\t\t<a href=\"https:\/\/br.ultramotors.org\/seminovos\/blog\/honda-nsx-de-ayrton-senna-a-venda-em-leilao-no-ebay\/attachment\/honda-nsx-de-ayrton-senna\/\"><img loading=\"lazy\" decoding=\"async\" width=\"50\" height=\"50\" src=\"https:\/\/br.ultramotors.org\/seminovos\/wp-content\/uploads\/2013\/08\/Honda-NSX-de-Ayrton-Senna-50x50c.jpg\" class=\"attachment-thumbnail size-thumbnail\" alt=\"\" srcset=\"https:\/\/br.ultramotors.org\/seminovos\/wp-content\/uploads\/2013\/08\/Honda-NSX-de-Ayrton-Senna-50x50c.jpg 50w, https:\/\/br.ultramotors.org\/seminovos\/wp-content\/uploads\/2013\/08\/Honda-NSX-de-Ayrton-Senna-75x75c.jpg 75w, https:\/\/br.ultramotors.org\/seminovos\/wp-content\/uploads\/2013\/08\/Honda-NSX-de-Ayrton-Senna-100x100c.jpg 100w, https:\/\/br.ultramotors.org\/seminovos\/wp-content\/uploads\/2013\/08\/Honda-NSX-de-Ayrton-Senna-250x250c.jpg 250w\" sizes=\"auto, (max-width: 50px) 100vw, 50px\" title=\"\"><\/a>\n\t\t\t<\/dt><\/dl><dl class='gallery-item'>\n\t\t\t<dt class='gallery-icon landscape'>\n\t\t\t\t<a href=\"https:\/\/br.ultramotors.org\/seminovos\/blog\/honda-nsx-de-ayrton-senna-a-venda-em-leilao-no-ebay\/attachment\/honda-nsx-de-ayrton-senna-frente\/\"><img loading=\"lazy\" decoding=\"async\" width=\"50\" height=\"50\" src=\"https:\/\/br.ultramotors.org\/seminovos\/wp-content\/uploads\/2013\/08\/Honda-NSX-de-Ayrton-Senna-frente-50x50c.jpg\" class=\"attachment-thumbnail size-thumbnail\" alt=\"Honda NSX de Ayrton Senna - frente\" srcset=\"https:\/\/br.ultramotors.org\/seminovos\/wp-content\/uploads\/2013\/08\/Honda-NSX-de-Ayrton-Senna-frente-50x50c.jpg 50w, https:\/\/br.ultramotors.org\/seminovos\/wp-content\/uploads\/2013\/08\/Honda-NSX-de-Ayrton-Senna-frente-75x75c.jpg 75w, https:\/\/br.ultramotors.org\/seminovos\/wp-content\/uploads\/2013\/08\/Honda-NSX-de-Ayrton-Senna-frente-100x100c.jpg 100w, https:\/\/br.ultramotors.org\/seminovos\/wp-content\/uploads\/2013\/08\/Honda-NSX-de-Ayrton-Senna-frente-250x250c.jpg 250w\" sizes=\"auto, (max-width: 50px) 100vw, 50px\" title=\"\"><\/a>\n\t\t\t<\/dt><\/dl><dl class='gallery-item'>\n\t\t\t<dt class='gallery-icon landscape'>\n\t\t\t\t<a href=\"https:\/\/br.ultramotors.org\/seminovos\/blog\/honda-nsx-de-ayrton-senna-a-venda-em-leilao-no-ebay\/attachment\/honda-nsx-de-ayrton-senna-2\/\"><img loading=\"lazy\" decoding=\"async\" width=\"50\" height=\"50\" src=\"https:\/\/br.ultramotors.org\/seminovos\/wp-content\/uploads\/2013\/08\/Honda-NSX-de-Ayrton-Senna1-50x50c.jpg\" class=\"attachment-thumbnail size-thumbnail\" alt=\"Honda NSX de Ayrton Senna\" srcset=\"https:\/\/br.ultramotors.org\/seminovos\/wp-content\/uploads\/2013\/08\/Honda-NSX-de-Ayrton-Senna1-50x50c.jpg 50w, https:\/\/br.ultramotors.org\/seminovos\/wp-content\/uploads\/2013\/08\/Honda-NSX-de-Ayrton-Senna1-75x75c.jpg 75w, https:\/\/br.ultramotors.org\/seminovos\/wp-content\/uploads\/2013\/08\/Honda-NSX-de-Ayrton-Senna1-100x100c.jpg 100w, https:\/\/br.ultramotors.org\/seminovos\/wp-content\/uploads\/2013\/08\/Honda-NSX-de-Ayrton-Senna1-250x250c.jpg 250w\" sizes=\"auto, (max-width: 50px) 100vw, 50px\" title=\"\"><\/a>\n\t\t\t<\/dt><\/dl><dl class='gallery-item'>\n\t\t\t<dt class='gallery-icon landscape'>\n\t\t\t\t<a href=\"https:\/\/br.ultramotors.org\/seminovos\/blog\/honda-nsx-de-ayrton-senna-a-venda-em-leilao-no-ebay\/attachment\/honda-nsx-de-ayrton-senna-traseira\/\"><img loading=\"lazy\" decoding=\"async\" width=\"50\" height=\"50\" src=\"https:\/\/br.ultramotors.org\/seminovos\/wp-content\/uploads\/2013\/08\/Honda-NSX-de-Ayrton-Senna-Traseira-50x50c.jpg\" class=\"attachment-thumbnail size-thumbnail\" alt=\"Honda NSX de Ayrton Senna - Traseira\" srcset=\"https:\/\/br.ultramotors.org\/seminovos\/wp-content\/uploads\/2013\/08\/Honda-NSX-de-Ayrton-Senna-Traseira-50x50c.jpg 50w, https:\/\/br.ultramotors.org\/seminovos\/wp-content\/uploads\/2013\/08\/Honda-NSX-de-Ayrton-Senna-Traseira-75x75c.jpg 75w, https:\/\/br.ultramotors.org\/seminovos\/wp-content\/uploads\/2013\/08\/Honda-NSX-de-Ayrton-Senna-Traseira-100x100c.jpg 100w, https:\/\/br.ultramotors.org\/seminovos\/wp-content\/uploads\/2013\/08\/Honda-NSX-de-Ayrton-Senna-Traseira-250x250c.jpg 250w\" sizes=\"auto, (max-width: 50px) 100vw, 50px\" title=\"\"><\/a>\n\t\t\t<\/dt><\/dl><dl class='gallery-item'>\n\t\t\t<dt class='gallery-icon landscape'>\n\t\t\t\t<a href=\"https:\/\/br.ultramotors.org\/seminovos\/blog\/honda-nsx-de-ayrton-senna-a-venda-em-leilao-no-ebay\/attachment\/honda-nsx-de-ayrton-senna-traseira-e-lateral\/\"><img loading=\"lazy\" decoding=\"async\" width=\"50\" height=\"50\" src=\"https:\/\/br.ultramotors.org\/seminovos\/wp-content\/uploads\/2013\/08\/Honda-NSX-de-Ayrton-Senna-traseira-e-lateral-50x50c.jpg\" class=\"attachment-thumbnail size-thumbnail\" alt=\"Honda NSX de Ayrton Senna - traseira e lateral\" srcset=\"https:\/\/br.ultramotors.org\/seminovos\/wp-content\/uploads\/2013\/08\/Honda-NSX-de-Ayrton-Senna-traseira-e-lateral-50x50c.jpg 50w, https:\/\/br.ultramotors.org\/seminovos\/wp-content\/uploads\/2013\/08\/Honda-NSX-de-Ayrton-Senna-traseira-e-lateral-75x75c.jpg 75w, https:\/\/br.ultramotors.org\/seminovos\/wp-content\/uploads\/2013\/08\/Honda-NSX-de-Ayrton-Senna-traseira-e-lateral-100x100c.jpg 100w, https:\/\/br.ultramotors.org\/seminovos\/wp-content\/uploads\/2013\/08\/Honda-NSX-de-Ayrton-Senna-traseira-e-lateral-250x250c.jpg 250w\" sizes=\"auto, (max-width: 50px) 100vw, 50px\" title=\"\"><\/a>\n\t\t\t<\/dt><\/dl><dl class='gallery-item'>\n\t\t\t<dt class='gallery-icon landscape'>\n\t\t\t\t<a href=\"https:\/\/br.ultramotors.org\/seminovos\/blog\/honda-nsx-de-ayrton-senna-a-venda-em-leilao-no-ebay\/attachment\/honda-nsx-de-ayrton-senna-frente-lateral-e-roda\/\"><img loading=\"lazy\" decoding=\"async\" width=\"50\" height=\"50\" src=\"https:\/\/br.ultramotors.org\/seminovos\/wp-content\/uploads\/2013\/08\/Honda-NSX-de-Ayrton-Senna-frente-lateral-e-roda-50x50c.jpg\" class=\"attachment-thumbnail size-thumbnail\" alt=\"Honda NSX de Ayrton Senna - frente, lateral e roda\" srcset=\"https:\/\/br.ultramotors.org\/seminovos\/wp-content\/uploads\/2013\/08\/Honda-NSX-de-Ayrton-Senna-frente-lateral-e-roda-50x50c.jpg 50w, https:\/\/br.ultramotors.org\/seminovos\/wp-content\/uploads\/2013\/08\/Honda-NSX-de-Ayrton-Senna-frente-lateral-e-roda-75x75c.jpg 75w, https:\/\/br.ultramotors.org\/seminovos\/wp-content\/uploads\/2013\/08\/Honda-NSX-de-Ayrton-Senna-frente-lateral-e-roda-100x100c.jpg 100w, https:\/\/br.ultramotors.org\/seminovos\/wp-content\/uploads\/2013\/08\/Honda-NSX-de-Ayrton-Senna-frente-lateral-e-roda-250x250c.jpg 250w\" sizes=\"auto, (max-width: 50px) 100vw, 50px\" title=\"\"><\/a>\n\t\t\t<\/dt><\/dl><dl class='gallery-item'>\n\t\t\t<dt class='gallery-icon landscape'>\n\t\t\t\t<a href=\"https:\/\/br.ultramotors.org\/seminovos\/blog\/honda-nsx-de-ayrton-senna-a-venda-em-leilao-no-ebay\/attachment\/honda-nsx-de-ayrton-senna-painel\/\"><img loading=\"lazy\" decoding=\"async\" width=\"50\" height=\"50\" src=\"https:\/\/br.ultramotors.org\/seminovos\/wp-content\/uploads\/2013\/08\/Honda-NSX-de-Ayrton-Senna-painel-50x50c.jpg\" class=\"attachment-thumbnail size-thumbnail\" alt=\"Honda NSX de Ayrton Senna - painel\" srcset=\"https:\/\/br.ultramotors.org\/seminovos\/wp-content\/uploads\/2013\/08\/Honda-NSX-de-Ayrton-Senna-painel-50x50c.jpg 50w, https:\/\/br.ultramotors.org\/seminovos\/wp-content\/uploads\/2013\/08\/Honda-NSX-de-Ayrton-Senna-painel-75x75c.jpg 75w, https:\/\/br.ultramotors.org\/seminovos\/wp-content\/uploads\/2013\/08\/Honda-NSX-de-Ayrton-Senna-painel-100x100c.jpg 100w, https:\/\/br.ultramotors.org\/seminovos\/wp-content\/uploads\/2013\/08\/Honda-NSX-de-Ayrton-Senna-painel-250x250c.jpg 250w\" sizes=\"auto, (max-width: 50px) 100vw, 50px\" title=\"\"><\/a>\n\t\t\t<\/dt><\/dl><dl class='gallery-item'>\n\t\t\t<dt class='gallery-icon landscape'>\n\t\t\t\t<a href=\"https:\/\/br.ultramotors.org\/seminovos\/blog\/honda-nsx-de-ayrton-senna-a-venda-em-leilao-no-ebay\/attachment\/honda-nsx-de-ayrton-senna-motor\/\"><img loading=\"lazy\" decoding=\"async\" width=\"50\" height=\"50\" src=\"https:\/\/br.ultramotors.org\/seminovos\/wp-content\/uploads\/2013\/08\/Honda-NSX-de-Ayrton-Senna-motor-50x50c.jpg\" class=\"attachment-thumbnail size-thumbnail\" alt=\"Honda NSX de Ayrton Senna - motor\" srcset=\"https:\/\/br.ultramotors.org\/seminovos\/wp-content\/uploads\/2013\/08\/Honda-NSX-de-Ayrton-Senna-motor-50x50c.jpg 50w, https:\/\/br.ultramotors.org\/seminovos\/wp-content\/uploads\/2013\/08\/Honda-NSX-de-Ayrton-Senna-motor-75x75c.jpg 75w, https:\/\/br.ultramotors.org\/seminovos\/wp-content\/uploads\/2013\/08\/Honda-NSX-de-Ayrton-Senna-motor-100x100c.jpg 100w, https:\/\/br.ultramotors.org\/seminovos\/wp-content\/uploads\/2013\/08\/Honda-NSX-de-Ayrton-Senna-motor-250x250c.jpg 250w\" sizes=\"auto, (max-width: 50px) 100vw, 50px\" title=\"\"><\/a>\n\t\t\t<\/dt><\/dl><dl class='gallery-item'>\n\t\t\t<dt class='gallery-icon landscape'>\n\t\t\t\t<a href=\"https:\/\/br.ultramotors.org\/seminovos\/blog\/honda-nsx-de-ayrton-senna-a-venda-em-leilao-no-ebay\/attachment\/honda-nsx-de-ayrton-senna-interior\/\"><img loading=\"lazy\" decoding=\"async\" width=\"50\" height=\"50\" src=\"https:\/\/br.ultramotors.org\/seminovos\/wp-content\/uploads\/2013\/08\/Honda-NSX-de-Ayrton-Senna-interior-50x50c.jpg\" class=\"attachment-thumbnail size-thumbnail\" alt=\"Honda NSX de Ayrton Senna - interior\" srcset=\"https:\/\/br.ultramotors.org\/seminovos\/wp-content\/uploads\/2013\/08\/Honda-NSX-de-Ayrton-Senna-interior-50x50c.jpg 50w, https:\/\/br.ultramotors.org\/seminovos\/wp-content\/uploads\/2013\/08\/Honda-NSX-de-Ayrton-Senna-interior-75x75c.jpg 75w, https:\/\/br.ultramotors.org\/seminovos\/wp-content\/uploads\/2013\/08\/Honda-NSX-de-Ayrton-Senna-interior-100x100c.jpg 100w, https:\/\/br.ultramotors.org\/seminovos\/wp-content\/uploads\/2013\/08\/Honda-NSX-de-Ayrton-Senna-interior-250x250c.jpg 250w\" sizes=\"auto, (max-width: 50px) 100vw, 50px\" title=\"\"><\/a>\n\t\t\t<\/dt><\/dl><br style=\"clear: both\" \/><dl class='gallery-item'>\n\t\t\t<dt class='gallery-icon landscape'>\n\t\t\t\t<a href=\"https:\/\/br.ultramotors.org\/seminovos\/blog\/honda-nsx-de-ayrton-senna-a-venda-em-leilao-no-ebay\/attachment\/honda-nsx-de-ayrton-senna-tapete\/\"><img loading=\"lazy\" decoding=\"async\" width=\"50\" height=\"50\" src=\"https:\/\/br.ultramotors.org\/seminovos\/wp-content\/uploads\/2013\/08\/Honda-NSX-de-Ayrton-Senna-Tapete-50x50c.jpg\" class=\"attachment-thumbnail size-thumbnail\" alt=\"\" srcset=\"https:\/\/br.ultramotors.org\/seminovos\/wp-content\/uploads\/2013\/08\/Honda-NSX-de-Ayrton-Senna-Tapete-50x50c.jpg 50w, https:\/\/br.ultramotors.org\/seminovos\/wp-content\/uploads\/2013\/08\/Honda-NSX-de-Ayrton-Senna-Tapete-75x75c.jpg 75w, https:\/\/br.ultramotors.org\/seminovos\/wp-content\/uploads\/2013\/08\/Honda-NSX-de-Ayrton-Senna-Tapete-100x100c.jpg 100w, https:\/\/br.ultramotors.org\/seminovos\/wp-content\/uploads\/2013\/08\/Honda-NSX-de-Ayrton-Senna-Tapete-250x250c.jpg 250w\" sizes=\"auto, (max-width: 50px) 100vw, 50px\" title=\"\"><\/a>\n\t\t\t<\/dt><\/dl><dl class='gallery-item'>\n\t\t\t<dt class='gallery-icon landscape'>\n\t\t\t\t<a href=\"https:\/\/br.ultramotors.org\/seminovos\/blog\/honda-nsx-de-ayrton-senna-a-venda-em-leilao-no-ebay\/attachment\/honda-nsx-de-ayrton-senna-chassi\/\"><img loading=\"lazy\" decoding=\"async\" width=\"50\" height=\"50\" src=\"https:\/\/br.ultramotors.org\/seminovos\/wp-content\/uploads\/2013\/08\/Honda-NSX-de-Ayrton-Senna-Chassi-50x50c.jpg\" class=\"attachment-thumbnail size-thumbnail\" alt=\"Honda NSX de Ayrton Senna - registro\" srcset=\"https:\/\/br.ultramotors.org\/seminovos\/wp-content\/uploads\/2013\/08\/Honda-NSX-de-Ayrton-Senna-Chassi-50x50c.jpg 50w, https:\/\/br.ultramotors.org\/seminovos\/wp-content\/uploads\/2013\/08\/Honda-NSX-de-Ayrton-Senna-Chassi-75x75c.jpg 75w, https:\/\/br.ultramotors.org\/seminovos\/wp-content\/uploads\/2013\/08\/Honda-NSX-de-Ayrton-Senna-Chassi-100x100c.jpg 100w, https:\/\/br.ultramotors.org\/seminovos\/wp-content\/uploads\/2013\/08\/Honda-NSX-de-Ayrton-Senna-Chassi-250x250c.jpg 250w\" sizes=\"auto, (max-width: 50px) 100vw, 50px\" title=\"\"><\/a>\n\t\t\t<\/dt><\/dl>\n\t\t\t<br style='clear: both' \/>\n\t\t<\/div>\n<\/p>\n<p>O carro tem registro de 1993, encontra-se em Albufeira e est\u00e1 na posse do atual propriet\u00e1rio h\u00e1 17 anos. O vendedor garante, no entanto, que o ve\u00edculo ainda tem \u201cas marcas dos p\u00e9s de Senna\u201d no tapete e que est\u00e1 em excelente estado de conserva\u00e7\u00e3o.<\/p>\n<p>Equipado com um motor V6 de 3 litros a gasolina, com 280 cavalos, o carro conta com cerca de 50 mil\u00a0quil\u00f4metros rodados.<\/p>\n<p>O leil\u00e3o termina em 17 de agosto.<\/p>\n","protected":false},"excerpt":{"rendered":"<p>Um dos tr\u00eas Honda NSX que pertenceram ao nosso &#8216;maior&#8217; piloto da hist\u00f3ria &#8211; Ayrton Senna, pode estar \u00e0 venda no eBay. O carro encontra-se em Albufeira, Portugal, e seu atual dono reivindica que ele era do Ayrton. A base do leil\u00e3o era de cerca de 50 mil euros, mas as ofertas j\u00e1 ultrapassam os [&hellip;]<\/p>\n","protected":false},"author":1,"featured_media":24973,"comment_status":"open","ping_status":"open","sticky":false,"template":"","format":"standard","meta":{"footnotes":""},"categories":[1],"tags":[],"class_list":["post-24966","post","type-post","status-publish","format-standard","has-post-thumbnail","hentry","category-blog"],"_links":{"self":[{"href":"https:\/\/br.ultramotors.org\/seminovos\/wp-json\/wp\/v2\/posts\/24966","targetHints":{"allow":["GET"]}}],"collection":[{"href":"https:\/\/br.ultramotors.org\/seminovos\/wp-json\/wp\/v2\/posts"}],"about":[{"href":"https:\/\/br.ultramotors.org\/seminovos\/wp-json\/wp\/v2\/types\/post"}],"author":[{"embeddable":true,"href":"https:\/\/br.ultramotors.org\/seminovos\/wp-json\/wp\/v2\/users\/1"}],"replies":[{"embeddable":true,"href":"https:\/\/br.ultramotors.org\/seminovos\/wp-json\/wp\/v2\/comments?post=24966"}],"version-history":[{"count":0,"href":"https:\/\/br.ultramotors.org\/seminovos\/wp-json\/wp\/v2\/posts\/24966\/revisions"}],"wp:featuredmedia":[{"embeddable":true,"href":"https:\/\/br.ultramotors.org\/seminovos\/wp-json\/wp\/v2\/media\/24973"}],"wp:attachment":[{"href":"https:\/\/br.ultramotors.org\/seminovos\/wp-json\/wp\/v2\/media?parent=24966"}],"wp:term":[{"taxonomy":"category","embeddable":true,"href":"https:\/\/br.ultramotors.org\/seminovos\/wp-json\/wp\/v2\/categories?post=24966"},{"taxonomy":"post_tag","embeddable":true,"href":"https:\/\/br.ultramotors.org\/seminovos\/wp-json\/wp\/v2\/tags?post=24966"}],"curies":[{"name":"wp","href":"https:\/\/api.w.org\/{rel}","templated":true}]}}