{"id":2479,"date":"2011-05-16T16:56:16","date_gmt":"2011-05-16T19:56:16","guid":{"rendered":"http:\/\/www.ultramotors.com.br\/?p=2479"},"modified":"2011-05-16T16:58:20","modified_gmt":"2011-05-16T19:58:20","slug":"o-novo-porsche-911-tera-suas-versoes-equipadas-com-kers","status":"publish","type":"post","link":"https:\/\/br.ultramotors.org\/seminovos\/blog\/o-novo-porsche-911-tera-suas-versoes-equipadas-com-kers\/","title":{"rendered":"O novo Porsche 911 ter\u00e1 suas vers\u00f5es equipadas com KERS"},"content":{"rendered":"<p>A <strong>pr\u00f3xima gera\u00e7\u00e3o<\/strong> do <strong>911<\/strong> ser\u00e1 significativamente diferente da anterior, apesar das <strong>fotos<\/strong> do futuro 911 ligeiramente camuflado n\u00e3o demostrarem isso.<\/p>\n<p>Exteriormente manteve o desenho e todas as caracter\u00edsticas de seu projeto que t\u00eam conseguido fazer o <strong><a href=\"http:\/\/www.ultramotors.com.br\/tag\/porsche\/\" rel=\"nofollow noopener\" target=\"_blank\">Porsche<\/a><\/strong> um verdadeiro \u00edcone, no entanto a nova gama ir\u00e1 ser beneficiada de um avan\u00e7o t\u00e9cnico significativo: o <strong>KERS<\/strong>.<\/p>\n<p>O KERS (sistema de recupera\u00e7\u00e3o de energia cin\u00e9tica) consiste em acumular a energia gerada nas frenagens &#8211; que seria desperdi\u00e7ada &#8211; para ser usada quando o carro precisa acelerar.<\/p>\n<blockquote><p>Introduzido na F-1 em 2009 o KERS aproveita a energia gerada durante frenagens para fornecer pot\u00eancia extra para o carro.<\/p><\/blockquote>\n<p>Com isso al\u00e9m de melhorar a performance tamb\u00e9m ajuda a reduzir o consumo, que \u00e9 um dos principais objetivos definidos na estrat\u00e9gia da Porsche.<\/p>\n<h2>Fotos do novo Porsche 911 991 Turbo<\/h2>\n<p><img loading=\"lazy\" decoding=\"async\" class=\"aligncenter size-full wp-image-2480\" title=\"porsche-911-kers\" src=\"http:\/\/www.ultramotors.com.br\/wp-content\/uploads\/2011\/05\/01-1300200570-e1305574795804.jpg\" alt=\"porsche-911-kers\" width=\"545\" height=\"363\" \/><\/p>\n<p><img loading=\"lazy\" decoding=\"async\" class=\"aligncenter size-full wp-image-2481\" title=\"porsche-911-kers-espiao\" src=\"http:\/\/www.ultramotors.com.br\/wp-content\/uploads\/2011\/05\/03-1300200572-e1305574855314.jpg\" alt=\"porsche-911-kers-espiao\" width=\"545\" height=\"363\" \/><\/p>\n<p><img loading=\"lazy\" decoding=\"async\" class=\"aligncenter size-full wp-image-2482\" title=\"porsche-911-kers-espiao\" src=\"http:\/\/www.ultramotors.com.br\/wp-content\/uploads\/2011\/05\/02-1300200571-e1305574906223.jpg\" alt=\"porsche-911-kers-espiao\" width=\"545\" height=\"363\" \/><\/p>\n<p><img loading=\"lazy\" decoding=\"async\" class=\"aligncenter size-full wp-image-2483\" title=\"porsche-911-kers-espiao\" src=\"http:\/\/www.ultramotors.com.br\/wp-content\/uploads\/2011\/05\/04-1300200573-e1305574952393.jpg\" alt=\"porsche-911-kers-espiao\" width=\"545\" height=\"358\" \/><\/p>\n<p><img loading=\"lazy\" decoding=\"async\" class=\"aligncenter size-full wp-image-2484\" title=\"porsche-911-kers-espiao\" src=\"http:\/\/www.ultramotors.com.br\/wp-content\/uploads\/2011\/05\/07-1300200576-e1305575010542.jpg\" alt=\"porsche-911-kers-espiao\" width=\"545\" height=\"360\" \/><\/p>\n<p><img loading=\"lazy\" decoding=\"async\" class=\"aligncenter size-full wp-image-2485\" title=\"porsche-911-kers-espiao\" src=\"http:\/\/www.ultramotors.com.br\/wp-content\/uploads\/2011\/05\/09-1300200578-e1305575164382.jpg\" alt=\"porsche-911-kers-espiao\" width=\"545\" height=\"340\" \/><\/p>\n<p>[Fonte externa: Autoblog, Howstuffworks]<\/p>\n","protected":false},"excerpt":{"rendered":"<p>A pr\u00f3xima gera\u00e7\u00e3o do 911 ser\u00e1 significativamente diferente da anterior, apesar das fotos do futuro 911 ligeiramente camuflado n\u00e3o demostrarem isso. Exteriormente manteve o desenho e todas as caracter\u00edsticas de seu projeto que t\u00eam conseguido fazer o Porsche um verdadeiro \u00edcone, no entanto a nova gama ir\u00e1 ser beneficiada de um avan\u00e7o t\u00e9cnico significativo: o [&hellip;]<\/p>\n","protected":false},"author":1,"featured_media":2495,"comment_status":"open","ping_status":"open","sticky":false,"template":"","format":"standard","meta":{"footnotes":""},"categories":[1],"tags":[],"class_list":["post-2479","post","type-post","status-publish","format-standard","has-post-thumbnail","hentry","category-blog"],"_links":{"self":[{"href":"https:\/\/br.ultramotors.org\/seminovos\/wp-json\/wp\/v2\/posts\/2479","targetHints":{"allow":["GET"]}}],"collection":[{"href":"https:\/\/br.ultramotors.org\/seminovos\/wp-json\/wp\/v2\/posts"}],"about":[{"href":"https:\/\/br.ultramotors.org\/seminovos\/wp-json\/wp\/v2\/types\/post"}],"author":[{"embeddable":true,"href":"https:\/\/br.ultramotors.org\/seminovos\/wp-json\/wp\/v2\/users\/1"}],"replies":[{"embeddable":true,"href":"https:\/\/br.ultramotors.org\/seminovos\/wp-json\/wp\/v2\/comments?post=2479"}],"version-history":[{"count":0,"href":"https:\/\/br.ultramotors.org\/seminovos\/wp-json\/wp\/v2\/posts\/2479\/revisions"}],"wp:featuredmedia":[{"embeddable":true,"href":"https:\/\/br.ultramotors.org\/seminovos\/wp-json\/wp\/v2\/media\/2495"}],"wp:attachment":[{"href":"https:\/\/br.ultramotors.org\/seminovos\/wp-json\/wp\/v2\/media?parent=2479"}],"wp:term":[{"taxonomy":"category","embeddable":true,"href":"https:\/\/br.ultramotors.org\/seminovos\/wp-json\/wp\/v2\/categories?post=2479"},{"taxonomy":"post_tag","embeddable":true,"href":"https:\/\/br.ultramotors.org\/seminovos\/wp-json\/wp\/v2\/tags?post=2479"}],"curies":[{"name":"wp","href":"https:\/\/api.w.org\/{rel}","templated":true}]}}