{"id":2437,"date":"2011-05-16T01:30:10","date_gmt":"2011-05-16T04:30:10","guid":{"rendered":"http:\/\/www.ultramotors.com.br\/?p=2437"},"modified":"2012-10-12T11:20:30","modified_gmt":"2012-10-12T14:20:30","slug":"a-volkswagen-retornara-ao-wrc-em-2013-com-o-polo","status":"publish","type":"post","link":"https:\/\/br.ultramotors.org\/seminovos\/blog\/a-volkswagen-retornara-ao-wrc-em-2013-com-o-polo\/","title":{"rendered":"A Volkswagen retornar\u00e1 ao WRC em 2013 com o Polo"},"content":{"rendered":"<p>A <a href=\"http:\/\/www.ultramotors.com.br\/tag\/volkswagen-2\/\" rel=\"nofollow noopener\" target=\"_blank\">Volkswagen<\/a> anunciou que vai voltar ao <strong>WRC<\/strong> (Campeonato Mundial de Rali) em 2013 com o <strong>Polo R WRC<\/strong>, e n\u00e3o com o Beetle como se dizia na semana passada. H\u00e1 ind\u00edcios de que <strong>Carlos Sainz<\/strong> estar\u00e1 envolvido no desenvolvimento, e que <strong>S\u00e9bastien Loeb<\/strong> figurar\u00e1 como piloto. A Volkswagen deixou claro que ir\u00e1 aproveitar a sua experi\u00eancia no Dakar, para formar uma &#8220;equipe experiente.&#8221;<\/p>\n<p>N\u00e3o h\u00e1 muitas informa\u00e7\u00f5es acerca do motor que vai equipar o Polo R WRC. O mais prov\u00e1vel \u00e9 que a Volkswagen poder\u00e1 desenvolver um novo motor 1.6 TSI com 300 cv e que pela falta de tempo h\u00e1bil poderemos ver um Polo R em cima do GTI.<\/p>\n<p>Quanto a vers\u00e3o que vai chegar ao mercado, cremos que o Polo R poder\u00e1 compartilhar as solu\u00e7\u00f5es que a Audi est\u00e1 desenvolvendo para o S1, com Tra\u00e7\u00e3o integral Quatrro com Haldex 4.0 e o motor TFSI 2.0 na vers\u00e3o com 211 cv.<\/p>\n<blockquote><p><img loading=\"lazy\" decoding=\"async\" class=\"size-full wp-image-2438 alignleft\" title=\"carlos-sainz-rali\" src=\"http:\/\/www.ultramotors.com.br\/wp-content\/uploads\/2011\/05\/b8e8c26656551adc_carlos_sainz-e1305517871497.jpg\" alt=\"carlos-sainz-rali\" width=\"120\" height=\"83\" \/>Carlos Sainz (Madrid, 12 de Abril de 1962) \u00e9 um piloto espanhol de rali e duas vezes campe\u00e3o do Campeonato Mundial de Ralis (World Rally Championship).<\/p>\n<p><img loading=\"lazy\" decoding=\"async\" class=\"size-full wp-image-2440 alignright\" title=\"Sebastien-Loeb-rali\" src=\"http:\/\/www.ultramotors.com.br\/wp-content\/uploads\/2011\/05\/250px-Sebastien_Loeb-e1305517942855.jpg\" alt=\"Sebastien-Loeb-rali\" width=\"120\" height=\"82\" \/>S\u00e9bastien Loeb (Haguenau, Als\u00e1cia, 26 de Fevereiro de 1974) \u00e9 um piloto franc\u00eas de rali, vencedor do Campeonato Mundial de Rali de 2004, 2005, 2006, 2007, 2008, 2009 e 2010.<\/p><\/blockquote>\n<h2>V\u00eddeo: A volta do Polo ao WRC<\/h2>\n<p><object style=\"height: 390px; width: 555px;\" width=\"100\" height=\"100\" classid=\"clsid:d27cdb6e-ae6d-11cf-96b8-444553540000\" codebase=\"http:\/\/download.macromedia.com\/pub\/shockwave\/cabs\/flash\/swflash.cab#version=6,0,40,0\"><param name=\"allowFullScreen\" value=\"true\" \/><param name=\"allowScriptAccess\" value=\"always\" \/><param name=\"src\" value=\"http:\/\/www.youtube.com\/v\/xs4donyiQgo?version=3\" \/><param name=\"allowfullscreen\" value=\"true\" \/><param name=\"allowscriptaccess\" value=\"always\" \/><embed style=\"height: 390px; width: 555px;\" width=\"100\" height=\"100\" type=\"application\/x-shockwave-flash\" src=\"http:\/\/www.youtube.com\/v\/xs4donyiQgo?version=3\" allowFullScreen=\"true\" allowScriptAccess=\"always\" allowfullscreen=\"true\" allowscriptaccess=\"always\" \/><\/object><\/p>\n<h2>Fotos do Polo R WRC<\/h2>\n<p><img loading=\"lazy\" decoding=\"async\" class=\"aligncenter size-full wp-image-2447\" title=\"volks-polo-de-volta-ao-wrc\" src=\"http:\/\/www.ultramotors.com.br\/wp-content\/uploads\/2011\/05\/polorwrc10-e1305519047654.jpg\" alt=\"volks-polo-de-volta-ao-wrc\" width=\"545\" height=\"363\" \/><\/p>\n<p><img loading=\"lazy\" decoding=\"async\" class=\"aligncenter size-full wp-image-2448\" title=\"volks-polo-de-volta-ao-wrc\" src=\"http:\/\/www.ultramotors.com.br\/wp-content\/uploads\/2011\/05\/polorwrc11-e1305519103417.jpg\" alt=\"volks-polo-de-volta-ao-wrc\" width=\"545\" height=\"363\" \/><\/p>\n<p><img loading=\"lazy\" decoding=\"async\" class=\"aligncenter size-full wp-image-2449\" title=\"volks-polo-de-volta-ao-wrc\" src=\"http:\/\/www.ultramotors.com.br\/wp-content\/uploads\/2011\/05\/polorwrc12-e1305519145251.jpg\" alt=\"volks-polo-de-volta-ao-wrc\" width=\"545\" height=\"363\" \/><\/p>\n<p><img loading=\"lazy\" decoding=\"async\" class=\"aligncenter size-full wp-image-2450\" title=\"volks-polo-de-volta-ao-wrc\" src=\"http:\/\/www.ultramotors.com.br\/wp-content\/uploads\/2011\/05\/polorwrc01-e1305519192458.jpg\" alt=\"volks-polo-de-volta-ao-wrc\" width=\"545\" height=\"363\" \/><\/p>\n<p><img loading=\"lazy\" decoding=\"async\" class=\"aligncenter size-full wp-image-2451\" title=\"volks-polo-de-volta-ao-wrc\" src=\"http:\/\/www.ultramotors.com.br\/wp-content\/uploads\/2011\/05\/polorwrc00-e1305519250155.jpg\" alt=\"volks-polo-de-volta-ao-wrc\" width=\"545\" height=\"363\" \/><\/p>\n<p>[Fonte externa: Autoblog ES, Wikipedia]<\/p>\n","protected":false},"excerpt":{"rendered":"<p>A Volkswagen anunciou que vai voltar ao WRC (Campeonato Mundial de Rali) em 2013 com o Polo R WRC, e n\u00e3o com o Beetle como se dizia na semana passada. H\u00e1 ind\u00edcios de que Carlos Sainz estar\u00e1 envolvido no desenvolvimento, e que S\u00e9bastien Loeb figurar\u00e1 como piloto. A Volkswagen deixou claro que ir\u00e1 aproveitar a [&hellip;]<\/p>\n","protected":false},"author":1,"featured_media":2455,"comment_status":"open","ping_status":"open","sticky":false,"template":"","format":"standard","meta":{"footnotes":""},"categories":[1],"tags":[],"class_list":["post-2437","post","type-post","status-publish","format-standard","has-post-thumbnail","hentry","category-blog"],"_links":{"self":[{"href":"https:\/\/br.ultramotors.org\/seminovos\/wp-json\/wp\/v2\/posts\/2437","targetHints":{"allow":["GET"]}}],"collection":[{"href":"https:\/\/br.ultramotors.org\/seminovos\/wp-json\/wp\/v2\/posts"}],"about":[{"href":"https:\/\/br.ultramotors.org\/seminovos\/wp-json\/wp\/v2\/types\/post"}],"author":[{"embeddable":true,"href":"https:\/\/br.ultramotors.org\/seminovos\/wp-json\/wp\/v2\/users\/1"}],"replies":[{"embeddable":true,"href":"https:\/\/br.ultramotors.org\/seminovos\/wp-json\/wp\/v2\/comments?post=2437"}],"version-history":[{"count":0,"href":"https:\/\/br.ultramotors.org\/seminovos\/wp-json\/wp\/v2\/posts\/2437\/revisions"}],"wp:featuredmedia":[{"embeddable":true,"href":"https:\/\/br.ultramotors.org\/seminovos\/wp-json\/wp\/v2\/media\/2455"}],"wp:attachment":[{"href":"https:\/\/br.ultramotors.org\/seminovos\/wp-json\/wp\/v2\/media?parent=2437"}],"wp:term":[{"taxonomy":"category","embeddable":true,"href":"https:\/\/br.ultramotors.org\/seminovos\/wp-json\/wp\/v2\/categories?post=2437"},{"taxonomy":"post_tag","embeddable":true,"href":"https:\/\/br.ultramotors.org\/seminovos\/wp-json\/wp\/v2\/tags?post=2437"}],"curies":[{"name":"wp","href":"https:\/\/api.w.org\/{rel}","templated":true}]}}