{"id":2422,"date":"2011-05-14T17:23:24","date_gmt":"2011-05-14T20:23:24","guid":{"rendered":"http:\/\/www.ultramotors.com.br\/?p=2422"},"modified":"2011-05-14T17:23:24","modified_gmt":"2011-05-14T20:23:24","slug":"bmw-quer-abrir-uma-fabrica-de-montagem-de-automoveis-no-brasil","status":"publish","type":"post","link":"https:\/\/br.ultramotors.org\/seminovos\/blog\/bmw-quer-abrir-uma-fabrica-de-montagem-de-automoveis-no-brasil\/","title":{"rendered":"BMW quer abrir uma f\u00e1brica de montagem de autom\u00f3veis no Brasil"},"content":{"rendered":"<p>Durante a reuni\u00e3o anual de acionistas realizada na Alemanha, o presidente da <strong>BMW<\/strong>, Norbert Reithofer, confirmou as inten\u00e7\u00f5es da marca em expandir para os mercados em crescimento: &#8220;atualmente estamos analisando novos lugares para a <strong>produ\u00e7\u00e3o de autom\u00f3veis<\/strong>, como uma <strong>linha de montagem no Brasil<\/strong> e outros pa\u00edses do BRICT (Brasil, R\u00fassia, \u00cdndia, China e Turquia) &#8220;, disse ele.<\/p>\n<p>Em mar\u00e7o, o chefe de produ\u00e7\u00e3o da BMW, Frank-Peter Arndt, elogiou o pa\u00eds: &#8220;N\u00f3s acreditamos que o Brasil tem um grande futuro pela frente. O desenvolvimento do pa\u00eds ao longo dos \u00faltimos dez anos tem sido impressionante. &#8221;<\/p>\n<p>A BMW j\u00e1 tem uma f\u00e1brica de montagem de motos em Manaus e especula sobre a possibilidade de instalar a f\u00e1brica de autom\u00f3veis nas proximidades. As pe\u00e7as e componentes seriam importados, no Brasil s\u00f3 seria feita a montagem dos ve\u00edculos.<\/p>\n<p><img loading=\"lazy\" decoding=\"async\" class=\"aligncenter size-full wp-image-2425\" title=\"BMW-fabrica-motos-manaus\" src=\"http:\/\/www.ultramotors.com.br\/wp-content\/uploads\/2011\/05\/tn_620_600_BMW_CKD_Manaus_10-e1305404494336.jpg\" alt=\"Linha de montagem da BMW motos em Manaus\" width=\"545\" height=\"387\" \/><\/p>\n<p>[Fonte externa: BMW, Autoblog AR]<\/p>\n","protected":false},"excerpt":{"rendered":"<p>Durante a reuni\u00e3o anual de acionistas realizada na Alemanha, o presidente da BMW, Norbert Reithofer, confirmou as inten\u00e7\u00f5es da marca em expandir para os mercados em crescimento: &#8220;atualmente estamos analisando novos lugares para a produ\u00e7\u00e3o de autom\u00f3veis, como uma linha de montagem no Brasil e outros pa\u00edses do BRICT (Brasil, R\u00fassia, \u00cdndia, China e Turquia) [&hellip;]<\/p>\n","protected":false},"author":1,"featured_media":2423,"comment_status":"open","ping_status":"open","sticky":false,"template":"","format":"standard","meta":{"footnotes":""},"categories":[1],"tags":[],"class_list":["post-2422","post","type-post","status-publish","format-standard","has-post-thumbnail","hentry","category-blog"],"_links":{"self":[{"href":"https:\/\/br.ultramotors.org\/seminovos\/wp-json\/wp\/v2\/posts\/2422","targetHints":{"allow":["GET"]}}],"collection":[{"href":"https:\/\/br.ultramotors.org\/seminovos\/wp-json\/wp\/v2\/posts"}],"about":[{"href":"https:\/\/br.ultramotors.org\/seminovos\/wp-json\/wp\/v2\/types\/post"}],"author":[{"embeddable":true,"href":"https:\/\/br.ultramotors.org\/seminovos\/wp-json\/wp\/v2\/users\/1"}],"replies":[{"embeddable":true,"href":"https:\/\/br.ultramotors.org\/seminovos\/wp-json\/wp\/v2\/comments?post=2422"}],"version-history":[{"count":0,"href":"https:\/\/br.ultramotors.org\/seminovos\/wp-json\/wp\/v2\/posts\/2422\/revisions"}],"wp:featuredmedia":[{"embeddable":true,"href":"https:\/\/br.ultramotors.org\/seminovos\/wp-json\/wp\/v2\/media\/2423"}],"wp:attachment":[{"href":"https:\/\/br.ultramotors.org\/seminovos\/wp-json\/wp\/v2\/media?parent=2422"}],"wp:term":[{"taxonomy":"category","embeddable":true,"href":"https:\/\/br.ultramotors.org\/seminovos\/wp-json\/wp\/v2\/categories?post=2422"},{"taxonomy":"post_tag","embeddable":true,"href":"https:\/\/br.ultramotors.org\/seminovos\/wp-json\/wp\/v2\/tags?post=2422"}],"curies":[{"name":"wp","href":"https:\/\/api.w.org\/{rel}","templated":true}]}}