{"id":2416,"date":"2011-05-14T16:14:29","date_gmt":"2011-05-14T19:14:29","guid":{"rendered":"http:\/\/www.ultramotors.com.br\/?p=2416"},"modified":"2011-05-14T16:14:29","modified_gmt":"2011-05-14T19:14:29","slug":"brasil-impos-barreiras-a-importacao-de-carros-licencas-nao-automaticas","status":"publish","type":"post","link":"https:\/\/br.ultramotors.org\/seminovos\/blog\/brasil-impos-barreiras-a-importacao-de-carros-licencas-nao-automaticas\/","title":{"rendered":"Brasil imp\u00f4s barreiras \u00e0 importa\u00e7\u00e3o de carros, licen\u00e7as n\u00e3o autom\u00e1ticas"},"content":{"rendered":"<p>Em uma medida muito semelhante \u00e0 que a Argentina imp\u00f4s em fevereiro, para\u00a0<a href=\"http:\/\/www.ultramotors.com.br\/comprar-veiculo\/\" rel=\"nofollow noopener\" target=\"_blank\"><strong>carros importados<\/strong><\/a> de alta capacidade, o governo brasileiro estabeleceu que carros prontos agora estar\u00e3o sujeitos a\u00a0<strong>licenciamento n\u00e3o autom\u00e1tico<\/strong> para entrar no pa\u00eds, a medida atinge principalmente Argentina, M\u00e9xico e Coreia do Sul. O motivo seria a mesma que a apresentada pelo governo argentino para estabelecer a medida protecionista: reduzir o d\u00e9ficit comercial no <strong>setor automotivo<\/strong>.<\/p>\n<p>No ano passado, as\u00a0<strong>importa\u00e7\u00f5es de autom\u00f3veis<\/strong> no Brasil aumentaram 55,7%. Mas com o real valorizado frente ao d\u00f3lar desde janeiro-abril o aumento foi acelerado a 80%.<\/p>\n<p>A medida imposta pelo governo brasileiro, \u00e9 motivo de preocupa\u00e7\u00e3o para o governo de Cristina Kirchner, j\u00e1 que 39% das exporta\u00e7\u00f5es da Argentina para o Brasil provem do\u00a0setor automotivo\u00a0do Brasil.<\/p>\n<p>Na fronteira entre o Brasil e a Argentina h\u00e1 cerca de 67 caminh\u00f5es cegonhas carregados com carros e componentes &#8211; parados aguardando.<\/p>\n<blockquote><p>Segundo o Estad\u00e3o, essa ofensiva do governo tentar\u00e1 for\u00e7ar a Argentina a rever as barreiras que dificultam a entrada de produtos brasileiros naquele Pa\u00eds. Uma fonte do governo afirma que a libera\u00e7\u00e3o das importa\u00e7\u00f5es dos outros mercados, que n\u00e3o o argentino, ser\u00e1 de maneira acelerada. Os pedidos para importa\u00e7\u00e3o desses produtos da Argentina ser\u00e3o retidos.<\/p><\/blockquote>\n<p>Das dezenas de modelos afetados pela Licen\u00e7a n\u00e3o Autom\u00e1tica que foi estabelecida na Argentina meses atr\u00e1s, n\u00e3o h\u00e1 ve\u00edculos fabricados no Brasil. As LNA obrigam a tramitar uma permiss\u00e3o de importa\u00e7\u00e3o, unidade por unidade, e podem esticar o prazo dos tr\u00e2mites aduaneiros em at\u00e9 60 dias.<\/p>\n<p>[Fonte externa: Autoblog Argentina, Estad\u00e3o]<\/p>\n","protected":false},"excerpt":{"rendered":"<p>Em uma medida muito semelhante \u00e0 que a Argentina imp\u00f4s em fevereiro, para\u00a0carros importados de alta capacidade, o governo brasileiro estabeleceu que carros prontos agora estar\u00e3o sujeitos a\u00a0licenciamento n\u00e3o autom\u00e1tico para entrar no pa\u00eds, a medida atinge principalmente Argentina, M\u00e9xico e Coreia do Sul. O motivo seria a mesma que a apresentada pelo governo argentino [&hellip;]<\/p>\n","protected":false},"author":1,"featured_media":2417,"comment_status":"open","ping_status":"open","sticky":false,"template":"","format":"standard","meta":{"footnotes":""},"categories":[1],"tags":[],"class_list":["post-2416","post","type-post","status-publish","format-standard","has-post-thumbnail","hentry","category-blog"],"_links":{"self":[{"href":"https:\/\/br.ultramotors.org\/seminovos\/wp-json\/wp\/v2\/posts\/2416","targetHints":{"allow":["GET"]}}],"collection":[{"href":"https:\/\/br.ultramotors.org\/seminovos\/wp-json\/wp\/v2\/posts"}],"about":[{"href":"https:\/\/br.ultramotors.org\/seminovos\/wp-json\/wp\/v2\/types\/post"}],"author":[{"embeddable":true,"href":"https:\/\/br.ultramotors.org\/seminovos\/wp-json\/wp\/v2\/users\/1"}],"replies":[{"embeddable":true,"href":"https:\/\/br.ultramotors.org\/seminovos\/wp-json\/wp\/v2\/comments?post=2416"}],"version-history":[{"count":0,"href":"https:\/\/br.ultramotors.org\/seminovos\/wp-json\/wp\/v2\/posts\/2416\/revisions"}],"wp:featuredmedia":[{"embeddable":true,"href":"https:\/\/br.ultramotors.org\/seminovos\/wp-json\/wp\/v2\/media\/2417"}],"wp:attachment":[{"href":"https:\/\/br.ultramotors.org\/seminovos\/wp-json\/wp\/v2\/media?parent=2416"}],"wp:term":[{"taxonomy":"category","embeddable":true,"href":"https:\/\/br.ultramotors.org\/seminovos\/wp-json\/wp\/v2\/categories?post=2416"},{"taxonomy":"post_tag","embeddable":true,"href":"https:\/\/br.ultramotors.org\/seminovos\/wp-json\/wp\/v2\/tags?post=2416"}],"curies":[{"name":"wp","href":"https:\/\/api.w.org\/{rel}","templated":true}]}}