{"id":23145,"date":"2013-06-05T19:51:06","date_gmt":"2013-06-05T22:51:06","guid":{"rendered":"http:\/\/www.ultramotors.com.br\/?p=23145"},"modified":"2013-06-05T19:51:06","modified_gmt":"2013-06-05T22:51:06","slug":"porsche-apresenta-o-911-50th-anniversary-edition","status":"publish","type":"post","link":"https:\/\/br.ultramotors.org\/seminovos\/blog\/porsche-apresenta-o-911-50th-anniversary-edition\/","title":{"rendered":"Porsche apresenta o 911 50th Anniversary Edition"},"content":{"rendered":"<p>Foi no Sal\u00e3o do Autom\u00f3vel de Frankfurt em 1963 que a <a href=\"http:\/\/www.ultramotors.com.br\/tag\/porsche\/\" rel=\"nofollow noopener\" target=\"_blank\">Porsche<\/a> lan\u00e7ou o seu primeiro prot\u00f3tipo 901, um carro esportivo desenhado pelo neto do fundador da Porsche como um substituto para o modelo 356 da montadora. O carro acabaria eventualmente sendo rebatizado de 911 e atravessaria diversas gera\u00e7\u00f5es.<\/p>\n<p>Em setembro deste ano, a Porsche vai comemorar 50 anos desde que o 901 foi apresentado pela primeira vez. E n\u00e3o h\u00e1 lugar mais apropriado que o Sal\u00e3o do Autom\u00f3vel de Frankfurt 2013 para isso acontecer. Como parte das comemora\u00e7\u00f5es, a Porsche vai lan\u00e7ar uma nova edi\u00e7\u00e3o especial: o <strong>Porsche 911 50th Anniversary Edition<\/strong>.<\/p>\n<p>[nggallery id=25]<\/p>\n<p>Revelado ontem \u00e0 frente de seu lan\u00e7amento em Frankfurt, o 911 50th Anniversary Edition imita o original 901 apresentando um motor horizontal de seis cilindros montado na traseira e tra\u00e7\u00e3o nas rodas traseiras. No entanto, esta edi\u00e7\u00e3o especial ser\u00e1 limitada a apenas 1.963 exemplares, um n\u00famero que representa o ano de estreia do 901.<\/p>\n<p>O 911 50th Anniversary Edition \u00e9 baseado no Porsche 911 Carrera S 2014, mas ele usa o corpo mais amplo do modelo Carrera 4. Seu motor de 3.8 litros entrega 405 cavalos de pot\u00eancia e pode ser combinado com uma transmiss\u00e3o manual de sete marchas ou a unidade PDK de dupla embreagem da Porsche.<\/p>\n<p>A edi\u00e7\u00e3o especial recebeu diversos itens exclusivos, como o sistema de gerenciamento de suspens\u00e3o ativa da Porsche, rodas de 20 polegadas exclusivas, frisos cromados nas entradas de ar frontais, emblema com efeito 3D na tampa traseira, al\u00e9m de cores exclusivas e detalhes inspirados no modelo de 1960.<\/p>\n<p>O carro estar\u00e1 dispon\u00edvel nos Estados Unidos no final de agosto por 126 mil d\u00f3lares, algo em torno de 268 mil reais.<\/p>\n<p><iframe loading=\"lazy\" src=\"http:\/\/www.youtube.com\/embed\/IM0jcxF5770\" height=\"315\" width=\"560\" allowfullscreen=\"\" frameborder=\"0\"><\/iframe><\/p>\n","protected":false},"excerpt":{"rendered":"<p>Foi no Sal\u00e3o do Autom\u00f3vel de Frankfurt em 1963 que a Porsche lan\u00e7ou o seu primeiro prot\u00f3tipo 901, um carro esportivo desenhado pelo neto do fundador da Porsche como um substituto para o modelo 356 da montadora. O carro acabaria eventualmente sendo rebatizado de 911 e atravessaria diversas gera\u00e7\u00f5es. Em setembro deste ano, a Porsche [&hellip;]<\/p>\n","protected":false},"author":1,"featured_media":23146,"comment_status":"open","ping_status":"open","sticky":false,"template":"","format":"standard","meta":{"footnotes":""},"categories":[1],"tags":[],"class_list":["post-23145","post","type-post","status-publish","format-standard","has-post-thumbnail","hentry","category-blog"],"_links":{"self":[{"href":"https:\/\/br.ultramotors.org\/seminovos\/wp-json\/wp\/v2\/posts\/23145","targetHints":{"allow":["GET"]}}],"collection":[{"href":"https:\/\/br.ultramotors.org\/seminovos\/wp-json\/wp\/v2\/posts"}],"about":[{"href":"https:\/\/br.ultramotors.org\/seminovos\/wp-json\/wp\/v2\/types\/post"}],"author":[{"embeddable":true,"href":"https:\/\/br.ultramotors.org\/seminovos\/wp-json\/wp\/v2\/users\/1"}],"replies":[{"embeddable":true,"href":"https:\/\/br.ultramotors.org\/seminovos\/wp-json\/wp\/v2\/comments?post=23145"}],"version-history":[{"count":0,"href":"https:\/\/br.ultramotors.org\/seminovos\/wp-json\/wp\/v2\/posts\/23145\/revisions"}],"wp:featuredmedia":[{"embeddable":true,"href":"https:\/\/br.ultramotors.org\/seminovos\/wp-json\/wp\/v2\/media\/23146"}],"wp:attachment":[{"href":"https:\/\/br.ultramotors.org\/seminovos\/wp-json\/wp\/v2\/media?parent=23145"}],"wp:term":[{"taxonomy":"category","embeddable":true,"href":"https:\/\/br.ultramotors.org\/seminovos\/wp-json\/wp\/v2\/categories?post=23145"},{"taxonomy":"post_tag","embeddable":true,"href":"https:\/\/br.ultramotors.org\/seminovos\/wp-json\/wp\/v2\/tags?post=23145"}],"curies":[{"name":"wp","href":"https:\/\/api.w.org\/{rel}","templated":true}]}}