{"id":22495,"date":"2013-05-03T12:29:07","date_gmt":"2013-05-03T15:29:07","guid":{"rendered":"http:\/\/www.ultramotors.com.br\/?p=22495"},"modified":"2013-05-03T12:31:40","modified_gmt":"2013-05-03T15:31:40","slug":"porsche-911-2014-turbo-e-turbo-s-sao-apresentados","status":"publish","type":"post","link":"https:\/\/br.ultramotors.org\/seminovos\/blog\/porsche-911-2014-turbo-e-turbo-s-sao-apresentados\/","title":{"rendered":"Porsche 911 2014 Turbo e Turbo S s\u00e3o apresentados"},"content":{"rendered":"<p>O pr\u00f3xima gera\u00e7\u00e3o do <a href=\"http:\/\/www.ultramotors.com.br\/tag\/porsche\/\" rel=\"nofollow noopener\" target=\"_blank\">Porsche<\/a> 911 Turbo foi revelada hoje, bem antes do lan\u00e7amento oficial que ocorrer\u00e1 no Sal\u00e3o do Autom\u00f3vel de Frankfurt em setembro.<\/p>\n<p>H\u00e1 50 anos, tamb\u00e9m em Frankfurt, o Porsche 911 foi apresentado pela primeira vez e dez anos depois o 911 Turbo nasceu. Portanto, 2013 marca tanto o 50\u00b0 anivers\u00e1rio do 911 quanto o 40\u00b0 anivers\u00e1rio do 911 Turbo.<\/p>\n<p>Para este ano especial, o novo Porsche 911 Turbo vem equipado com um motor 3.8 litros (6 cilindros na horizontal) bi-turbo com inje\u00e7\u00e3o direta que gera 527 cavalos. J\u00e1 a vers\u00e3o mais extrema o 911 Turbo S fornece 567 cavalos. Representando um aumento de 20 e 30 cavalos respectivamente em rela\u00e7\u00e3o aos modelos que est\u00e3o sendo substitu\u00eddos.<\/p>\n<p>A for\u00e7a \u00e9 transferida para todas as 4 rodas atrav\u00e9s da transmiss\u00e3o de dupla embreagem e sete velocidades PDK da Porsche. A transmiss\u00e3o PDK e o motor turbo fazem uso de um novo sistema de gerenciamento t\u00e9rmico que em conjunto com um sistema de acionamento e desligamento autom\u00e1tico devem tornar esse 911 Turbo mais eficiente quanto ao consumo de combust\u00edvel\u00a0do que nunca.<\/p>\n<p>O Porsche 911 Turbo faz de 0 a 100 Km\/h em 3.2 segundos e tem velocidade m\u00e1xima de 315 Km\/h, j\u00e1 o Porsche 911 Turbo S faz de 0 a 100 km\/h em 2.9 segundos e sua velocidade m\u00e1xima \u00e9 318 Km\/h.<\/p>\n<p>As vendas come\u00e7am no final de 2013, com pre\u00e7os partindo de U$149,250 para o 911 Turbo e U$182,050 para o 911 Turbo S.<\/p>\n<p><iframe loading=\"lazy\" src=\"http:\/\/www.youtube.com\/embed\/_5qgUO7Mq50\" height=\"315\" width=\"560\" allowfullscreen=\"\" frameborder=\"0\"><\/iframe><\/p>\n","protected":false},"excerpt":{"rendered":"<p>O pr\u00f3xima gera\u00e7\u00e3o do Porsche 911 Turbo foi revelada hoje, bem antes do lan\u00e7amento oficial que ocorrer\u00e1 no Sal\u00e3o do Autom\u00f3vel de Frankfurt em setembro. H\u00e1 50 anos, tamb\u00e9m em Frankfurt, o Porsche 911 foi apresentado pela primeira vez e dez anos depois o 911 Turbo nasceu. Portanto, 2013 marca tanto o 50\u00b0 anivers\u00e1rio do [&hellip;]<\/p>\n","protected":false},"author":1,"featured_media":22496,"comment_status":"open","ping_status":"open","sticky":false,"template":"","format":"standard","meta":{"footnotes":""},"categories":[1],"tags":[],"class_list":["post-22495","post","type-post","status-publish","format-standard","has-post-thumbnail","hentry","category-blog"],"_links":{"self":[{"href":"https:\/\/br.ultramotors.org\/seminovos\/wp-json\/wp\/v2\/posts\/22495","targetHints":{"allow":["GET"]}}],"collection":[{"href":"https:\/\/br.ultramotors.org\/seminovos\/wp-json\/wp\/v2\/posts"}],"about":[{"href":"https:\/\/br.ultramotors.org\/seminovos\/wp-json\/wp\/v2\/types\/post"}],"author":[{"embeddable":true,"href":"https:\/\/br.ultramotors.org\/seminovos\/wp-json\/wp\/v2\/users\/1"}],"replies":[{"embeddable":true,"href":"https:\/\/br.ultramotors.org\/seminovos\/wp-json\/wp\/v2\/comments?post=22495"}],"version-history":[{"count":0,"href":"https:\/\/br.ultramotors.org\/seminovos\/wp-json\/wp\/v2\/posts\/22495\/revisions"}],"wp:featuredmedia":[{"embeddable":true,"href":"https:\/\/br.ultramotors.org\/seminovos\/wp-json\/wp\/v2\/media\/22496"}],"wp:attachment":[{"href":"https:\/\/br.ultramotors.org\/seminovos\/wp-json\/wp\/v2\/media?parent=22495"}],"wp:term":[{"taxonomy":"category","embeddable":true,"href":"https:\/\/br.ultramotors.org\/seminovos\/wp-json\/wp\/v2\/categories?post=22495"},{"taxonomy":"post_tag","embeddable":true,"href":"https:\/\/br.ultramotors.org\/seminovos\/wp-json\/wp\/v2\/tags?post=22495"}],"curies":[{"name":"wp","href":"https:\/\/api.w.org\/{rel}","templated":true}]}}