{"id":21017,"date":"2013-03-18T17:01:43","date_gmt":"2013-03-18T20:01:43","guid":{"rendered":"http:\/\/www.ultramotors.com.br\/?p=21017"},"modified":"2013-03-27T17:07:09","modified_gmt":"2013-03-27T20:07:09","slug":"vw-golf-vii-e-eleito-o-carro-do-ano-na-europa","status":"publish","type":"post","link":"https:\/\/br.ultramotors.org\/seminovos\/blog\/vw-golf-vii-e-eleito-o-carro-do-ano-na-europa\/","title":{"rendered":"VW Golf VII \u00e9 eleito o &#8216;Carro do Ano&#8217; na Europa"},"content":{"rendered":"<p>A s\u00e9tima gera\u00e7\u00e3o do Volkswagen Golf foi a grande vencedora do pr\u00eamio Car of the Year 2013. Foi uma vit\u00f3ria expressante da <a href=\"http:\/\/www.ultramotors.com.br\/tag\/volkswagen-2\/\" rel=\"nofollow noopener\" target=\"_blank\">VW<\/a> com 414 pontos, bem \u00e0 frente do Toyota GT86\/Subaru BR-Z com 202 pontos e do Volvo V40 com 189 pontos.<\/p>\n<p>O Golf \u00e9 um dos carros de maior sucesso em vendas no mercado mundial, e tamb\u00e9m (junto com o Clio), os \u00fanicos a conquistarem o pr\u00eamio de carro do ano mais de uma vez, j\u00e1 que esta foi a segunda vez que ele conquista esse prestigiado pr\u00eamio. A terceira gera\u00e7\u00e3o obteve \u00eaxito na premia\u00e7\u00e3o de 1992 e nos \u00faltimos 38 anos todas as gera\u00e7\u00f5es do Golf terminaram ao menos no top 3 do Car of the Year.<\/p>\n<p>O novo Golf foi reconhecido pelo j\u00fari por seu equil\u00edbrio geral e por se destacar em termos de seguran\u00e7a, efici\u00eancia de combust\u00edvel, din\u00e2mica e conforto. Apesar de manter sua imagem tradicional, o Golf VII \u00e9 inteiramente novo sob a carroceria, com uma estrutura leve baseada na nova e flex\u00edvel plataforma MQB para ve\u00edculos de passageiros com motoriza\u00e7\u00f5es transversais do grupo VW. A cabine do Golf \u00e9 bonita e possui instrumenta\u00e7\u00e3o anal\u00f3gica cl\u00e1ssica, o carro tem bom espa\u00e7o interno e a qualidade dos materiais \u00e9 \u00f3tima.<\/p>\n<p><iframe loading=\"lazy\" width=\"560\" height=\"315\" src=\"http:\/\/www.youtube.com\/embed\/1qfhQF0KwaM\" frameborder=\"0\" allowfullscreen><\/iframe><\/p>\n<p>DADOS T\u00c9CNICOS<\/p>\n<p>&#8211; Corpo: hatchback 3\/5-portas<br \/>\n&#8211; Tamanho: 4,26 X 1,80 X 1,45 m. Dist\u00e2ncia entre eixos: 2,64 m.<br \/>\n&#8211; Transmiss\u00e3o: Frente \/ tra\u00e7\u00e3o integral. Manual \/ autom\u00e1tico<br \/>\n&#8211; Motores a gasolina: 1.2TSI (86 e 106 cv), 1.4TSI (123 e 141 cv)<br \/>\n&#8211; Os motores a diesel: 1.6TDi (106 cv), 2.0TDI (152 cv)<\/p>\n<p>O Car of the Year (Carro do Ano) \u00e9 um pr\u00eamio internacional, julgado por um grupo de experientes jornalistas automotivos ao redor da Europa. O seu objeto \u00e9 aclamar o carro novo mais not\u00e1vel que foi \u00e0 venda nos 12 meses anteriores \u00e0 data do t\u00edtulo.<\/p>\n<p>Dentre os diversos candidatos, oito foram nomeados para a disputa do Carro do Ano 2013. Foram eles:<\/p>\n<p>Ford B-Max<br \/>\nHyundai i30<br \/>\nMercedes A-Class<br \/>\nPeugeot 208<br \/>\nRenault Clio<br \/>\nToyota GT86\/Subaru BR-Z<br \/>\nVolkswagen Golf<br \/>\nVolvo V40<\/p>\n","protected":false},"excerpt":{"rendered":"<p>A s\u00e9tima gera\u00e7\u00e3o do Volkswagen Golf foi a grande vencedora do pr\u00eamio Car of the Year 2013. Foi uma vit\u00f3ria expressante da VW com 414 pontos, bem \u00e0 frente do Toyota GT86\/Subaru BR-Z com 202 pontos e do Volvo V40 com 189 pontos. O Golf \u00e9 um dos carros de maior sucesso em vendas no [&hellip;]<\/p>\n","protected":false},"author":1,"featured_media":21018,"comment_status":"open","ping_status":"open","sticky":false,"template":"","format":"standard","meta":{"footnotes":""},"categories":[1],"tags":[],"class_list":["post-21017","post","type-post","status-publish","format-standard","has-post-thumbnail","hentry","category-blog"],"_links":{"self":[{"href":"https:\/\/br.ultramotors.org\/seminovos\/wp-json\/wp\/v2\/posts\/21017","targetHints":{"allow":["GET"]}}],"collection":[{"href":"https:\/\/br.ultramotors.org\/seminovos\/wp-json\/wp\/v2\/posts"}],"about":[{"href":"https:\/\/br.ultramotors.org\/seminovos\/wp-json\/wp\/v2\/types\/post"}],"author":[{"embeddable":true,"href":"https:\/\/br.ultramotors.org\/seminovos\/wp-json\/wp\/v2\/users\/1"}],"replies":[{"embeddable":true,"href":"https:\/\/br.ultramotors.org\/seminovos\/wp-json\/wp\/v2\/comments?post=21017"}],"version-history":[{"count":0,"href":"https:\/\/br.ultramotors.org\/seminovos\/wp-json\/wp\/v2\/posts\/21017\/revisions"}],"wp:featuredmedia":[{"embeddable":true,"href":"https:\/\/br.ultramotors.org\/seminovos\/wp-json\/wp\/v2\/media\/21018"}],"wp:attachment":[{"href":"https:\/\/br.ultramotors.org\/seminovos\/wp-json\/wp\/v2\/media?parent=21017"}],"wp:term":[{"taxonomy":"category","embeddable":true,"href":"https:\/\/br.ultramotors.org\/seminovos\/wp-json\/wp\/v2\/categories?post=21017"},{"taxonomy":"post_tag","embeddable":true,"href":"https:\/\/br.ultramotors.org\/seminovos\/wp-json\/wp\/v2\/tags?post=21017"}],"curies":[{"name":"wp","href":"https:\/\/api.w.org\/{rel}","templated":true}]}}