{"id":20644,"date":"2013-03-02T02:03:27","date_gmt":"2013-03-02T05:03:27","guid":{"rendered":"http:\/\/www.ultramotors.com.br\/?p=20644"},"modified":"2015-01-09T05:37:03","modified_gmt":"2015-01-09T07:37:03","slug":"volkswagen-novo-fusca-2013","status":"publish","type":"post","link":"https:\/\/br.ultramotors.org\/seminovos\/blog\/volkswagen-novo-fusca-2013\/","title":{"rendered":"Saiba tudo sobre o Volkswagen Novo Fusca 2013"},"content":{"rendered":"<p><img loading=\"lazy\" decoding=\"async\" class=\"aligncenter size-full wp-image-20649 borderless\" title=\"VW Fusca 2013\" src=\"http:\/\/www.ultramotors.com.br\/wp-content\/uploads\/2013\/03\/VW-Fusca-2013.jpg\" alt=\"VW Fusca 2013\" width=\"900\" height=\"329\" srcset=\"https:\/\/br.ultramotors.org\/seminovos\/wp-content\/uploads\/2013\/03\/VW-Fusca-2013.jpg 900w, https:\/\/br.ultramotors.org\/seminovos\/wp-content\/uploads\/2013\/03\/VW-Fusca-2013-50x18.jpg 50w, https:\/\/br.ultramotors.org\/seminovos\/wp-content\/uploads\/2013\/03\/VW-Fusca-2013-200x73.jpg 200w, https:\/\/br.ultramotors.org\/seminovos\/wp-content\/uploads\/2013\/03\/VW-Fusca-2013-500x182.jpg 500w, https:\/\/br.ultramotors.org\/seminovos\/wp-content\/uploads\/2013\/03\/VW-Fusca-2013-100x36.jpg 100w, https:\/\/br.ultramotors.org\/seminovos\/wp-content\/uploads\/2013\/03\/VW-Fusca-2013-150x54.jpg 150w\" sizes=\"auto, (max-width: 900px) 100vw, 900px\" \/><\/p>\n<p>[gn_column size=&#8221;2-3&#8243; last=&#8221;0&#8243; style=&#8221;0&#8243;]O Fusca, primeiro modelo de autom\u00f3vel fabricado pela companhia alem\u00e3 Volkswagen, que j\u00e1 foi o carro mais vendido do mundo e que fez muito sucesso no Brasil, at\u00e9 ter sido &#8216;aposentado&#8217; em 1996, &#8216;volta&#8217; a ser vendido por aqui. Dessa vez com motor 2.0 TSI de 200 cavalos, design moderno e repleto de acess\u00f3rios.\u00a0<em>O novo carro tem 1.808 mm de largura (mais 84 mm), 1.486 mm de altura (12 mm menor) e 4.278 mm de comprimento (mais 152 mm).<\/em> S\u00e3o propor\u00e7\u00f5es totalmente novas. O aumento no comprimento permitiu que o teto fosse mais estendido, o para-brisa fosse deslocado para tr\u00e1s e a se\u00e7\u00e3o dianteira pudesse seguir o contorno do Fusca original.<\/p>\n<p>Na verdade o novo Fusca 2013 \u00e9 nada mais nada menos que a <a href=\"http:\/\/www.ultramotors.com.br\/volkswagen-apresenta-o-beetle-2012-novo-fusca\/\" rel=\"nofollow noopener\" target=\"_blank\">nova gera\u00e7\u00e3o do Beetle<\/a>, que chegou ao Brasil em novembro do ano passado recebendo o nome de Fusca.\u00a0Como mencionamos no <a href=\"http:\/\/www.ultramotors.com.br\/novo-fusca-chegara-ao-brasil-em-novembro-de-2012-e-deve-custar-80-mil\/\" rel=\"nofollow noopener\" target=\"_blank\">post<\/a> sobre a chegada do Novo Fusca o modelo \u00e9 importado do M\u00e9xico e \u00e9 considerado o Fusca mais potente j\u00e1 produzido.[\/gn_column][gn_column size=&#8221;1-3&#8243; last=&#8221;1&#8243; style=&#8221;0&#8243;][styleblue]<strong>Vers\u00f5es e Pre\u00e7o<\/strong><\/p>\n<p>2.0 TSI \/ Manual &#8211; <strong>R$ 76.600<\/strong><br \/>\n2.0 TSI \/ Autom\u00e1tico &#8211; <strong>R$ 80.990<\/strong>[\/styleblue]<\/p>\n<p><strong>T\u00f3picos abordados:<\/strong><\/p>\n<ol>\n<li>Imagens \/ Itens de s\u00e9rie e opcionais<\/li>\n<li><a href=\"#destaques\">Destaques<\/a><\/li>\n<li><a href=\"#videos\">V\u00eddeos<\/a><\/li>\n<li><a href=\"#comments\">Comente sobre o novo Fusca<\/a>[\/gn_column]<\/li>\n<\/ol>\n<h2><span style=\"color: #333333;\">Imagens \/ Itens de s\u00e9rie e opcionais<\/span><\/h2>\n<p>[gn_column size=&#8221;2-3&#8243; last=&#8221;0&#8243; style=&#8221;0&#8243;][alertgray]<strong>Motor \/ Transmiss\u00e3o \/ Suspens\u00e3o<\/strong><\/p>\n<ul>\n<li>2.0 l TSI \u2013 200 cv<\/li>\n<li>Transmiss\u00e3o DSG de dupla embreagem com 6 marchas (opcional) ou\u00a0transmiss\u00e3o manual de 6 marchas<\/li>\n<li>Dire\u00e7\u00e3o Servotronic<\/li>\n<\/ul>\n<p>[\/alertgray]<br \/>\n[alertgray]<strong>Exterior<\/strong><\/p>\n<ul>\n<li>2 Portas \/ 4 Lugares<\/li>\n<li>Logo \u201cFusca\u201d na tampa traseira<\/li>\n<li>Capas dos retrovisores externos pintadas em preto<\/li>\n<li>Friso lateral em preto com inserto cromado<\/li>\n<li>Espelhos retrovisores externos el\u00e9tricos \/ aquec\u00edveis<\/li>\n<li>Rodas 17\u201d \u2013 Design \u201cSpin\u201d com pneus 215\/55 R17<\/li>\n<li>Spoiler traseiro na cor do ve\u00edculo com a parte superior pintada em preto<\/li>\n<li>Ponteira de escape dupla cromada<\/li>\n<li>Luz de seta integrada nos retrovisores<\/li>\n<\/ul>\n<p>[\/alertgray]<br \/>\n[alertgray]<strong>Interior<\/strong><\/p>\n<ul>\n<li>Ar-condicionado<\/li>\n<li>Banco do motorista e passageiro com regulagem manual de altura<\/li>\n<li>Bluetooth<\/li>\n<li>Coluna de dire\u00e7\u00e3o com ajuste de altura e profundidade<\/li>\n<li>Computador de bordo<\/li>\n<li>Descan\u00e7a bra\u00e7o central dianteiro<\/li>\n<li>Entrada auxiliar (Aux-In)<\/li>\n<li>Easy entry \u2013 sistema de acesso ao banco traseiro<\/li>\n<li>Instrumentos adicionais sobre o painel (temperatura do \u00f3leo, rel\u00f3gio com<\/li>\n<li>cron\u00f4metro e press\u00e3o do turbo)<\/li>\n<li>R\u00e1dio RCD510 com tela Touchscreen e CD changer integrado e 8 alto-falantes<\/li>\n<li>Bancos revestidos em Native<\/li>\n<li>Revestimento interno do teto em tecido Preto-Tit\u00e2nio (exceto com interior<\/li>\n<li>Bege)<\/li>\n<li>Luz ambiente nas portas program\u00e1vel em 3 tonalidades<\/li>\n<li>Vidros dianteiros com acionamento el\u00e9trico<\/li>\n<li>Volante revestido em couro<\/li>\n<li>Controlador autom\u00e1tico de velocidade de cruzeiro<\/li>\n<li>Pedaleira com apar\u00eancia de alum\u00ednio<\/li>\n<\/ul>\n<p>[\/alertgray]<br \/>\n[alertgray]<strong>Seguran\u00e7a<\/strong><\/p>\n<ul>\n<li>ABS \/ ASR \/ ESC \/ XDS<\/li>\n<li>Airbag duplo frontal (com desativa\u00e7\u00e3o no lado do passageiro)<\/li>\n<li>Airbags laterais para banco do motorista e passageiro dianteiroP\u00e1gina 3 de 3<\/li>\n<li>Far\u00f3is de neblina e lanterna traseira de neblina<\/li>\n<li>Sensores de estacionamento dianteiro e traseiro<\/li>\n<li>Sistema de alarme anti-furto<\/li>\n<li>Travamento central com controle remoto<\/li>\n<li>Assistente de subida<\/li>\n<\/ul>\n<p>[\/alertgray]<br \/>\n[alertgray]<strong>Opcionais<\/strong><\/p>\n<ul>\n<li>Volante multifuncional em couro (para transmiss\u00e3o manual)<\/li>\n<li>Volante multifuncional em couro com Shift Paddles (para transmiss\u00e3o DSG)<\/li>\n<li>Ar-condicionado digital Climatronic, com duas zonas de resfriamento<\/li>\n<li>Retrovisor interno eletrocr\u00f4mico<\/li>\n<li>Sensor de chuva<\/li>\n<li>Teto solar panor\u00e2mico el\u00e9trico<\/li>\n<li>Sistema de som premium \u201cFender\u201d com 10 canais, 400 w e cabo USB<\/li>\n<li>R\u00e1dio RNS315 com sistema de navega\u00e7\u00e3o integrado ao painel<\/li>\n<li>Rodas de liga-leve 18\u201d modelo \u201cTwister\u201d \u2013 Pneus 235\/45 R18<\/li>\n<li>Bancos de couro Vienna \/ Bancos dianteiros esportivos<\/li>\n<li>Far\u00f3is bi-xen\u00f4nio com luz diurna em LEDs<\/li>\n<li>Kessy \u2013 Sistema de abertura, travamento e igni\u00e7\u00e3o sem chave<\/li>\n<\/ul>\n<p>[\/alertgray][\/gn_column]<\/p>\n<p>[gn_column size=&#8221;1-3&#8243; last=&#8221;1&#8243; style=&#8221;0&#8243;]<\/p>\n<div id=\"attachment_20648\" style=\"width: 266px\" class=\"wp-caption aligncenter\"><a href=\"http:\/\/www.ultramotors.com.br\/volkswagen-novo-fusca-2013\/novo-fusca-2013-frente\/\" rel=\"attachment wp-att-20648 nofollow noopener\" target=\"_blank\"><img loading=\"lazy\" decoding=\"async\" aria-describedby=\"caption-attachment-20648\" class=\" wp-image-20648 borderless\" title=\"Novo Fusca 2013 \" src=\"http:\/\/www.ultramotors.com.br\/wp-content\/uploads\/2013\/03\/Novo-Fusca-2013-Frente.png\" alt=\"Novo Fusca 2013 Frente\" width=\"256\" height=\"171\" srcset=\"https:\/\/br.ultramotors.org\/seminovos\/wp-content\/uploads\/2013\/03\/Novo-Fusca-2013-Frente.png 610w, https:\/\/br.ultramotors.org\/seminovos\/wp-content\/uploads\/2013\/03\/Novo-Fusca-2013-Frente-50x33.png 50w, https:\/\/br.ultramotors.org\/seminovos\/wp-content\/uploads\/2013\/03\/Novo-Fusca-2013-Frente-200x133.png 200w, https:\/\/br.ultramotors.org\/seminovos\/wp-content\/uploads\/2013\/03\/Novo-Fusca-2013-Frente-500x332.png 500w, https:\/\/br.ultramotors.org\/seminovos\/wp-content\/uploads\/2013\/03\/Novo-Fusca-2013-Frente-100x66.png 100w, https:\/\/br.ultramotors.org\/seminovos\/wp-content\/uploads\/2013\/03\/Novo-Fusca-2013-Frente-150x99.png 150w\" sizes=\"auto, (max-width: 256px) 100vw, 256px\" \/><\/a><p id=\"caption-attachment-20648\" class=\"wp-caption-text\">Imagem: Imprensa VW<\/p><\/div>\n<div id=\"attachment_20647\" style=\"width: 266px\" class=\"wp-caption aligncenter\"><a href=\"http:\/\/www.ultramotors.com.br\/volkswagen-novo-fusca-2013\/novo-fusca-2013-traseira-e-lateral\/\" rel=\"attachment wp-att-20647 nofollow noopener\" target=\"_blank\"><img loading=\"lazy\" decoding=\"async\" aria-describedby=\"caption-attachment-20647\" class=\" wp-image-20647 borderless \" title=\"Novo Fusca 2013\" src=\"http:\/\/www.ultramotors.com.br\/wp-content\/uploads\/2013\/03\/Novo-Fusca-2013-Traseira-e-Lateral.png\" alt=\"Novo Fusca 2013 Traseira e Lateral\" width=\"256\" height=\"158\" srcset=\"https:\/\/br.ultramotors.org\/seminovos\/wp-content\/uploads\/2013\/03\/Novo-Fusca-2013-Traseira-e-Lateral.png 610w, https:\/\/br.ultramotors.org\/seminovos\/wp-content\/uploads\/2013\/03\/Novo-Fusca-2013-Traseira-e-Lateral-50x30.png 50w, https:\/\/br.ultramotors.org\/seminovos\/wp-content\/uploads\/2013\/03\/Novo-Fusca-2013-Traseira-e-Lateral-200x122.png 200w, https:\/\/br.ultramotors.org\/seminovos\/wp-content\/uploads\/2013\/03\/Novo-Fusca-2013-Traseira-e-Lateral-500x307.png 500w, https:\/\/br.ultramotors.org\/seminovos\/wp-content\/uploads\/2013\/03\/Novo-Fusca-2013-Traseira-e-Lateral-100x61.png 100w, https:\/\/br.ultramotors.org\/seminovos\/wp-content\/uploads\/2013\/03\/Novo-Fusca-2013-Traseira-e-Lateral-150x92.png 150w\" sizes=\"auto, (max-width: 256px) 100vw, 256px\" \/><\/a><p id=\"caption-attachment-20647\" class=\"wp-caption-text\">Imagem: Imprensa VW<\/p><\/div>\n<div id=\"attachment_20645\" style=\"width: 266px\" class=\"wp-caption aligncenter\"><a href=\"http:\/\/www.ultramotors.com.br\/volkswagen-novo-fusca-2013\/novo-fusca-2013-lateral\/\" rel=\"attachment wp-att-20645 nofollow noopener\" target=\"_blank\"><img loading=\"lazy\" decoding=\"async\" aria-describedby=\"caption-attachment-20645\" class=\" wp-image-20645 borderless \" title=\"Novo Fusca 2013\" src=\"http:\/\/www.ultramotors.com.br\/wp-content\/uploads\/2013\/03\/Novo-Fusca-2013-Lateral.png\" alt=\"Novo Fusca 2013 Lateral\" width=\"256\" height=\"158\" srcset=\"https:\/\/br.ultramotors.org\/seminovos\/wp-content\/uploads\/2013\/03\/Novo-Fusca-2013-Lateral.png 610w, https:\/\/br.ultramotors.org\/seminovos\/wp-content\/uploads\/2013\/03\/Novo-Fusca-2013-Lateral-50x30.png 50w, https:\/\/br.ultramotors.org\/seminovos\/wp-content\/uploads\/2013\/03\/Novo-Fusca-2013-Lateral-200x122.png 200w, https:\/\/br.ultramotors.org\/seminovos\/wp-content\/uploads\/2013\/03\/Novo-Fusca-2013-Lateral-500x307.png 500w, https:\/\/br.ultramotors.org\/seminovos\/wp-content\/uploads\/2013\/03\/Novo-Fusca-2013-Lateral-100x61.png 100w, https:\/\/br.ultramotors.org\/seminovos\/wp-content\/uploads\/2013\/03\/Novo-Fusca-2013-Lateral-150x92.png 150w\" sizes=\"auto, (max-width: 256px) 100vw, 256px\" \/><\/a><p id=\"caption-attachment-20645\" class=\"wp-caption-text\">Imagem: Imprensa VW<\/p><\/div>\n<div id=\"attachment_20646\" style=\"width: 266px\" class=\"wp-caption aligncenter\"><a href=\"http:\/\/www.ultramotors.com.br\/volkswagen-novo-fusca-2013\/novo-fusca-2013-interior\/\" rel=\"attachment wp-att-20646 nofollow noopener\" target=\"_blank\"><img loading=\"lazy\" decoding=\"async\" aria-describedby=\"caption-attachment-20646\" class=\" wp-image-20646 borderless \" title=\"Novo Fusca 2013\" src=\"http:\/\/www.ultramotors.com.br\/wp-content\/uploads\/2013\/03\/Novo-Fusca-2013-Interior.png\" alt=\"Novo Fusca 2013 Interior\" width=\"256\" height=\"171\" srcset=\"https:\/\/br.ultramotors.org\/seminovos\/wp-content\/uploads\/2013\/03\/Novo-Fusca-2013-Interior.png 610w, https:\/\/br.ultramotors.org\/seminovos\/wp-content\/uploads\/2013\/03\/Novo-Fusca-2013-Interior-50x33.png 50w, https:\/\/br.ultramotors.org\/seminovos\/wp-content\/uploads\/2013\/03\/Novo-Fusca-2013-Interior-200x133.png 200w, https:\/\/br.ultramotors.org\/seminovos\/wp-content\/uploads\/2013\/03\/Novo-Fusca-2013-Interior-500x332.png 500w, https:\/\/br.ultramotors.org\/seminovos\/wp-content\/uploads\/2013\/03\/Novo-Fusca-2013-Interior-100x66.png 100w, https:\/\/br.ultramotors.org\/seminovos\/wp-content\/uploads\/2013\/03\/Novo-Fusca-2013-Interior-150x99.png 150w\" sizes=\"auto, (max-width: 256px) 100vw, 256px\" \/><\/a><p id=\"caption-attachment-20646\" class=\"wp-caption-text\">Imagem: Imprensa VW<\/p><\/div>\n<div id=\"attachment_20650\" style=\"width: 266px\" class=\"wp-caption aligncenter\"><a href=\"http:\/\/www.ultramotors.com.br\/volkswagen-novo-fusca-2013\/novo-fusca-2013-painel\/\" rel=\"attachment wp-att-20650 nofollow noopener\" target=\"_blank\"><img loading=\"lazy\" decoding=\"async\" aria-describedby=\"caption-attachment-20650\" class=\" wp-image-20650 borderless \" title=\"Novo Fusca 2013\" src=\"http:\/\/www.ultramotors.com.br\/wp-content\/uploads\/2013\/03\/Novo-Fusca-2013-Painel.png\" alt=\"Novo Fusca 2013 Painel\" width=\"256\" height=\"171\" srcset=\"https:\/\/br.ultramotors.org\/seminovos\/wp-content\/uploads\/2013\/03\/Novo-Fusca-2013-Painel.png 610w, https:\/\/br.ultramotors.org\/seminovos\/wp-content\/uploads\/2013\/03\/Novo-Fusca-2013-Painel-50x33.png 50w, https:\/\/br.ultramotors.org\/seminovos\/wp-content\/uploads\/2013\/03\/Novo-Fusca-2013-Painel-200x133.png 200w, https:\/\/br.ultramotors.org\/seminovos\/wp-content\/uploads\/2013\/03\/Novo-Fusca-2013-Painel-500x332.png 500w, https:\/\/br.ultramotors.org\/seminovos\/wp-content\/uploads\/2013\/03\/Novo-Fusca-2013-Painel-100x66.png 100w, https:\/\/br.ultramotors.org\/seminovos\/wp-content\/uploads\/2013\/03\/Novo-Fusca-2013-Painel-150x99.png 150w\" sizes=\"auto, (max-width: 256px) 100vw, 256px\" \/><\/a><p id=\"caption-attachment-20650\" class=\"wp-caption-text\">Imagem: Imprensa VW<\/p><\/div>\n<div id=\"attachment_20651\" style=\"width: 266px\" class=\"wp-caption aligncenter\"><a href=\"http:\/\/www.ultramotors.com.br\/volkswagen-novo-fusca-2013\/novo-fusca-2013-lateral-porto\/\" rel=\"attachment wp-att-20651 nofollow noopener\" target=\"_blank\"><img loading=\"lazy\" decoding=\"async\" aria-describedby=\"caption-attachment-20651\" class=\" wp-image-20651 borderless\" title=\"Novo Fusca 2013\" src=\"http:\/\/www.ultramotors.com.br\/wp-content\/uploads\/2013\/03\/Novo-Fusca-2013-Lateral-porto.png\" alt=\"Novo Fusca 2013 Lateral - porto\" width=\"256\" height=\"194\" srcset=\"https:\/\/br.ultramotors.org\/seminovos\/wp-content\/uploads\/2013\/03\/Novo-Fusca-2013-Lateral-porto.png 610w, https:\/\/br.ultramotors.org\/seminovos\/wp-content\/uploads\/2013\/03\/Novo-Fusca-2013-Lateral-porto-50x37.png 50w, https:\/\/br.ultramotors.org\/seminovos\/wp-content\/uploads\/2013\/03\/Novo-Fusca-2013-Lateral-porto-198x150.png 198w, https:\/\/br.ultramotors.org\/seminovos\/wp-content\/uploads\/2013\/03\/Novo-Fusca-2013-Lateral-porto-500x377.png 500w, https:\/\/br.ultramotors.org\/seminovos\/wp-content\/uploads\/2013\/03\/Novo-Fusca-2013-Lateral-porto-100x75.png 100w, https:\/\/br.ultramotors.org\/seminovos\/wp-content\/uploads\/2013\/03\/Novo-Fusca-2013-Lateral-porto-150x113.png 150w\" sizes=\"auto, (max-width: 256px) 100vw, 256px\" \/><\/a><p id=\"caption-attachment-20651\" class=\"wp-caption-text\">Imagem: Imprensa VW<\/p><\/div>\n<p>[\/gn_column]<\/p>\n<p>[gn_column size=&#8221;2-3&#8243; last=&#8221;0&#8243; style=&#8221;0&#8243;]<\/p>\n<h3>Destaques do Release fornecido pela VW<\/h3>\n<p><a name=\"destaques\"><\/a><\/p>\n<p><strong>O novo carro tem 1.808 mm de largura (mais 84 mm), 1.486 mm de altura (12 mm menor) e 4.278 mm de comprimento (mais 152 mm).<\/strong> S\u00e3o propor\u00e7\u00f5es totalmente novas. O aumento no comprimento permitiu que o teto fosse mais estendido, o para-brisa fosse deslocado para tr\u00e1s e a se\u00e7\u00e3o dianteira pudesse seguir o contorno do Fusca original. O novo ponto chave \u00e9 a coluna C. Paralelamente, a equipe de desenvolvimento aumentou as bitolas e a dist\u00e2ncia entre-eixos do carro. Tudo isso d\u00e1 ao novo Fusca uma apar\u00eancia de for\u00e7a e tens\u00e3o muscular.<\/p>\n<p><strong>Far\u00f3is bi-xen\u00f4nio opcionais est\u00e3o dispon\u00edveis pela primeira vez.<\/strong> L\u00e2mpadas de descarga sem merc\u00fario com 25 Watts foram usadas no m\u00f3dulo projetor. A op\u00e7\u00e3o por far\u00f3is bi-xen\u00f4nio inclui luzes diurnas, cada uma com 15 LEDs posicionados ao longo da borda externa do farol.<\/p>\n<p><strong>No Fusca as rodas de liga-leve &#8220;Spin&#8221; t\u00eam 17 polegadas e cinco raios diferenciados.<\/strong> Esta roda \u00e9 exclusiva do Fusca, que ainda pode ser equipado com as rodas \u201cTwister\u201d \u2013 tamb\u00e9m com cinco raios, mas com a parte interna de alum\u00ednio claro e a externa em preto fosco. <strong>H\u00e1, ainda, a op\u00e7\u00e3o de equipar o modelo com rodas de liga-leve 18\u201d.<\/strong><\/p>\n<p>As cores s\u00f3lidas s\u00e3o &#8220;Branco Cristal&#8221;, \u201cPreto Ninja\u201d, &#8220;Amarelo Saturno&#8221;, &#8220;Vermelho Tornado&#8221; e &#8220;Azul Denim&#8221;. As cores met\u00e1licas s\u00e3o &#8220;Azul Reef&#8221;, &#8220;Marrom Toffee&#8221;, &#8220;Cinza Platinum&#8221;, &#8220;Prata Sargas&#8221; e &#8220;Prata Moon Rock&#8221;. E ainda h\u00e1 uma cor perolizada: &#8220;Preto Mystic&#8221;.<\/p>\n<p><strong>Na frente, o Fusca \u00e9 um pouco mais baixo, pois o teto arredondado de seu antecessor foi eliminado.<\/strong> Ele agora tem 1.044 mm de altura interna (com o teto solar, 1.049), no lugar dos anteriores 1.082 mm. Enquanto isso, no banco traseiro, o teto mais longo resulta numa sensa\u00e7\u00e3o de conforto ainda melhor do que a do New Beetle. A dist\u00e2ncia at\u00e9 o teto, atr\u00e1s, com ou sem o teto panor\u00e2mico, \u00e9 10 mm maior do que a do modelo anterior. O espa\u00e7o para as pernas tamb\u00e9m cresceu na traseira, agora \u00e9 de 831 mm. O Fusca tamb\u00e9m cresceu muito na largura interna (dianteira: 1.459 mm \/ traseira: 1.308 mm).<\/p>\n<p><strong>Por dentro, o Fusca oferece o painel dianteiro com apar\u00eancia de fibra de carbono,<\/strong> ilumina\u00e7\u00e3o ambiente, assentos dianteiros esportivos com apoio lombar, volante de tr\u00eas raios com acabamento de couro, alavancas do freio de m\u00e3o e do c\u00e2mbio com acabamento de couro, soleiras das portas e pedaleiras com acabamento de alum\u00ednio, moldura cromada nos controles do ar-condicionado, pain\u00e9is das portas pintados de preto e tapetes de carpete. Tamb\u00e9m s\u00e3o de s\u00e9rie os far\u00f3is de neblina com luzes de curva est\u00e1ticas. Os instrumentos auxiliares, temperatura de \u00f3leo, rel\u00f3gio com cron\u00f4metro e medidor de press\u00e3o do turbo, ficam sobre o sistema de \u00e1udio e navega\u00e7\u00e3o.<\/p>\n<p>O New Beetle s\u00f3 dispunha de sistemas de som especialmente desenhados para ele. E n\u00e3o havia op\u00e7\u00e3o de sistema de navega\u00e7\u00e3o.<strong> O Fusca conta com o sistema de \u00e1udio RCD 510<\/strong>, com acumulador de CDs, interface para cart\u00e3o SD e tela sens\u00edvel ao toque e, opcionalmente, pode receber o sistema de r\u00e1dio RNS 315 com navega\u00e7\u00e3o integrada.\u00a0<strong>Um sistema de som Fender opcional \u00e9 oferecido para o Fusca.<\/strong><\/p>\n<p><strong>O porta-malas agora tem maior capacidade, 310 litros, contra 214 do New Beetle.<\/strong> Quando o banco traseiro \u00e9 rebatido, a capacidade de carga cresce at\u00e9 905 litros e o acesso \u00e9 facilitado pela ampla tampa traseira. As bitolas e a largura interna do porta-malas tamb\u00e9m aumentaram. A largura dispon\u00edvel \u00e9 de 960 mm. O comprimento do compartimento \u00e9 de 737 mm com o banco traseiro na posi\u00e7\u00e3o normal, chegando a 1.493 mm com o rebatimento. Isso indica que nada a bordo do Fusca o impede de enfrentar longas viagens. Ali\u00e1s, pr\u00e1ticos ganchos nas laterais do porta-malas ajudam a levar pequenos e grandes objetos.<\/p>\n<p><strong>A Volkswagen est\u00e1 implementando o 2.0 TSI no Fusca no mundo inteiro.<\/strong> Este motor desfruta de status de cult, pois oferece um desempenho extremamente esportivo e \u00e9 altamente eficiente. O TSI oferece sua pot\u00eancia m\u00e1xima a partir de 5.100 rpm. O torque m\u00e1ximo, 280 Nm, \u00e9 atingido j\u00e1 a partir de 1.700 rpm. Com transmiss\u00e3o DSG de dupla embreagem, o Fusca 2.0 TSI tem velocidade m\u00e1xima de 2 km\/h (controlada eletronicamente) e acelera de 0 a 100 km\/h em 7,5 segundos.<\/p>\n<p><strong>O Fusca \u00e9 equipado com suspens\u00e3o dianteira tipo MacPherson com molas helicoidais e amortecedores telesc\u00f3picos.<\/strong> Na traseira, uma nova suspens\u00e3o mais leve foi desenvolvida para contribuir com o excepcional comportamento din\u00e2mico do carro. O Fusca 2.0 TSI \u00e9 oferecido globalmente com uma suspens\u00e3o traseira tipo four-link, capaz de lidar com as altas cargas din\u00e2micas do motor topo de linha. Al\u00e9m disso, as for\u00e7as transversais s\u00e3o administradas por uma barra antirrolamento. O equipamento tamb\u00e9m proporciona excelente estabilidade com o carro completamente carregado.<\/p>\n<p>Para garantir que a vers\u00e3o mais potente do Fusca passe sua for\u00e7a para o solo de forma adequada em curvas fechadas,<strong> o modelo vem de s\u00e9rie com o bloqueio eletr\u00f4nico do diferencial XDS<\/strong>, que \u00e9 uma extens\u00e3o do conhecido sistema EDS. O XDS melhora a dirigibilidade em curvas r\u00e1pidas e faz o carro comportar-se de forma mais segura. Para isso, utiliza os freios seletivamente para evitar que a roda interna na curva deslize em falso, aumentando tamb\u00e9m a tra\u00e7\u00e3o.[\/gn_column]<\/p>\n<p>[gn_column size=&#8221;1-3&#8243; last=&#8221;1&#8243; style=&#8221;0&#8243;]<\/p>\n<h3>V\u00eddeo Release e comerciais do Fusca fornecidos pela VW<\/h3>\n<p><a name=\"videos\"><\/a><\/p>\n<p><iframe loading=\"lazy\" src=\"http:\/\/www.youtube.com\/embed\/iIf32cQk0Lc\" width=\"270\" height=\"171\" frameborder=\"0\" allowfullscreen=\"allowfullscreen\"><\/iframe><\/p>\n<p><iframe loading=\"lazy\" src=\"http:\/\/www.youtube.com\/embed\/e_fX8QrLxsU\" width=\"270\" height=\"171\" frameborder=\"0\" allowfullscreen=\"allowfullscreen\"><\/iframe><\/p>\n<p><iframe loading=\"lazy\" src=\"http:\/\/www.youtube.com\/embed\/InnouDfS9YE\" width=\"270\" height=\"171\" frameborder=\"0\" allowfullscreen=\"allowfullscreen\"><\/iframe><\/p>\n<p><iframe loading=\"lazy\" src=\"http:\/\/www.youtube.com\/embed\/RyaPNir29ik\" width=\"270\" height=\"171\" frameborder=\"0\" allowfullscreen=\"allowfullscreen\"><\/iframe>[\/gn_column]<\/p>\n","protected":false},"excerpt":{"rendered":"<p>O Fusca, primeiro modelo de autom\u00f3vel fabricado pela companhia alem\u00e3 Volkswagen, que j\u00e1 foi o carro mais vendido do mundo e que fez muito sucesso no Brasil, at\u00e9 se \u2018aposentar\u2019 em 1996, \u2018volta\u2019 a ser vendido por aqui. Dessa vez com motor 2.0 TSI de 200 cavalos, design moderno e repleto de acess\u00f3rios. O novo carro tem 1.808 mm de largura (mais 84 mm), 1.486 mm de altura (12 mm menor) e 4.278 mm de comprimento (mais 152 mm). S\u00e3o propor\u00e7\u00f5es totalmente novas. O aumento no comprimento permitiu que o teto fosse mais estendido, o para-brisa fosse deslocado para tr\u00e1s e a se\u00e7\u00e3o dianteira pudesse seguir o contorno do Fusca original.<\/p>\n","protected":false},"author":1,"featured_media":20654,"comment_status":"open","ping_status":"open","sticky":false,"template":"","format":"standard","meta":{"footnotes":""},"categories":[1],"tags":[],"class_list":["post-20644","post","type-post","status-publish","format-standard","has-post-thumbnail","hentry","category-blog"],"_links":{"self":[{"href":"https:\/\/br.ultramotors.org\/seminovos\/wp-json\/wp\/v2\/posts\/20644","targetHints":{"allow":["GET"]}}],"collection":[{"href":"https:\/\/br.ultramotors.org\/seminovos\/wp-json\/wp\/v2\/posts"}],"about":[{"href":"https:\/\/br.ultramotors.org\/seminovos\/wp-json\/wp\/v2\/types\/post"}],"author":[{"embeddable":true,"href":"https:\/\/br.ultramotors.org\/seminovos\/wp-json\/wp\/v2\/users\/1"}],"replies":[{"embeddable":true,"href":"https:\/\/br.ultramotors.org\/seminovos\/wp-json\/wp\/v2\/comments?post=20644"}],"version-history":[{"count":0,"href":"https:\/\/br.ultramotors.org\/seminovos\/wp-json\/wp\/v2\/posts\/20644\/revisions"}],"wp:featuredmedia":[{"embeddable":true,"href":"https:\/\/br.ultramotors.org\/seminovos\/wp-json\/wp\/v2\/media\/20654"}],"wp:attachment":[{"href":"https:\/\/br.ultramotors.org\/seminovos\/wp-json\/wp\/v2\/media?parent=20644"}],"wp:term":[{"taxonomy":"category","embeddable":true,"href":"https:\/\/br.ultramotors.org\/seminovos\/wp-json\/wp\/v2\/categories?post=20644"},{"taxonomy":"post_tag","embeddable":true,"href":"https:\/\/br.ultramotors.org\/seminovos\/wp-json\/wp\/v2\/tags?post=20644"}],"curies":[{"name":"wp","href":"https:\/\/api.w.org\/{rel}","templated":true}]}}