{"id":20632,"date":"2013-03-01T20:12:37","date_gmt":"2013-03-01T23:12:37","guid":{"rendered":"http:\/\/www.ultramotors.com.br\/?p=20632"},"modified":"2013-03-01T23:43:19","modified_gmt":"2013-03-02T02:43:19","slug":"mercedes-apresenta-o-poderoso-g63-amg-6x6-ao-publico","status":"publish","type":"post","link":"https:\/\/br.ultramotors.org\/seminovos\/blog\/mercedes-apresenta-o-poderoso-g63-amg-6x6-ao-publico\/","title":{"rendered":"Mercedes apresenta o poderoso G63 AMG 6&#215;6"},"content":{"rendered":"<p>Caso o G63 AMG da <a href=\"http:\/\/www.ultramotors.com.br\/tag\/mercedes-benz\/\" rel=\"nofollow noopener\" target=\"_blank\">Mercedes-Benz<\/a> regular n\u00e3o seja grandioso o bastante para alguns, a companhia alem\u00e3 estar\u00e1 oferecendo em breve uma vers\u00e3o de 6 rodas.<\/p>\n<p>O ve\u00edculo \u00e9 produzido ao lado da linha regular Classe G em Magna Steyr&#8217;s, Graz, na \u00c1ustria, e foi desenvolvido originariamente para as for\u00e7as militares australianas em 2011. A Mercedes constatou\u00a0que havia interesse suficiente no ve\u00edculo para garantir que uma vers\u00e3o civil fosse desenvolvida e ent\u00e3o resolveu produzi-la.<\/p>\n<p>Segundo a Autoweek, o respons\u00e1vel pelo desenvolvimento da linha Classe G da Mercedes-Bens, Axel Harries, disse que o G63 6&#215;6\u00a0provavelmente ser\u00e1 o segundo modelo mais caro da Mercedes-Benz, atr\u00e1s apenas do SLS El\u00e9trico que custa\u00a0$457.000.<\/p>\n<p><iframe loading=\"lazy\" src=\"http:\/\/www.youtube.com\/embed\/hEA02kfdh8o\" height=\"315\" width=\"560\" allowfullscreen=\"\" frameborder=\"0\"><\/iframe><\/p>\n<p>Enquanto que na sua vers\u00e3o militar o ve\u00edculo contava com o motor G320, na vers\u00e3o civil a Mercedes decidiu usar o G63, um motor mais potente, V8, 5.5 litros bi-turbo, que gera 551 cavalos e 560 lb\u00b7ft em conjunto com a transmiss\u00e3o autom\u00e1tica de 7 marchas.<\/p>\n<p>O G63 AMG 6&#215;6 vai precisar de grande parte da for\u00e7a de seu motor j\u00e1 que o ve\u00edculo pesa cerca de 3.774 Kg. Al\u00e9m disso ele mede 5.8 metros de comprimento, o que significa que os donos poder\u00e3o ter problemas na hora de estacionar em vagas de tamanho regular. A distancia do ve\u00edculo para o solo \u00e9 de is 45.9 cent\u00edmetros, 24.8 cent\u00edmetros mais alto que a vers\u00e3o regular do G63 AMG.<\/p>\n<p>O G63 AMG 6&#215;6 estar\u00e1 \u00e0 venda em outubro. A Mercedes estima vender entre 20 a 30 unidades por ano.<\/p>\n","protected":false},"excerpt":{"rendered":"<p>Caso o G63 AMG da Mercedes-Benz regular n\u00e3o seja grandioso o bastante para alguns, a companhia alem\u00e3 estar\u00e1 oferecendo em breve uma vers\u00e3o de 6 rodas. O ve\u00edculo \u00e9 produzido ao lado da linha regular Classe G em Magna Steyr&#8217;s, Graz, na \u00c1ustria, e foi desenvolvido originariamente para as for\u00e7as militares australianas em 2011. A [&hellip;]<\/p>\n","protected":false},"author":984,"featured_media":20633,"comment_status":"open","ping_status":"open","sticky":false,"template":"","format":"standard","meta":{"footnotes":""},"categories":[1],"tags":[],"class_list":["post-20632","post","type-post","status-publish","format-standard","has-post-thumbnail","hentry","category-blog"],"_links":{"self":[{"href":"https:\/\/br.ultramotors.org\/seminovos\/wp-json\/wp\/v2\/posts\/20632","targetHints":{"allow":["GET"]}}],"collection":[{"href":"https:\/\/br.ultramotors.org\/seminovos\/wp-json\/wp\/v2\/posts"}],"about":[{"href":"https:\/\/br.ultramotors.org\/seminovos\/wp-json\/wp\/v2\/types\/post"}],"author":[{"embeddable":true,"href":"https:\/\/br.ultramotors.org\/seminovos\/wp-json\/wp\/v2\/users\/984"}],"replies":[{"embeddable":true,"href":"https:\/\/br.ultramotors.org\/seminovos\/wp-json\/wp\/v2\/comments?post=20632"}],"version-history":[{"count":0,"href":"https:\/\/br.ultramotors.org\/seminovos\/wp-json\/wp\/v2\/posts\/20632\/revisions"}],"wp:featuredmedia":[{"embeddable":true,"href":"https:\/\/br.ultramotors.org\/seminovos\/wp-json\/wp\/v2\/media\/20633"}],"wp:attachment":[{"href":"https:\/\/br.ultramotors.org\/seminovos\/wp-json\/wp\/v2\/media?parent=20632"}],"wp:term":[{"taxonomy":"category","embeddable":true,"href":"https:\/\/br.ultramotors.org\/seminovos\/wp-json\/wp\/v2\/categories?post=20632"},{"taxonomy":"post_tag","embeddable":true,"href":"https:\/\/br.ultramotors.org\/seminovos\/wp-json\/wp\/v2\/tags?post=20632"}],"curies":[{"name":"wp","href":"https:\/\/api.w.org\/{rel}","templated":true}]}}