{"id":20557,"date":"2013-02-26T23:53:11","date_gmt":"2013-02-27T02:53:11","guid":{"rendered":"http:\/\/www.ultramotors.com.br\/?p=20557"},"modified":"2014-08-11T06:08:56","modified_gmt":"2014-08-11T09:08:56","slug":"novo-i30-2013","status":"publish","type":"post","link":"https:\/\/br.ultramotors.org\/seminovos\/blog\/novo-i30-2013\/","title":{"rendered":"Novo Hyundai i30 2013"},"content":{"rendered":"<p><img loading=\"lazy\" decoding=\"async\" class=\"aligncenter size-full wp-image-20560 borderless\" title=\"Novo i30 2013\" alt=\"Novo i30 2013\" src=\"http:\/\/www.ultramotors.com.br\/wp-content\/uploads\/2013\/02\/Novo-i30-2013.jpg\" width=\"900\" height=\"421\" srcset=\"https:\/\/br.ultramotors.org\/seminovos\/wp-content\/uploads\/2013\/02\/Novo-i30-2013.jpg 900w, https:\/\/br.ultramotors.org\/seminovos\/wp-content\/uploads\/2013\/02\/Novo-i30-2013-50x23.jpg 50w, https:\/\/br.ultramotors.org\/seminovos\/wp-content\/uploads\/2013\/02\/Novo-i30-2013-200x93.jpg 200w, https:\/\/br.ultramotors.org\/seminovos\/wp-content\/uploads\/2013\/02\/Novo-i30-2013-500x233.jpg 500w, https:\/\/br.ultramotors.org\/seminovos\/wp-content\/uploads\/2013\/02\/Novo-i30-2013-100x46.jpg 100w, https:\/\/br.ultramotors.org\/seminovos\/wp-content\/uploads\/2013\/02\/Novo-i30-2013-150x70.jpg 150w\" sizes=\"auto, (max-width: 900px) 100vw, 900px\" \/><br \/>\n<a href=\"http:\/\/www.ultramotors.com.br\/?attachment_id=20561\" rel=\"nofollow noopener\" target=\"_blank\"><img loading=\"lazy\" decoding=\"async\" class=\"alignright  wp-image-20561 borderless\" title=\"Novo i30 2013 traseira\" alt=\"Novo i30 2013 traseira\" src=\"http:\/\/www.ultramotors.com.br\/wp-content\/uploads\/2013\/02\/Novo-i30-2013-traseira-500x331.jpg\" width=\"400\" height=\"265\" srcset=\"https:\/\/br.ultramotors.org\/seminovos\/wp-content\/uploads\/2013\/02\/Novo-i30-2013-traseira-500x331.jpg 500w, https:\/\/br.ultramotors.org\/seminovos\/wp-content\/uploads\/2013\/02\/Novo-i30-2013-traseira-50x33.jpg 50w, https:\/\/br.ultramotors.org\/seminovos\/wp-content\/uploads\/2013\/02\/Novo-i30-2013-traseira-200x132.jpg 200w, https:\/\/br.ultramotors.org\/seminovos\/wp-content\/uploads\/2013\/02\/Novo-i30-2013-traseira-100x66.jpg 100w, https:\/\/br.ultramotors.org\/seminovos\/wp-content\/uploads\/2013\/02\/Novo-i30-2013-traseira-150x99.jpg 150w, https:\/\/br.ultramotors.org\/seminovos\/wp-content\/uploads\/2013\/02\/Novo-i30-2013-traseira.jpg 1024w\" sizes=\"auto, (max-width: 400px) 100vw, 400px\" \/><\/a><\/p>\n<p>A nova gera\u00e7\u00e3o do Hyundai i30 j\u00e1 est\u00e1 dispon\u00edvel para venda nas concession\u00e1rias da marca no pa\u00eds. Neste momento, o <a title=\"Carros Hatch \u00e0 venda\" href=\"http:\/\/www.ultramotors.com.br\/categoria\/carros\/hatchback\/\" rel=\"nofollow noopener\" target=\"_blank\">hatch<\/a> m\u00e9dio, que ganhou mais equipamentos, novo design e motoriza\u00e7\u00e3o 1.6 Flex (bicombust\u00edvel), pode ser adquirido com c\u00e2mbio autom\u00e1tico nas cores preta e prata em duas vers\u00f5es, sendo a primeira com valor de <strong>R$ 75 mil<\/strong> e a Top de linha por R$ 85 mil.<\/p>\n<p>Ele est\u00e1 sendo denominado de novo i30 j\u00e1 que o modelo anterior continua sendo vendido &#8216;pelo menos por algum tempo&#8217;, inclusive dispon\u00edvel no site da Hyundai do Brasil. E essa medida at\u00e9 que faz sentido, pois o novo i30 recebeu design totalmente novo com linhas flu\u00eddas e fortes, novo motor 1.6 e pre\u00e7o bem superior ao i30 anterior.<\/p>\n<p>As duas vers\u00f5es do Novo i30 est\u00e3o equipadas com o pacote de itens de s\u00e9rie que conta com dire\u00e7\u00e3o assistida el\u00e9trica com op\u00e7\u00e3o Flex Steer (tr\u00eas modos de dirigibilidade), coluna de dire\u00e7\u00e3o com ajuste de altura e profundidade, piloto autom\u00e1tico, computador de bordo com tela digital, multim\u00eddia com tela de sete polegadas touchscreen, r\u00e1dio integrado com leitor de CD, MP3, DVD, Bluetooth e comandos no volante e far\u00f3is de neblina.<\/p>\n<p>[adsense]<\/p>\n<p>No pacote de seguran\u00e7a, o carro possui retrovisores externos com comando el\u00e9trico, sensor de estacionamento, c\u00e2mera de r\u00e9 embutida no logo na tampa traseira, ABS + EBD, alarme com acionamento pelo keyless, airbags, sensor de chuva e sistema de navega\u00e7\u00e3o GPS.<\/p>\n<p>Al\u00e9m desses equipamentos, na vers\u00e3o topo de linha \u00e9 acrescido teto solar, bancos, acabamento interno, volante e alavanca em couro, freio de estacionamento eletr\u00f4nico, ar-condicionado eletr\u00f4nico com visor digital, duto de aquecimento traseiro, banco do condutor com ajustes el\u00e9tricos, far\u00f3is de xen\u00f4nio, sistema de autoacendimento dos far\u00f3is, lavadores de far\u00f3is, bot\u00e3o de partida Smart Key, sistema imobilizador, grade dianteira com detalhes e logo cromados, ESP + TCS (sistemas eletr\u00f4nicos de estabilidade e sistema de controle de tra\u00e7\u00e3o).<\/p>\n<p>O Novo i30 conta com dire\u00e7\u00e3o el\u00e9trica, outro avan\u00e7o em rela\u00e7\u00e3o a gera\u00e7\u00e3o interior, conta ainda com a op\u00e7\u00e3o Flex Steer om tr\u00eas modos de opera\u00e7\u00e3o &#8211; Comfort, Normal e Sport &#8211; o sistema altera o n\u00edvel de assist\u00eancia e sensibilidade para se adequar \u00e0s condi\u00e7\u00f5es de dire\u00e7\u00e3o, tornando a viagem mais agrad\u00e1vel.<\/p>\n<p>[center]<\/p>\n<p><img loading=\"lazy\" decoding=\"async\" class=\"alignnone  wp-image-20562 borderless\" alt=\"Novo i30 2013 frente\" src=\"http:\/\/www.ultramotors.com.br\/wp-content\/uploads\/2013\/02\/Novo-i30-2013-frente-500x331.jpg\" width=\"280\" height=\"186\" title=\"\" srcset=\"https:\/\/br.ultramotors.org\/seminovos\/wp-content\/uploads\/2013\/02\/Novo-i30-2013-frente-500x331.jpg 500w, https:\/\/br.ultramotors.org\/seminovos\/wp-content\/uploads\/2013\/02\/Novo-i30-2013-frente-50x33.jpg 50w, https:\/\/br.ultramotors.org\/seminovos\/wp-content\/uploads\/2013\/02\/Novo-i30-2013-frente-200x132.jpg 200w, https:\/\/br.ultramotors.org\/seminovos\/wp-content\/uploads\/2013\/02\/Novo-i30-2013-frente-100x66.jpg 100w, https:\/\/br.ultramotors.org\/seminovos\/wp-content\/uploads\/2013\/02\/Novo-i30-2013-frente-150x99.jpg 150w, https:\/\/br.ultramotors.org\/seminovos\/wp-content\/uploads\/2013\/02\/Novo-i30-2013-frente.jpg 1024w\" sizes=\"auto, (max-width: 280px) 100vw, 280px\" \/>\u00a0<img loading=\"lazy\" decoding=\"async\" class=\"alignnone  wp-image-20566 borderless\" alt=\"Novo i30 2013 cabine\" src=\"http:\/\/www.ultramotors.com.br\/wp-content\/uploads\/2013\/02\/Novo-i30-2013-cabine-500x331.jpg\" width=\"280\" height=\"186\" title=\"\" srcset=\"https:\/\/br.ultramotors.org\/seminovos\/wp-content\/uploads\/2013\/02\/Novo-i30-2013-cabine-500x331.jpg 500w, https:\/\/br.ultramotors.org\/seminovos\/wp-content\/uploads\/2013\/02\/Novo-i30-2013-cabine-50x33.jpg 50w, https:\/\/br.ultramotors.org\/seminovos\/wp-content\/uploads\/2013\/02\/Novo-i30-2013-cabine-200x132.jpg 200w, https:\/\/br.ultramotors.org\/seminovos\/wp-content\/uploads\/2013\/02\/Novo-i30-2013-cabine-100x66.jpg 100w, https:\/\/br.ultramotors.org\/seminovos\/wp-content\/uploads\/2013\/02\/Novo-i30-2013-cabine-150x99.jpg 150w, https:\/\/br.ultramotors.org\/seminovos\/wp-content\/uploads\/2013\/02\/Novo-i30-2013-cabine.jpg 1024w\" sizes=\"auto, (max-width: 280px) 100vw, 280px\" \/>\u00a0<img loading=\"lazy\" decoding=\"async\" class=\"alignnone  wp-image-20567 borderless\" alt=\"Novo i30 2013 flex\" src=\"http:\/\/www.ultramotors.com.br\/wp-content\/uploads\/2013\/02\/Novo-i30-2013-flex-500x331.jpg\" width=\"280\" height=\"186\" title=\"\" srcset=\"https:\/\/br.ultramotors.org\/seminovos\/wp-content\/uploads\/2013\/02\/Novo-i30-2013-flex-500x331.jpg 500w, https:\/\/br.ultramotors.org\/seminovos\/wp-content\/uploads\/2013\/02\/Novo-i30-2013-flex-50x33.jpg 50w, https:\/\/br.ultramotors.org\/seminovos\/wp-content\/uploads\/2013\/02\/Novo-i30-2013-flex-200x132.jpg 200w, https:\/\/br.ultramotors.org\/seminovos\/wp-content\/uploads\/2013\/02\/Novo-i30-2013-flex-100x66.jpg 100w, https:\/\/br.ultramotors.org\/seminovos\/wp-content\/uploads\/2013\/02\/Novo-i30-2013-flex-150x99.jpg 150w, https:\/\/br.ultramotors.org\/seminovos\/wp-content\/uploads\/2013\/02\/Novo-i30-2013-flex.jpg 1024w\" sizes=\"auto, (max-width: 280px) 100vw, 280px\" \/><\/p>\n<p>[\/center]<\/p>\n<p>[pad5]<\/p>\n<p>[gn_column size=&#8221;1-2&#8243; last=&#8221;0&#8243; style=&#8221;0&#8243;]<\/p>\n<h3>Motoriza\u00e7\u00e3on<\/h3>\n<p>O i30 da nova gera\u00e7\u00e3o est\u00e1 dispon\u00edvel com o novo motor que foi desenvolvido exclusivamente para o mercado brasileiro, o Gamma 1.6 FFV Flex, de 4 cilindros, DOHC, 16 v\u00e1lvulas, S-CVVT, com pot\u00eancia m\u00e1xima de 128 cv quando abastecido com \u00e1lcool e 122 cv com gasolina (a 6.000 rpm), o torque m\u00e1ximo \u00e9 de 162 kg.f (E100) @ 5000 quando abastecido com etanol e 157 kg.f (E22) @ 4.500 com gasolina. O novo motor bicombust\u00edvel aumenta ainda mais a competitividade do modelo, al\u00e9m de oferecer \u00f3timo equil\u00edbrio entre desempenho e economia. Na minha opini\u00e3o um motor 1.6 simplesmente n\u00e3o combina com um carro que custa mais de R$ 70 mil, assim como o <a title=\"Hyundai Veloster 2013\" href=\"http:\/\/www.ultramotors.com.br\/veloster-2013\/\" rel=\"nofollow noopener\" target=\"_blank\">Veloster 2013<\/a>.[\/gn_column]<\/p>\n<p>[gn_column size=&#8221;1-2&#8243; last=&#8221;1&#8243; style=&#8221;0&#8243;]<\/p>\n<h3>Transmiss\u00e3o<\/h3>\n<p>Em conjunto com o motor Gamma 1.6 Flex est\u00e1 a nova transmiss\u00e3o autom\u00e1tica de seis velocidades com trocas sequenciais (A6GF1) e que segundo a marca oferece uma agrad\u00e1vel experi\u00eancia de rodagem e alta efici\u00eancia na economia de combust\u00edvel. O que corresponde a um \u00f3timo avan\u00e7o quanto a transmiss\u00e3o autom\u00e1tica de 4 velocidades da gera\u00e7\u00e3o anterior. Al\u00e9m disso, mais compacta e mais leve, ela pode ser operada manualmente para uma condu\u00e7\u00e3o mais esportiva e econ\u00f4mica. \u00a0Em conjunto com com o design mais compacto e leve economiza combust\u00edvel e o travamento eletr\u00f4nico da alavanca eleva a seguran\u00e7a.[\/gn_column]<\/p>\n<h3><a href=\"http:\/\/www.ultramotors.com.br\/novo-hyundai-i30-2013\/novo-i30-2013-prata\/\" rel=\"attachment wp-att-20568 nofollow noopener\" target=\"_blank\"><img loading=\"lazy\" decoding=\"async\" class=\"alignright  wp-image-20568 borderless\" title=\"Novo i30 2013 prata\" alt=\"Novo i30 2013 prata\" src=\"http:\/\/www.ultramotors.com.br\/wp-content\/uploads\/2013\/02\/Novo-i30-2013-prata-500x331.jpg\" width=\"280\" height=\"186\" srcset=\"https:\/\/br.ultramotors.org\/seminovos\/wp-content\/uploads\/2013\/02\/Novo-i30-2013-prata-500x331.jpg 500w, https:\/\/br.ultramotors.org\/seminovos\/wp-content\/uploads\/2013\/02\/Novo-i30-2013-prata-50x33.jpg 50w, https:\/\/br.ultramotors.org\/seminovos\/wp-content\/uploads\/2013\/02\/Novo-i30-2013-prata-200x132.jpg 200w, https:\/\/br.ultramotors.org\/seminovos\/wp-content\/uploads\/2013\/02\/Novo-i30-2013-prata-100x66.jpg 100w, https:\/\/br.ultramotors.org\/seminovos\/wp-content\/uploads\/2013\/02\/Novo-i30-2013-prata-150x99.jpg 150w, https:\/\/br.ultramotors.org\/seminovos\/wp-content\/uploads\/2013\/02\/Novo-i30-2013-prata.jpg 1024w\" sizes=\"auto, (max-width: 280px) 100vw, 280px\" \/><\/a>Dimens\u00f5es<\/h3>\n<p>O interior do novo i30 \u00e9 mais espa\u00e7oso, comparado ao do modelo anterior. O comprimento total (4.300 mm) e a largura (1.780 mm) aumentaram, enquanto a altura foi reduzida (1.495 mm), criando propor\u00e7\u00f5es exteriores mais esportivas sem comprometer a funcionalidade. A altura entre eixos permanece a mesma 2.650 mm.<\/p>\n<p>A capacidade de carga do i30 da nova gera\u00e7\u00e3o \u00e9 de 378 litros com os assentos traseiros em posi\u00e7\u00e3o normal &#8211; um aumento de dez por cento, comparada \u00e0 do modelo original. O tanque de combust\u00edvel tem capacidade para 53 litros.<\/p>\n<p>[adsense]<\/p>\n","protected":false},"excerpt":{"rendered":"<p>A nova gera\u00e7\u00e3o do Hyundai i30 j\u00e1 est\u00e1 dispon\u00edvel para venda nas concession\u00e1rias da marca no pa\u00eds. Neste momento, o hatch m\u00e9dio, que ganhou mais equipamentos, novo design e motoriza\u00e7\u00e3o 1.6 Flex (bicombust\u00edvel), pode ser adquirido com c\u00e2mbio autom\u00e1tico nas cores preta e prata em duas vers\u00f5es, sendo a primeira com valor de R$ 75 [&hellip;]<\/p>\n","protected":false},"author":1,"featured_media":20570,"comment_status":"open","ping_status":"open","sticky":false,"template":"","format":"standard","meta":{"footnotes":""},"categories":[1],"tags":[],"class_list":["post-20557","post","type-post","status-publish","format-standard","has-post-thumbnail","hentry","category-blog"],"_links":{"self":[{"href":"https:\/\/br.ultramotors.org\/seminovos\/wp-json\/wp\/v2\/posts\/20557","targetHints":{"allow":["GET"]}}],"collection":[{"href":"https:\/\/br.ultramotors.org\/seminovos\/wp-json\/wp\/v2\/posts"}],"about":[{"href":"https:\/\/br.ultramotors.org\/seminovos\/wp-json\/wp\/v2\/types\/post"}],"author":[{"embeddable":true,"href":"https:\/\/br.ultramotors.org\/seminovos\/wp-json\/wp\/v2\/users\/1"}],"replies":[{"embeddable":true,"href":"https:\/\/br.ultramotors.org\/seminovos\/wp-json\/wp\/v2\/comments?post=20557"}],"version-history":[{"count":0,"href":"https:\/\/br.ultramotors.org\/seminovos\/wp-json\/wp\/v2\/posts\/20557\/revisions"}],"wp:featuredmedia":[{"embeddable":true,"href":"https:\/\/br.ultramotors.org\/seminovos\/wp-json\/wp\/v2\/media\/20570"}],"wp:attachment":[{"href":"https:\/\/br.ultramotors.org\/seminovos\/wp-json\/wp\/v2\/media?parent=20557"}],"wp:term":[{"taxonomy":"category","embeddable":true,"href":"https:\/\/br.ultramotors.org\/seminovos\/wp-json\/wp\/v2\/categories?post=20557"},{"taxonomy":"post_tag","embeddable":true,"href":"https:\/\/br.ultramotors.org\/seminovos\/wp-json\/wp\/v2\/tags?post=20557"}],"curies":[{"name":"wp","href":"https:\/\/api.w.org\/{rel}","templated":true}]}}